{"id":688,"date":"2016-04-26T10:24:00","date_gmt":"2016-04-26T10:24:00","guid":{"rendered":"https:\/\/pre.cercledecultura.org\/dia_mundial_propietat_intellectual\/"},"modified":"2021-02-23T09:59:29","modified_gmt":"2021-02-23T09:59:29","slug":"dia_mundial_propietat_intellectual","status":"publish","type":"post","link":"https:\/\/www.cercledecultura.org\/ca\/dia_mundial_propietat_intellectual\/","title":{"rendered":"El dia mundial de la propietat intel\u00b7lectual 2016 es dedica a la cultura"},"content":{"rendered":"<p>L&#8217;any 2000 es va acordar instituir el 26 d&#8217;abril com a dia mundial de la propietat intel\u00b7lectual. Enguany, el dia mundial est\u00e0 dedicat a la cultura i el lema de les activitats que s&#8217;estan organitzant a nivell internacional sota l&#8217;impuls de l&#8217;Organitzaci\u00f3 Mundial de la Propietat Intel\u00b7lectual, OMPI, \u00e9s &#8220;creativitat digital: reiventar la cultura&#8221;. Una data que ha de servir per reflexionar, segons l&#8217;OMPI, que dins el nou escenari tecnol\u00f2gic, amb p\u00fablics massius que consumeixen continguts culturals, &#8220;es trobi un equilibri adequat per premiar els creadors i innovadors, que enriqueixen les nostres vides i al mateix temps afavoreixen el b\u00e9 social que significa l&#8217;acc\u00e9s generalitzat a les seves obres&#8221;. Una crida a la reflexi\u00f3 que coincideix en uns moments on la UE est\u00e0 caminant decididament per la consolidaci\u00f3 d&#8217;un mercat \u00fanic digital.  Com a pr\u00e8via a aquest dia mundial de la propietat intel\u00b7lectual, l&#8217;OMPI va organitzar la setmana passada a Ginebra una confer\u00e8ncia sobre el mercat mundial dels continguts digitals, en la que s&#8217;analitz\u00e0 el present i futur de la m\u00fasica, el cinema, els continguts televisius i radiof\u00f2nics, i el sector editorial, davant l&#8217;evoluci\u00f3 dels seus respectius mercats del m\u00f3n anal\u00f2gic al digital i dels canvis en els mateixos processos de creaci\u00f3 i producci\u00f3 cultural. El dirrector general de l&#8217;OMPI, Francis Guy va destacar que &#8220;el dret d&#8217;autor \u00e9s el mecanisme central en la generaci\u00f3 d&#8217;obres creatives, o dit d&#8217;una altra manera, en la interf\u00edcie principal entre el m\u00f3n de la creativitat i l&#8217;economia. \u00c9s el mitj\u00e0 que permet l&#8217;intercanvi comercial d&#8217;obres creatives i culturals. I tamb\u00e9 \u00e9s el mitj\u00e0 principal per a finan\u00e7ar-les, i permet que el creador controli l&#8217;explotaci\u00f3 comercial de les seves obres, cosa que garanteix la sostenibilitat dels sectors creatius&#8221;.<\/p>\n","protected":false},"excerpt":{"rendered":"<p>Enguany, el dia mundial de la propietat intel\u00b7lectual, que des de fa setze anys se celebra el 26 d&#8217;abril, porta com a lema &#8220;creativitat digital: reinventar la cultura&#8221;. Una diada que ha vingut precedida per una jornada internacional dedicada al present i futur dels continguts digitals, en el que s&#8217;ha destacat la import\u00e0ncia de defensar la propietat intel\u00b7lectual per a la sostenibilitat econ\u00f2mica de la cultura i les seves ind\u00fastries.<\/p>\n","protected":false},"author":1,"featured_media":689,"comment_status":"open","ping_status":"closed","sticky":false,"template":"","format":"standard","meta":{"footnotes":""},"categories":[26],"tags":[15,84,5,128,172,117,231,241],"class_list":["post-688","post","type-post","status-publish","format-standard","has-post-thumbnail","hentry","category-noticies","tag-art","tag-creacio","tag-cultura","tag-difusio","tag-ompi","tag-propietat-intellectual","tag-tic","tag-wipo"],"yoast_head":"<!-- This site is optimized with the Yoast SEO plugin v27.4 - https:\/\/yoast.com\/product\/yoast-seo-wordpress\/ -->\n<title>El dia mundial de la propietat intel\u00b7lectual 2016 es dedica a la cultura - Cercle de Cultura<\/title>\n<meta name=\"robots\" content=\"index, follow, max-snippet:-1, max-image-preview:large, max-video-preview:-1\" \/>\n<link rel=\"canonical\" href=\"https:\/\/www.cercledecultura.org\/ca\/dia_mundial_propietat_intellectual\/\" \/>\n<meta property=\"og:locale\" content=\"ca_ES\" \/>\n<meta property=\"og:type\" content=\"article\" \/>\n<meta property=\"og:title\" content=\"El dia mundial de la propietat intel\u00b7lectual 2016 es dedica a la cultura - Cercle de Cultura\" \/>\n<meta property=\"og:description\" content=\"Enguany, el dia mundial de la propietat intel\u00b7lectual, que des de fa setze anys se celebra el 26 d&#039;abril, porta com a lema &quot;creativitat digital: reinventar la cultura&quot;. Una diada que ha vingut precedida per una jornada internacional dedicada al present i futur dels continguts digitals, en el que s&#039;ha destacat la import\u00e0ncia de defensar la propietat intel\u00b7lectual per a la sostenibilitat econ\u00f2mica de la cultura i les seves ind\u00fastries.\" \/>\n<meta property=\"og:url\" content=\"https:\/\/www.cercledecultura.org\/ca\/dia_mundial_propietat_intellectual\/\" \/>\n<meta property=\"og:site_name\" content=\"Cercle de Cultura\" \/>\n<meta property=\"article:published_time\" content=\"2016-04-26T10:24:00+00:00\" \/>\n<meta property=\"article:modified_time\" content=\"2021-02-23T09:59:29+00:00\" \/>\n<meta property=\"og:image\" content=\"https:\/\/www.cercledecultura.org\/wp-content\/uploads\/2021\/02\/AO84ZKyjT0GvLVG5RIQOeg.png\" \/>\n\t<meta property=\"og:image:width\" content=\"300\" \/>\n\t<meta property=\"og:image:height\" content=\"200\" \/>\n\t<meta property=\"og:image:type\" content=\"image\/png\" \/>\n<meta name=\"author\" content=\"admin\" \/>\n<meta name=\"twitter:card\" content=\"summary_large_image\" \/>\n<meta name=\"twitter:label1\" content=\"Escrit per\" \/>\n\t<meta name=\"twitter:data1\" content=\"admin\" \/>\n\t<meta name=\"twitter:label2\" content=\"Temps estimat de lectura\" \/>\n\t<meta name=\"twitter:data2\" content=\"1 minut\" \/>\n<script type=\"application\/ld+json\" class=\"yoast-schema-graph\">{\"@context\":\"https:\\\/\\\/schema.org\",\"@graph\":[{\"@type\":\"Article\",\"@id\":\"https:\\\/\\\/www.cercledecultura.org\\\/ca\\\/dia_mundial_propietat_intellectual\\\/#article\",\"isPartOf\":{\"@id\":\"https:\\\/\\\/www.cercledecultura.org\\\/ca\\\/dia_mundial_propietat_intellectual\\\/\"},\"author\":{\"name\":\"admin\",\"@id\":\"https:\\\/\\\/www.cercledecultura.org\\\/ca\\\/#\\\/schema\\\/person\\\/269db25cfadcb4bd2e41781c819942f9\"},\"headline\":\"El dia mundial de la propietat intel\u00b7lectual 2016 es dedica a la cultura\",\"datePublished\":\"2016-04-26T10:24:00+00:00\",\"dateModified\":\"2021-02-23T09:59:29+00:00\",\"mainEntityOfPage\":{\"@id\":\"https:\\\/\\\/www.cercledecultura.org\\\/ca\\\/dia_mundial_propietat_intellectual\\\/\"},\"wordCount\":329,\"commentCount\":0,\"publisher\":{\"@id\":\"https:\\\/\\\/www.cercledecultura.org\\\/ca\\\/#organization\"},\"image\":{\"@id\":\"https:\\\/\\\/www.cercledecultura.org\\\/ca\\\/dia_mundial_propietat_intellectual\\\/#primaryimage\"},\"thumbnailUrl\":\"https:\\\/\\\/www.cercledecultura.org\\\/wp-content\\\/uploads\\\/2021\\\/02\\\/AO84ZKyjT0GvLVG5RIQOeg.png\",\"keywords\":[\"Art\",\"creaci\u00f3\",\"Cultura\",\"difusi\u00f3\",\"OMPI\",\"propietat intel\u00b7lectual\",\"TIC\",\"WIPO\"],\"articleSection\":[\"Not\u00edcies\"],\"inLanguage\":\"ca\",\"potentialAction\":[{\"@type\":\"CommentAction\",\"name\":\"Comment\",\"target\":[\"https:\\\/\\\/www.cercledecultura.org\\\/ca\\\/dia_mundial_propietat_intellectual\\\/#respond\"]}]},{\"@type\":\"WebPage\",\"@id\":\"https:\\\/\\\/www.cercledecultura.org\\\/ca\\\/dia_mundial_propietat_intellectual\\\/\",\"url\":\"https:\\\/\\\/www.cercledecultura.org\\\/ca\\\/dia_mundial_propietat_intellectual\\\/\",\"name\":\"El dia mundial de la propietat intel\u00b7lectual 2016 es dedica a la cultura - Cercle de Cultura\",\"isPartOf\":{\"@id\":\"https:\\\/\\\/www.cercledecultura.org\\\/ca\\\/#website\"},\"primaryImageOfPage\":{\"@id\":\"https:\\\/\\\/www.cercledecultura.org\\\/ca\\\/dia_mundial_propietat_intellectual\\\/#primaryimage\"},\"image\":{\"@id\":\"https:\\\/\\\/www.cercledecultura.org\\\/ca\\\/dia_mundial_propietat_intellectual\\\/#primaryimage\"},\"thumbnailUrl\":\"https:\\\/\\\/www.cercledecultura.org\\\/wp-content\\\/uploads\\\/2021\\\/02\\\/AO84ZKyjT0GvLVG5RIQOeg.png\",\"datePublished\":\"2016-04-26T10:24:00+00:00\",\"dateModified\":\"2021-02-23T09:59:29+00:00\",\"breadcrumb\":{\"@id\":\"https:\\\/\\\/www.cercledecultura.org\\\/ca\\\/dia_mundial_propietat_intellectual\\\/#breadcrumb\"},\"inLanguage\":\"ca\",\"potentialAction\":[{\"@type\":\"ReadAction\",\"target\":[\"https:\\\/\\\/www.cercledecultura.org\\\/ca\\\/dia_mundial_propietat_intellectual\\\/\"]}]},{\"@type\":\"ImageObject\",\"inLanguage\":\"ca\",\"@id\":\"https:\\\/\\\/www.cercledecultura.org\\\/ca\\\/dia_mundial_propietat_intellectual\\\/#primaryimage\",\"url\":\"https:\\\/\\\/www.cercledecultura.org\\\/wp-content\\\/uploads\\\/2021\\\/02\\\/AO84ZKyjT0GvLVG5RIQOeg.png\",\"contentUrl\":\"https:\\\/\\\/www.cercledecultura.org\\\/wp-content\\\/uploads\\\/2021\\\/02\\\/AO84ZKyjT0GvLVG5RIQOeg.png\",\"width\":300,\"height\":200},{\"@type\":\"BreadcrumbList\",\"@id\":\"https:\\\/\\\/www.cercledecultura.org\\\/ca\\\/dia_mundial_propietat_intellectual\\\/#breadcrumb\",\"itemListElement\":[{\"@type\":\"ListItem\",\"position\":1,\"name\":\"Portada\",\"item\":\"https:\\\/\\\/www.cercledecultura.org\\\/ca\\\/\"},{\"@type\":\"ListItem\",\"position\":2,\"name\":\"El dia mundial de la propietat intel\u00b7lectual 2016 es dedica a la cultura\"}]},{\"@type\":\"WebSite\",\"@id\":\"https:\\\/\\\/www.cercledecultura.org\\\/ca\\\/#website\",\"url\":\"https:\\\/\\\/www.cercledecultura.org\\\/ca\\\/\",\"name\":\"Cercle de Cultura\",\"description\":\"Entitat de car\u00e0cter privat i associatiu, independent, amb voluntat de participar en la vida p\u00fablica des de la pluralitat ideol\u00f2gica dels seus membres fundadors i futurs associats\",\"publisher\":{\"@id\":\"https:\\\/\\\/www.cercledecultura.org\\\/ca\\\/#organization\"},\"potentialAction\":[{\"@type\":\"SearchAction\",\"target\":{\"@type\":\"EntryPoint\",\"urlTemplate\":\"https:\\\/\\\/www.cercledecultura.org\\\/ca\\\/?s={search_term_string}\"},\"query-input\":{\"@type\":\"PropertyValueSpecification\",\"valueRequired\":true,\"valueName\":\"search_term_string\"}}],\"inLanguage\":\"ca\"},{\"@type\":\"Organization\",\"@id\":\"https:\\\/\\\/www.cercledecultura.org\\\/ca\\\/#organization\",\"name\":\"Cercle de Cultura\",\"url\":\"https:\\\/\\\/www.cercledecultura.org\\\/ca\\\/\",\"logo\":{\"@type\":\"ImageObject\",\"inLanguage\":\"ca\",\"@id\":\"https:\\\/\\\/www.cercledecultura.org\\\/ca\\\/#\\\/schema\\\/logo\\\/image\\\/\",\"url\":\"https:\\\/\\\/www.cercledecultura.org\\\/wp-content\\\/uploads\\\/2020\\\/01\\\/logo-cercle-de-cultura.png\",\"contentUrl\":\"https:\\\/\\\/www.cercledecultura.org\\\/wp-content\\\/uploads\\\/2020\\\/01\\\/logo-cercle-de-cultura.png\",\"width\":350,\"height\":195,\"caption\":\"Cercle de Cultura\"},\"image\":{\"@id\":\"https:\\\/\\\/www.cercledecultura.org\\\/ca\\\/#\\\/schema\\\/logo\\\/image\\\/\"}},{\"@type\":\"Person\",\"@id\":\"https:\\\/\\\/www.cercledecultura.org\\\/ca\\\/#\\\/schema\\\/person\\\/269db25cfadcb4bd2e41781c819942f9\",\"name\":\"admin\",\"image\":{\"@type\":\"ImageObject\",\"inLanguage\":\"ca\",\"@id\":\"https:\\\/\\\/secure.gravatar.com\\\/avatar\\\/e88a8bb50a361c6d45c4709770a3d765016be4b5d85313447b91d0d707434ad9?s=96&d=mm&r=g\",\"url\":\"https:\\\/\\\/secure.gravatar.com\\\/avatar\\\/e88a8bb50a361c6d45c4709770a3d765016be4b5d85313447b91d0d707434ad9?s=96&d=mm&r=g\",\"contentUrl\":\"https:\\\/\\\/secure.gravatar.com\\\/avatar\\\/e88a8bb50a361c6d45c4709770a3d765016be4b5d85313447b91d0d707434ad9?s=96&d=mm&r=g\",\"caption\":\"admin\"},\"url\":\"https:\\\/\\\/www.cercledecultura.org\\\/ca\\\/author\\\/seic_trzh7tdr\\\/\"}]}<\/script>\n<!-- \/ Yoast SEO plugin. -->","yoast_head_json":{"title":"El dia mundial de la propietat intel\u00b7lectual 2016 es dedica a la cultura - Cercle de Cultura","robots":{"index":"index","follow":"follow","max-snippet":"max-snippet:-1","max-image-preview":"max-image-preview:large","max-video-preview":"max-video-preview:-1"},"canonical":"https:\/\/www.cercledecultura.org\/ca\/dia_mundial_propietat_intellectual\/","og_locale":"ca_ES","og_type":"article","og_title":"El dia mundial de la propietat intel\u00b7lectual 2016 es dedica a la cultura - Cercle de Cultura","og_description":"Enguany, el dia mundial de la propietat intel\u00b7lectual, que des de fa setze anys se celebra el 26 d'abril, porta com a lema \"creativitat digital: reinventar la cultura\". Una diada que ha vingut precedida per una jornada internacional dedicada al present i futur dels continguts digitals, en el que s'ha destacat la import\u00e0ncia de defensar la propietat intel\u00b7lectual per a la sostenibilitat econ\u00f2mica de la cultura i les seves ind\u00fastries.","og_url":"https:\/\/www.cercledecultura.org\/ca\/dia_mundial_propietat_intellectual\/","og_site_name":"Cercle de Cultura","article_published_time":"2016-04-26T10:24:00+00:00","article_modified_time":"2021-02-23T09:59:29+00:00","og_image":[{"width":300,"height":200,"url":"https:\/\/www.cercledecultura.org\/wp-content\/uploads\/2021\/02\/AO84ZKyjT0GvLVG5RIQOeg.png","type":"image\/png"}],"author":"admin","twitter_card":"summary_large_image","twitter_misc":{"Escrit per":"admin","Temps estimat de lectura":"1 minut"},"schema":{"@context":"https:\/\/schema.org","@graph":[{"@type":"Article","@id":"https:\/\/www.cercledecultura.org\/ca\/dia_mundial_propietat_intellectual\/#article","isPartOf":{"@id":"https:\/\/www.cercledecultura.org\/ca\/dia_mundial_propietat_intellectual\/"},"author":{"name":"admin","@id":"https:\/\/www.cercledecultura.org\/ca\/#\/schema\/person\/269db25cfadcb4bd2e41781c819942f9"},"headline":"El dia mundial de la propietat intel\u00b7lectual 2016 es dedica a la cultura","datePublished":"2016-04-26T10:24:00+00:00","dateModified":"2021-02-23T09:59:29+00:00","mainEntityOfPage":{"@id":"https:\/\/www.cercledecultura.org\/ca\/dia_mundial_propietat_intellectual\/"},"wordCount":329,"commentCount":0,"publisher":{"@id":"https:\/\/www.cercledecultura.org\/ca\/#organization"},"image":{"@id":"https:\/\/www.cercledecultura.org\/ca\/dia_mundial_propietat_intellectual\/#primaryimage"},"thumbnailUrl":"https:\/\/www.cercledecultura.org\/wp-content\/uploads\/2021\/02\/AO84ZKyjT0GvLVG5RIQOeg.png","keywords":["Art","creaci\u00f3","Cultura","difusi\u00f3","OMPI","propietat intel\u00b7lectual","TIC","WIPO"],"articleSection":["Not\u00edcies"],"inLanguage":"ca","potentialAction":[{"@type":"CommentAction","name":"Comment","target":["https:\/\/www.cercledecultura.org\/ca\/dia_mundial_propietat_intellectual\/#respond"]}]},{"@type":"WebPage","@id":"https:\/\/www.cercledecultura.org\/ca\/dia_mundial_propietat_intellectual\/","url":"https:\/\/www.cercledecultura.org\/ca\/dia_mundial_propietat_intellectual\/","name":"El dia mundial de la propietat intel\u00b7lectual 2016 es dedica a la cultura - Cercle de Cultura","isPartOf":{"@id":"https:\/\/www.cercledecultura.org\/ca\/#website"},"primaryImageOfPage":{"@id":"https:\/\/www.cercledecultura.org\/ca\/dia_mundial_propietat_intellectual\/#primaryimage"},"image":{"@id":"https:\/\/www.cercledecultura.org\/ca\/dia_mundial_propietat_intellectual\/#primaryimage"},"thumbnailUrl":"https:\/\/www.cercledecultura.org\/wp-content\/uploads\/2021\/02\/AO84ZKyjT0GvLVG5RIQOeg.png","datePublished":"2016-04-26T10:24:00+00:00","dateModified":"2021-02-23T09:59:29+00:00","breadcrumb":{"@id":"https:\/\/www.cercledecultura.org\/ca\/dia_mundial_propietat_intellectual\/#breadcrumb"},"inLanguage":"ca","potentialAction":[{"@type":"ReadAction","target":["https:\/\/www.cercledecultura.org\/ca\/dia_mundial_propietat_intellectual\/"]}]},{"@type":"ImageObject","inLanguage":"ca","@id":"https:\/\/www.cercledecultura.org\/ca\/dia_mundial_propietat_intellectual\/#primaryimage","url":"https:\/\/www.cercledecultura.org\/wp-content\/uploads\/2021\/02\/AO84ZKyjT0GvLVG5RIQOeg.png","contentUrl":"https:\/\/www.cercledecultura.org\/wp-content\/uploads\/2021\/02\/AO84ZKyjT0GvLVG5RIQOeg.png","width":300,"height":200},{"@type":"BreadcrumbList","@id":"https:\/\/www.cercledecultura.org\/ca\/dia_mundial_propietat_intellectual\/#breadcrumb","itemListElement":[{"@type":"ListItem","position":1,"name":"Portada","item":"https:\/\/www.cercledecultura.org\/ca\/"},{"@type":"ListItem","position":2,"name":"El dia mundial de la propietat intel\u00b7lectual 2016 es dedica a la cultura"}]},{"@type":"WebSite","@id":"https:\/\/www.cercledecultura.org\/ca\/#website","url":"https:\/\/www.cercledecultura.org\/ca\/","name":"Cercle de Cultura","description":"Entitat de car\u00e0cter privat i associatiu, independent, amb voluntat de participar en la vida p\u00fablica des de la pluralitat ideol\u00f2gica dels seus membres fundadors i futurs associats","publisher":{"@id":"https:\/\/www.cercledecultura.org\/ca\/#organization"},"potentialAction":[{"@type":"SearchAction","target":{"@type":"EntryPoint","urlTemplate":"https:\/\/www.cercledecultura.org\/ca\/?s={search_term_string}"},"query-input":{"@type":"PropertyValueSpecification","valueRequired":true,"valueName":"search_term_string"}}],"inLanguage":"ca"},{"@type":"Organization","@id":"https:\/\/www.cercledecultura.org\/ca\/#organization","name":"Cercle de Cultura","url":"https:\/\/www.cercledecultura.org\/ca\/","logo":{"@type":"ImageObject","inLanguage":"ca","@id":"https:\/\/www.cercledecultura.org\/ca\/#\/schema\/logo\/image\/","url":"https:\/\/www.cercledecultura.org\/wp-content\/uploads\/2020\/01\/logo-cercle-de-cultura.png","contentUrl":"https:\/\/www.cercledecultura.org\/wp-content\/uploads\/2020\/01\/logo-cercle-de-cultura.png","width":350,"height":195,"caption":"Cercle de Cultura"},"image":{"@id":"https:\/\/www.cercledecultura.org\/ca\/#\/schema\/logo\/image\/"}},{"@type":"Person","@id":"https:\/\/www.cercledecultura.org\/ca\/#\/schema\/person\/269db25cfadcb4bd2e41781c819942f9","name":"admin","image":{"@type":"ImageObject","inLanguage":"ca","@id":"https:\/\/secure.gravatar.com\/avatar\/e88a8bb50a361c6d45c4709770a3d765016be4b5d85313447b91d0d707434ad9?s=96&d=mm&r=g","url":"https:\/\/secure.gravatar.com\/avatar\/e88a8bb50a361c6d45c4709770a3d765016be4b5d85313447b91d0d707434ad9?s=96&d=mm&r=g","contentUrl":"https:\/\/secure.gravatar.com\/avatar\/e88a8bb50a361c6d45c4709770a3d765016be4b5d85313447b91d0d707434ad9?s=96&d=mm&r=g","caption":"admin"},"url":"https:\/\/www.cercledecultura.org\/ca\/author\/seic_trzh7tdr\/"}]}},"_links":{"self":[{"href":"https:\/\/www.cercledecultura.org\/ca\/wp-json\/wp\/v2\/posts\/688","targetHints":{"allow":["GET"]}}],"collection":[{"href":"https:\/\/www.cercledecultura.org\/ca\/wp-json\/wp\/v2\/posts"}],"about":[{"href":"https:\/\/www.cercledecultura.org\/ca\/wp-json\/wp\/v2\/types\/post"}],"author":[{"embeddable":true,"href":"https:\/\/www.cercledecultura.org\/ca\/wp-json\/wp\/v2\/users\/1"}],"replies":[{"embeddable":true,"href":"https:\/\/www.cercledecultura.org\/ca\/wp-json\/wp\/v2\/comments?post=688"}],"version-history":[{"count":1,"href":"https:\/\/www.cercledecultura.org\/ca\/wp-json\/wp\/v2\/posts\/688\/revisions"}],"predecessor-version":[{"id":1102,"href":"https:\/\/www.cercledecultura.org\/ca\/wp-json\/wp\/v2\/posts\/688\/revisions\/1102"}],"wp:featuredmedia":[{"embeddable":true,"href":"https:\/\/www.cercledecultura.org\/ca\/wp-json\/wp\/v2\/media\/689"}],"wp:attachment":[{"href":"https:\/\/www.cercledecultura.org\/ca\/wp-json\/wp\/v2\/media?parent=688"}],"wp:term":[{"taxonomy":"category","embeddable":true,"href":"https:\/\/www.cercledecultura.org\/ca\/wp-json\/wp\/v2\/categories?post=688"},{"taxonomy":"post_tag","embeddable":true,"href":"https:\/\/www.cercledecultura.org\/ca\/wp-json\/wp\/v2\/tags?post=688"}],"curies":[{"name":"wp","href":"https:\/\/api.w.org\/{rel}","templated":true}]}}