{"id":686,"date":"2016-04-15T00:08:00","date_gmt":"2016-04-15T00:08:00","guid":{"rendered":"https:\/\/pre.cercledecultura.org\/anuari_tic_art_festivals-cultura\/"},"modified":"2021-02-23T09:59:30","modified_gmt":"2021-02-23T09:59:30","slug":"anuari_tic_art_festivals-cultura","status":"publish","type":"post","link":"https:\/\/www.cercledecultura.org\/ca\/anuari_tic_art_festivals-cultura\/","title":{"rendered":"Es presenta un estudi sobre l&#8217;impacte de les noves tecnologies en la creaci\u00f3 art\u00edstica"},"content":{"rendered":"<p>L&#8217;Anuari de l&#8217;organisme Acci\u00f3n Cultural Espa\u00f1ola de Cultura Digital 2016 estudia l&#8217;impacte de les noves tecnologies en la creaci\u00f3 art\u00edstica, aix\u00ed com el seu \u00fas als festivals culturals, a partir d\u2019una cinquantena de casos analitzats de diversos pa\u00efsos. La tecnologia est\u00e0 donant a l\u2019art nous canals d\u2019expressi\u00f3 i exhibici\u00f3, i tamb\u00e9 ofereix la possibilitat als festivals a obrir-se a nous p\u00fablics i adoptar nous models organitzatius. Aquest anuari ofereix una acurada panor\u00e0mica sobre el proc\u00e9s de canvis dins l\u2019art, amb expressions com el digital art o les exposicions d\u2019art en streaming.  Un cap\u00edtol destacat d\u2019aquest informe \u00e9s el dedicat als festivals, a partir de l\u2019estudi d\u2019uns 50\u00a0 casos de tot el m\u00f3n que utilitzen intensament les TIC, fins al punt que alguns ja s\u00f3n online. Uns festivals que mostren tamb\u00e9 un canvi en l\u2019\u00fas de les xarxes socials, que expandeixen en el temps el car\u00e0cter ef\u00edmer dels festivals amb l\u2019\u00fas bidireccional de les xarxes. Aplicacions com Periscope, Hangout i la seva connexi\u00f3 a Youtube, o la recent estrena del Live de Facebook, estan permetent que cada cop es faciliti la projecci\u00f3 d\u2019aquests festivals.  Aquesta nova etapa en les relacions entre les organitzacions dels festivals i el p\u00fablic queda exemplificada en casos com el del Festival Internacional de Cinema Fant\u00e0stic de Catalunya, amb l\u2019\u00fas d\u2019aplicacions pr\u00f2pies per als m\u00f2bils (app) que permeten orientar i adre\u00e7ar-se a diferents tipus de p\u00fablic de forma directa. Un altre cas estudiat \u00e9s el S\u00f2nar i la seva cont\u00ednua revoluci\u00f3 en l\u2019exploraci\u00f3 de l\u2019art tecnol\u00f2gic vinculat a la m\u00fasica.  L\u2019anuari tamb\u00e9\u00a0 tracta altres temes com\u00a0 la nova economia col\u00b7laborativa, com el micromecenatge, o els canvis en els mercats i les formes de produir i comercialitzar l&#8217;obra art\u00edstica.<\/p>\n","protected":false},"excerpt":{"rendered":"<p>El darrer anuari d&#8217;Acci\u00f3n Cultural Espa\u00f1ola cont\u00e9 un estudi de gran inter\u00e8s sobre la creixent influ\u00e8ncia del m\u00f3n d&#8217;internet en l&#8217;art, i analitza l&#8217;\u00fas de les TIC als festivals culturals de diversos pa\u00efsos.<\/p>\n","protected":false},"author":1,"featured_media":687,"comment_status":"open","ping_status":"closed","sticky":false,"template":"","format":"standard","meta":{"footnotes":""},"categories":[26],"tags":[233,15,5,236,234,232,238,221,18,235,23,237,239,231,240],"class_list":["post-686","post","type-post","status-publish","format-standard","has-post-thumbnail","hentry","category-noticies","tag-ac-e","tag-art","tag-cultura","tag-digital-art","tag-estudi","tag-festival","tag-festival-inernacional-de-cinema-fantastic-de-sitges","tag-gestor-cultural","tag-internet","tag-micromecenatge","tag-public","tag-sonar","tag-streaming","tag-tic","tag-xarxes-socials"],"yoast_head":"<!-- This site is optimized with the Yoast SEO plugin v27.4 - https:\/\/yoast.com\/product\/yoast-seo-wordpress\/ -->\n<title>Es presenta un estudi sobre l&#039;impacte de les noves tecnologies en la creaci\u00f3 art\u00edstica - Cercle de Cultura<\/title>\n<meta name=\"robots\" content=\"index, follow, max-snippet:-1, max-image-preview:large, max-video-preview:-1\" \/>\n<link rel=\"canonical\" href=\"https:\/\/www.cercledecultura.org\/ca\/anuari_tic_art_festivals-cultura\/\" \/>\n<meta property=\"og:locale\" content=\"ca_ES\" \/>\n<meta property=\"og:type\" content=\"article\" \/>\n<meta property=\"og:title\" content=\"Es presenta un estudi sobre l&#039;impacte de les noves tecnologies en la creaci\u00f3 art\u00edstica - Cercle de Cultura\" \/>\n<meta property=\"og:description\" content=\"El darrer anuari d&#039;Acci\u00f3n Cultural Espa\u00f1ola cont\u00e9 un estudi de gran inter\u00e8s sobre la creixent influ\u00e8ncia del m\u00f3n d&#039;internet en l&#039;art, i analitza l&#039;\u00fas de les TIC als festivals culturals de diversos pa\u00efsos.\" \/>\n<meta property=\"og:url\" content=\"https:\/\/www.cercledecultura.org\/ca\/anuari_tic_art_festivals-cultura\/\" \/>\n<meta property=\"og:site_name\" content=\"Cercle de Cultura\" \/>\n<meta property=\"article:published_time\" content=\"2016-04-15T00:08:00+00:00\" \/>\n<meta property=\"article:modified_time\" content=\"2021-02-23T09:59:30+00:00\" \/>\n<meta property=\"og:image\" content=\"https:\/\/www.cercledecultura.org\/wp-content\/uploads\/2021\/02\/AsfD8dx9YkKVedML495fuA.png\" \/>\n\t<meta property=\"og:image:width\" content=\"555\" \/>\n\t<meta property=\"og:image:height\" content=\"370\" \/>\n\t<meta property=\"og:image:type\" content=\"image\/png\" \/>\n<meta name=\"author\" content=\"admin\" \/>\n<meta name=\"twitter:card\" content=\"summary_large_image\" \/>\n<meta name=\"twitter:label1\" content=\"Escrit per\" \/>\n\t<meta name=\"twitter:data1\" content=\"admin\" \/>\n\t<meta name=\"twitter:label2\" content=\"Temps estimat de lectura\" \/>\n\t<meta name=\"twitter:data2\" content=\"2 minuts\" \/>\n<script type=\"application\/ld+json\" class=\"yoast-schema-graph\">{\"@context\":\"https:\\\/\\\/schema.org\",\"@graph\":[{\"@type\":\"Article\",\"@id\":\"https:\\\/\\\/www.cercledecultura.org\\\/ca\\\/anuari_tic_art_festivals-cultura\\\/#article\",\"isPartOf\":{\"@id\":\"https:\\\/\\\/www.cercledecultura.org\\\/ca\\\/anuari_tic_art_festivals-cultura\\\/\"},\"author\":{\"name\":\"admin\",\"@id\":\"https:\\\/\\\/www.cercledecultura.org\\\/ca\\\/#\\\/schema\\\/person\\\/269db25cfadcb4bd2e41781c819942f9\"},\"headline\":\"Es presenta un estudi sobre l&#8217;impacte de les noves tecnologies en la creaci\u00f3 art\u00edstica\",\"datePublished\":\"2016-04-15T00:08:00+00:00\",\"dateModified\":\"2021-02-23T09:59:30+00:00\",\"mainEntityOfPage\":{\"@id\":\"https:\\\/\\\/www.cercledecultura.org\\\/ca\\\/anuari_tic_art_festivals-cultura\\\/\"},\"wordCount\":339,\"commentCount\":0,\"publisher\":{\"@id\":\"https:\\\/\\\/www.cercledecultura.org\\\/ca\\\/#organization\"},\"image\":{\"@id\":\"https:\\\/\\\/www.cercledecultura.org\\\/ca\\\/anuari_tic_art_festivals-cultura\\\/#primaryimage\"},\"thumbnailUrl\":\"https:\\\/\\\/www.cercledecultura.org\\\/wp-content\\\/uploads\\\/2021\\\/02\\\/AsfD8dx9YkKVedML495fuA.png\",\"keywords\":[\"AC\\\/E\",\"Art\",\"Cultura\",\"digital art\",\"estudi\",\"festival\",\"Festival Inernacional de Cinema Fant\u00e0stic de Sitges\",\"gestor cultural\",\"Internet\",\"micromecenatge\",\"P\u00fablic\",\"S\u00f2nar\",\"streaming\",\"TIC\",\"xarxes socials\"],\"articleSection\":[\"Not\u00edcies\"],\"inLanguage\":\"ca\",\"potentialAction\":[{\"@type\":\"CommentAction\",\"name\":\"Comment\",\"target\":[\"https:\\\/\\\/www.cercledecultura.org\\\/ca\\\/anuari_tic_art_festivals-cultura\\\/#respond\"]}]},{\"@type\":\"WebPage\",\"@id\":\"https:\\\/\\\/www.cercledecultura.org\\\/ca\\\/anuari_tic_art_festivals-cultura\\\/\",\"url\":\"https:\\\/\\\/www.cercledecultura.org\\\/ca\\\/anuari_tic_art_festivals-cultura\\\/\",\"name\":\"Es presenta un estudi sobre l'impacte de les noves tecnologies en la creaci\u00f3 art\u00edstica - Cercle de Cultura\",\"isPartOf\":{\"@id\":\"https:\\\/\\\/www.cercledecultura.org\\\/ca\\\/#website\"},\"primaryImageOfPage\":{\"@id\":\"https:\\\/\\\/www.cercledecultura.org\\\/ca\\\/anuari_tic_art_festivals-cultura\\\/#primaryimage\"},\"image\":{\"@id\":\"https:\\\/\\\/www.cercledecultura.org\\\/ca\\\/anuari_tic_art_festivals-cultura\\\/#primaryimage\"},\"thumbnailUrl\":\"https:\\\/\\\/www.cercledecultura.org\\\/wp-content\\\/uploads\\\/2021\\\/02\\\/AsfD8dx9YkKVedML495fuA.png\",\"datePublished\":\"2016-04-15T00:08:00+00:00\",\"dateModified\":\"2021-02-23T09:59:30+00:00\",\"breadcrumb\":{\"@id\":\"https:\\\/\\\/www.cercledecultura.org\\\/ca\\\/anuari_tic_art_festivals-cultura\\\/#breadcrumb\"},\"inLanguage\":\"ca\",\"potentialAction\":[{\"@type\":\"ReadAction\",\"target\":[\"https:\\\/\\\/www.cercledecultura.org\\\/ca\\\/anuari_tic_art_festivals-cultura\\\/\"]}]},{\"@type\":\"ImageObject\",\"inLanguage\":\"ca\",\"@id\":\"https:\\\/\\\/www.cercledecultura.org\\\/ca\\\/anuari_tic_art_festivals-cultura\\\/#primaryimage\",\"url\":\"https:\\\/\\\/www.cercledecultura.org\\\/wp-content\\\/uploads\\\/2021\\\/02\\\/AsfD8dx9YkKVedML495fuA.png\",\"contentUrl\":\"https:\\\/\\\/www.cercledecultura.org\\\/wp-content\\\/uploads\\\/2021\\\/02\\\/AsfD8dx9YkKVedML495fuA.png\",\"width\":555,\"height\":370},{\"@type\":\"BreadcrumbList\",\"@id\":\"https:\\\/\\\/www.cercledecultura.org\\\/ca\\\/anuari_tic_art_festivals-cultura\\\/#breadcrumb\",\"itemListElement\":[{\"@type\":\"ListItem\",\"position\":1,\"name\":\"Portada\",\"item\":\"https:\\\/\\\/www.cercledecultura.org\\\/ca\\\/\"},{\"@type\":\"ListItem\",\"position\":2,\"name\":\"Es presenta un estudi sobre l&#8217;impacte de les noves tecnologies en la creaci\u00f3 art\u00edstica\"}]},{\"@type\":\"WebSite\",\"@id\":\"https:\\\/\\\/www.cercledecultura.org\\\/ca\\\/#website\",\"url\":\"https:\\\/\\\/www.cercledecultura.org\\\/ca\\\/\",\"name\":\"Cercle de Cultura\",\"description\":\"Entitat de car\u00e0cter privat i associatiu, independent, amb voluntat de participar en la vida p\u00fablica des de la pluralitat ideol\u00f2gica dels seus membres fundadors i futurs associats\",\"publisher\":{\"@id\":\"https:\\\/\\\/www.cercledecultura.org\\\/ca\\\/#organization\"},\"potentialAction\":[{\"@type\":\"SearchAction\",\"target\":{\"@type\":\"EntryPoint\",\"urlTemplate\":\"https:\\\/\\\/www.cercledecultura.org\\\/ca\\\/?s={search_term_string}\"},\"query-input\":{\"@type\":\"PropertyValueSpecification\",\"valueRequired\":true,\"valueName\":\"search_term_string\"}}],\"inLanguage\":\"ca\"},{\"@type\":\"Organization\",\"@id\":\"https:\\\/\\\/www.cercledecultura.org\\\/ca\\\/#organization\",\"name\":\"Cercle de Cultura\",\"url\":\"https:\\\/\\\/www.cercledecultura.org\\\/ca\\\/\",\"logo\":{\"@type\":\"ImageObject\",\"inLanguage\":\"ca\",\"@id\":\"https:\\\/\\\/www.cercledecultura.org\\\/ca\\\/#\\\/schema\\\/logo\\\/image\\\/\",\"url\":\"https:\\\/\\\/www.cercledecultura.org\\\/wp-content\\\/uploads\\\/2020\\\/01\\\/logo-cercle-de-cultura.png\",\"contentUrl\":\"https:\\\/\\\/www.cercledecultura.org\\\/wp-content\\\/uploads\\\/2020\\\/01\\\/logo-cercle-de-cultura.png\",\"width\":350,\"height\":195,\"caption\":\"Cercle de Cultura\"},\"image\":{\"@id\":\"https:\\\/\\\/www.cercledecultura.org\\\/ca\\\/#\\\/schema\\\/logo\\\/image\\\/\"}},{\"@type\":\"Person\",\"@id\":\"https:\\\/\\\/www.cercledecultura.org\\\/ca\\\/#\\\/schema\\\/person\\\/269db25cfadcb4bd2e41781c819942f9\",\"name\":\"admin\",\"image\":{\"@type\":\"ImageObject\",\"inLanguage\":\"ca\",\"@id\":\"https:\\\/\\\/secure.gravatar.com\\\/avatar\\\/e88a8bb50a361c6d45c4709770a3d765016be4b5d85313447b91d0d707434ad9?s=96&d=mm&r=g\",\"url\":\"https:\\\/\\\/secure.gravatar.com\\\/avatar\\\/e88a8bb50a361c6d45c4709770a3d765016be4b5d85313447b91d0d707434ad9?s=96&d=mm&r=g\",\"contentUrl\":\"https:\\\/\\\/secure.gravatar.com\\\/avatar\\\/e88a8bb50a361c6d45c4709770a3d765016be4b5d85313447b91d0d707434ad9?s=96&d=mm&r=g\",\"caption\":\"admin\"},\"url\":\"https:\\\/\\\/www.cercledecultura.org\\\/ca\\\/author\\\/seic_trzh7tdr\\\/\"}]}<\/script>\n<!-- \/ Yoast SEO plugin. -->","yoast_head_json":{"title":"Es presenta un estudi sobre l'impacte de les noves tecnologies en la creaci\u00f3 art\u00edstica - Cercle de Cultura","robots":{"index":"index","follow":"follow","max-snippet":"max-snippet:-1","max-image-preview":"max-image-preview:large","max-video-preview":"max-video-preview:-1"},"canonical":"https:\/\/www.cercledecultura.org\/ca\/anuari_tic_art_festivals-cultura\/","og_locale":"ca_ES","og_type":"article","og_title":"Es presenta un estudi sobre l'impacte de les noves tecnologies en la creaci\u00f3 art\u00edstica - Cercle de Cultura","og_description":"El darrer anuari d'Acci\u00f3n Cultural Espa\u00f1ola cont\u00e9 un estudi de gran inter\u00e8s sobre la creixent influ\u00e8ncia del m\u00f3n d'internet en l'art, i analitza l'\u00fas de les TIC als festivals culturals de diversos pa\u00efsos.","og_url":"https:\/\/www.cercledecultura.org\/ca\/anuari_tic_art_festivals-cultura\/","og_site_name":"Cercle de Cultura","article_published_time":"2016-04-15T00:08:00+00:00","article_modified_time":"2021-02-23T09:59:30+00:00","og_image":[{"width":555,"height":370,"url":"https:\/\/www.cercledecultura.org\/wp-content\/uploads\/2021\/02\/AsfD8dx9YkKVedML495fuA.png","type":"image\/png"}],"author":"admin","twitter_card":"summary_large_image","twitter_misc":{"Escrit per":"admin","Temps estimat de lectura":"2 minuts"},"schema":{"@context":"https:\/\/schema.org","@graph":[{"@type":"Article","@id":"https:\/\/www.cercledecultura.org\/ca\/anuari_tic_art_festivals-cultura\/#article","isPartOf":{"@id":"https:\/\/www.cercledecultura.org\/ca\/anuari_tic_art_festivals-cultura\/"},"author":{"name":"admin","@id":"https:\/\/www.cercledecultura.org\/ca\/#\/schema\/person\/269db25cfadcb4bd2e41781c819942f9"},"headline":"Es presenta un estudi sobre l&#8217;impacte de les noves tecnologies en la creaci\u00f3 art\u00edstica","datePublished":"2016-04-15T00:08:00+00:00","dateModified":"2021-02-23T09:59:30+00:00","mainEntityOfPage":{"@id":"https:\/\/www.cercledecultura.org\/ca\/anuari_tic_art_festivals-cultura\/"},"wordCount":339,"commentCount":0,"publisher":{"@id":"https:\/\/www.cercledecultura.org\/ca\/#organization"},"image":{"@id":"https:\/\/www.cercledecultura.org\/ca\/anuari_tic_art_festivals-cultura\/#primaryimage"},"thumbnailUrl":"https:\/\/www.cercledecultura.org\/wp-content\/uploads\/2021\/02\/AsfD8dx9YkKVedML495fuA.png","keywords":["AC\/E","Art","Cultura","digital art","estudi","festival","Festival Inernacional de Cinema Fant\u00e0stic de Sitges","gestor cultural","Internet","micromecenatge","P\u00fablic","S\u00f2nar","streaming","TIC","xarxes socials"],"articleSection":["Not\u00edcies"],"inLanguage":"ca","potentialAction":[{"@type":"CommentAction","name":"Comment","target":["https:\/\/www.cercledecultura.org\/ca\/anuari_tic_art_festivals-cultura\/#respond"]}]},{"@type":"WebPage","@id":"https:\/\/www.cercledecultura.org\/ca\/anuari_tic_art_festivals-cultura\/","url":"https:\/\/www.cercledecultura.org\/ca\/anuari_tic_art_festivals-cultura\/","name":"Es presenta un estudi sobre l'impacte de les noves tecnologies en la creaci\u00f3 art\u00edstica - Cercle de Cultura","isPartOf":{"@id":"https:\/\/www.cercledecultura.org\/ca\/#website"},"primaryImageOfPage":{"@id":"https:\/\/www.cercledecultura.org\/ca\/anuari_tic_art_festivals-cultura\/#primaryimage"},"image":{"@id":"https:\/\/www.cercledecultura.org\/ca\/anuari_tic_art_festivals-cultura\/#primaryimage"},"thumbnailUrl":"https:\/\/www.cercledecultura.org\/wp-content\/uploads\/2021\/02\/AsfD8dx9YkKVedML495fuA.png","datePublished":"2016-04-15T00:08:00+00:00","dateModified":"2021-02-23T09:59:30+00:00","breadcrumb":{"@id":"https:\/\/www.cercledecultura.org\/ca\/anuari_tic_art_festivals-cultura\/#breadcrumb"},"inLanguage":"ca","potentialAction":[{"@type":"ReadAction","target":["https:\/\/www.cercledecultura.org\/ca\/anuari_tic_art_festivals-cultura\/"]}]},{"@type":"ImageObject","inLanguage":"ca","@id":"https:\/\/www.cercledecultura.org\/ca\/anuari_tic_art_festivals-cultura\/#primaryimage","url":"https:\/\/www.cercledecultura.org\/wp-content\/uploads\/2021\/02\/AsfD8dx9YkKVedML495fuA.png","contentUrl":"https:\/\/www.cercledecultura.org\/wp-content\/uploads\/2021\/02\/AsfD8dx9YkKVedML495fuA.png","width":555,"height":370},{"@type":"BreadcrumbList","@id":"https:\/\/www.cercledecultura.org\/ca\/anuari_tic_art_festivals-cultura\/#breadcrumb","itemListElement":[{"@type":"ListItem","position":1,"name":"Portada","item":"https:\/\/www.cercledecultura.org\/ca\/"},{"@type":"ListItem","position":2,"name":"Es presenta un estudi sobre l&#8217;impacte de les noves tecnologies en la creaci\u00f3 art\u00edstica"}]},{"@type":"WebSite","@id":"https:\/\/www.cercledecultura.org\/ca\/#website","url":"https:\/\/www.cercledecultura.org\/ca\/","name":"Cercle de Cultura","description":"Entitat de car\u00e0cter privat i associatiu, independent, amb voluntat de participar en la vida p\u00fablica des de la pluralitat ideol\u00f2gica dels seus membres fundadors i futurs associats","publisher":{"@id":"https:\/\/www.cercledecultura.org\/ca\/#organization"},"potentialAction":[{"@type":"SearchAction","target":{"@type":"EntryPoint","urlTemplate":"https:\/\/www.cercledecultura.org\/ca\/?s={search_term_string}"},"query-input":{"@type":"PropertyValueSpecification","valueRequired":true,"valueName":"search_term_string"}}],"inLanguage":"ca"},{"@type":"Organization","@id":"https:\/\/www.cercledecultura.org\/ca\/#organization","name":"Cercle de Cultura","url":"https:\/\/www.cercledecultura.org\/ca\/","logo":{"@type":"ImageObject","inLanguage":"ca","@id":"https:\/\/www.cercledecultura.org\/ca\/#\/schema\/logo\/image\/","url":"https:\/\/www.cercledecultura.org\/wp-content\/uploads\/2020\/01\/logo-cercle-de-cultura.png","contentUrl":"https:\/\/www.cercledecultura.org\/wp-content\/uploads\/2020\/01\/logo-cercle-de-cultura.png","width":350,"height":195,"caption":"Cercle de Cultura"},"image":{"@id":"https:\/\/www.cercledecultura.org\/ca\/#\/schema\/logo\/image\/"}},{"@type":"Person","@id":"https:\/\/www.cercledecultura.org\/ca\/#\/schema\/person\/269db25cfadcb4bd2e41781c819942f9","name":"admin","image":{"@type":"ImageObject","inLanguage":"ca","@id":"https:\/\/secure.gravatar.com\/avatar\/e88a8bb50a361c6d45c4709770a3d765016be4b5d85313447b91d0d707434ad9?s=96&d=mm&r=g","url":"https:\/\/secure.gravatar.com\/avatar\/e88a8bb50a361c6d45c4709770a3d765016be4b5d85313447b91d0d707434ad9?s=96&d=mm&r=g","contentUrl":"https:\/\/secure.gravatar.com\/avatar\/e88a8bb50a361c6d45c4709770a3d765016be4b5d85313447b91d0d707434ad9?s=96&d=mm&r=g","caption":"admin"},"url":"https:\/\/www.cercledecultura.org\/ca\/author\/seic_trzh7tdr\/"}]}},"_links":{"self":[{"href":"https:\/\/www.cercledecultura.org\/ca\/wp-json\/wp\/v2\/posts\/686","targetHints":{"allow":["GET"]}}],"collection":[{"href":"https:\/\/www.cercledecultura.org\/ca\/wp-json\/wp\/v2\/posts"}],"about":[{"href":"https:\/\/www.cercledecultura.org\/ca\/wp-json\/wp\/v2\/types\/post"}],"author":[{"embeddable":true,"href":"https:\/\/www.cercledecultura.org\/ca\/wp-json\/wp\/v2\/users\/1"}],"replies":[{"embeddable":true,"href":"https:\/\/www.cercledecultura.org\/ca\/wp-json\/wp\/v2\/comments?post=686"}],"version-history":[{"count":1,"href":"https:\/\/www.cercledecultura.org\/ca\/wp-json\/wp\/v2\/posts\/686\/revisions"}],"predecessor-version":[{"id":1101,"href":"https:\/\/www.cercledecultura.org\/ca\/wp-json\/wp\/v2\/posts\/686\/revisions\/1101"}],"wp:featuredmedia":[{"embeddable":true,"href":"https:\/\/www.cercledecultura.org\/ca\/wp-json\/wp\/v2\/media\/687"}],"wp:attachment":[{"href":"https:\/\/www.cercledecultura.org\/ca\/wp-json\/wp\/v2\/media?parent=686"}],"wp:term":[{"taxonomy":"category","embeddable":true,"href":"https:\/\/www.cercledecultura.org\/ca\/wp-json\/wp\/v2\/categories?post=686"},{"taxonomy":"post_tag","embeddable":true,"href":"https:\/\/www.cercledecultura.org\/ca\/wp-json\/wp\/v2\/tags?post=686"}],"curies":[{"name":"wp","href":"https:\/\/api.w.org\/{rel}","templated":true}]}}