{"id":682,"date":"2016-03-17T08:31:00","date_gmt":"2016-03-17T08:31:00","guid":{"rendered":"https:\/\/pre.cercledecultura.org\/financament_industries_culturals_comissio_europea\/"},"modified":"2021-02-23T10:04:07","modified_gmt":"2021-02-23T10:04:07","slug":"financament_industries_culturals_comissio_europea","status":"publish","type":"post","link":"https:\/\/www.cercledecultura.org\/ca\/financament_industries_culturals_comissio_europea\/","title":{"rendered":"La Comissi\u00f3 Europea publica un informe sobre els nous sistemes de finan\u00e7ament per a la cultura"},"content":{"rendered":"<p>El sector de les ind\u00fastries culturals i creatives, especialment si parlem de les petites i mitjanes empreses, pateix un problema estructural com \u00e9s l&#8217;acc\u00e9s al finan\u00e7ament, per les caracter\u00edstiques pr\u00f2pies del sector que ho dificulten: escassetat de bens materials i el gran pes dels actius intangibles. Als d\u00e8ficits de comprensi\u00f3 de les caracter\u00edstiques d&#8217;aquest sector per part de les entitats financeres. L&#8217;informe elaborat per la Direcci\u00f3 General d&#8217;Educaci\u00f3 i Cultura de la Comissi\u00f3 Europea &#8220;Cap a ecosistemes financers m\u00e9s eficients&#8221; estudia quins s\u00f3n els reptes que ha d&#8217;assumir el sector alhora de buscar finan\u00e7ament, planteja tot un seguit de sistemes de finan\u00e7ament innovadors i presenta 32 casos d&#8217;\u00e8xit, que serveixen per il\u00b7lustrar com determinades f\u00f3rmules innovadores poden ajustar-se a les necessitats de finan\u00e7ament de les empreses culturals i creatives.  Aquest informe d&#8217;an\u00e0lisi i bones pr\u00e0ctiques forma part dels materials que posa a disposici\u00f3 la Comissi\u00f3 Europea a les institucions dels seus estats membres en el marc de l&#8217;Agenda Europea per a la Cultura i del seu pla de treball 2015-2018, en el que les ind\u00fastries culturals i creatives s\u00f3n un dels seus principals eixos, on cop s&#8217;ha constatat que s\u00f3n una font de creaci\u00f3 d&#8217;ocupaci\u00f3 que contribueix al creixement a Europa, i que, a m\u00e9s, s\u00f3n un un mitj\u00e0 excel\u00b7lent per afavorir la inclusi\u00f3 social i donar suport a la diversitat cultural.<\/p>\n","protected":false},"excerpt":{"rendered":"<p>La comissi\u00f3 Europea ha publicat un informe sobre els instruments m\u00e9s innovadors per solucionar el problema del finan\u00e7ament dels sectors culturals i creatius, que inclou 32 casos d&#8217;\u00e8xit.<\/p>\n","protected":false},"author":1,"featured_media":683,"comment_status":"open","ping_status":"closed","sticky":false,"template":"","format":"standard","meta":{"footnotes":""},"categories":[26],"tags":[226,137,50,12,4,117,200],"class_list":["post-682","post","type-post","status-publish","format-standard","has-post-thumbnail","hentry","category-noticies","tag-comissio-europea","tag-europa","tag-financament","tag-industries-culturals","tag-politica-cultural","tag-propietat-intellectual","tag-ue"],"yoast_head":"<!-- This site is optimized with the Yoast SEO plugin v27.5 - https:\/\/yoast.com\/product\/yoast-seo-wordpress\/ -->\n<title>La Comissi\u00f3 Europea publica un informe sobre els nous sistemes de finan\u00e7ament per a la cultura - Cercle de Cultura<\/title>\n<meta name=\"robots\" content=\"index, follow, max-snippet:-1, max-image-preview:large, max-video-preview:-1\" \/>\n<link rel=\"canonical\" href=\"https:\/\/www.cercledecultura.org\/ca\/financament_industries_culturals_comissio_europea\/\" \/>\n<meta property=\"og:locale\" content=\"ca_ES\" \/>\n<meta property=\"og:type\" content=\"article\" \/>\n<meta property=\"og:title\" content=\"La Comissi\u00f3 Europea publica un informe sobre els nous sistemes de finan\u00e7ament per a la cultura - Cercle de Cultura\" \/>\n<meta property=\"og:description\" content=\"La comissi\u00f3 Europea ha publicat un informe sobre els instruments m\u00e9s innovadors per solucionar el problema del finan\u00e7ament dels sectors culturals i creatius, que inclou 32 casos d&#039;\u00e8xit.\" \/>\n<meta property=\"og:url\" content=\"https:\/\/www.cercledecultura.org\/ca\/financament_industries_culturals_comissio_europea\/\" \/>\n<meta property=\"og:site_name\" content=\"Cercle de Cultura\" \/>\n<meta property=\"article:published_time\" content=\"2016-03-17T08:31:00+00:00\" \/>\n<meta property=\"article:modified_time\" content=\"2021-02-23T10:04:07+00:00\" \/>\n<meta property=\"og:image\" content=\"https:\/\/www.cercledecultura.org\/wp-content\/uploads\/2021\/02\/Plr5cLtsVkuMuAVVr17RpA.png\" \/>\n\t<meta property=\"og:image:width\" content=\"871\" \/>\n\t<meta property=\"og:image:height\" content=\"581\" \/>\n\t<meta property=\"og:image:type\" content=\"image\/png\" \/>\n<meta name=\"author\" content=\"admin\" \/>\n<meta name=\"twitter:card\" content=\"summary_large_image\" \/>\n<meta name=\"twitter:label1\" content=\"Escrit per\" \/>\n\t<meta name=\"twitter:data1\" content=\"admin\" \/>\n\t<meta name=\"twitter:label2\" content=\"Temps estimat de lectura\" \/>\n\t<meta name=\"twitter:data2\" content=\"1 minut\" \/>\n<script type=\"application\/ld+json\" class=\"yoast-schema-graph\">{\"@context\":\"https:\\\/\\\/schema.org\",\"@graph\":[{\"@type\":\"Article\",\"@id\":\"https:\\\/\\\/www.cercledecultura.org\\\/ca\\\/financament_industries_culturals_comissio_europea\\\/#article\",\"isPartOf\":{\"@id\":\"https:\\\/\\\/www.cercledecultura.org\\\/ca\\\/financament_industries_culturals_comissio_europea\\\/\"},\"author\":{\"name\":\"admin\",\"@id\":\"https:\\\/\\\/www.cercledecultura.org\\\/ca\\\/#\\\/schema\\\/person\\\/269db25cfadcb4bd2e41781c819942f9\"},\"headline\":\"La Comissi\u00f3 Europea publica un informe sobre els nous sistemes de finan\u00e7ament per a la cultura\",\"datePublished\":\"2016-03-17T08:31:00+00:00\",\"dateModified\":\"2021-02-23T10:04:07+00:00\",\"mainEntityOfPage\":{\"@id\":\"https:\\\/\\\/www.cercledecultura.org\\\/ca\\\/financament_industries_culturals_comissio_europea\\\/\"},\"wordCount\":270,\"commentCount\":0,\"publisher\":{\"@id\":\"https:\\\/\\\/www.cercledecultura.org\\\/ca\\\/#organization\"},\"image\":{\"@id\":\"https:\\\/\\\/www.cercledecultura.org\\\/ca\\\/financament_industries_culturals_comissio_europea\\\/#primaryimage\"},\"thumbnailUrl\":\"https:\\\/\\\/www.cercledecultura.org\\\/wp-content\\\/uploads\\\/2021\\\/02\\\/Plr5cLtsVkuMuAVVr17RpA.png\",\"keywords\":[\"Comissi\u00f3 Europea\",\"Europa\",\"finan\u00e7ament\",\"Industries Culturals\",\"Pol\u00edtica Cultural\",\"propietat intel\u00b7lectual\",\"UE\"],\"articleSection\":[\"Not\u00edcies\"],\"inLanguage\":\"ca\",\"potentialAction\":[{\"@type\":\"CommentAction\",\"name\":\"Comment\",\"target\":[\"https:\\\/\\\/www.cercledecultura.org\\\/ca\\\/financament_industries_culturals_comissio_europea\\\/#respond\"]}]},{\"@type\":\"WebPage\",\"@id\":\"https:\\\/\\\/www.cercledecultura.org\\\/ca\\\/financament_industries_culturals_comissio_europea\\\/\",\"url\":\"https:\\\/\\\/www.cercledecultura.org\\\/ca\\\/financament_industries_culturals_comissio_europea\\\/\",\"name\":\"La Comissi\u00f3 Europea publica un informe sobre els nous sistemes de finan\u00e7ament per a la cultura - Cercle de Cultura\",\"isPartOf\":{\"@id\":\"https:\\\/\\\/www.cercledecultura.org\\\/ca\\\/#website\"},\"primaryImageOfPage\":{\"@id\":\"https:\\\/\\\/www.cercledecultura.org\\\/ca\\\/financament_industries_culturals_comissio_europea\\\/#primaryimage\"},\"image\":{\"@id\":\"https:\\\/\\\/www.cercledecultura.org\\\/ca\\\/financament_industries_culturals_comissio_europea\\\/#primaryimage\"},\"thumbnailUrl\":\"https:\\\/\\\/www.cercledecultura.org\\\/wp-content\\\/uploads\\\/2021\\\/02\\\/Plr5cLtsVkuMuAVVr17RpA.png\",\"datePublished\":\"2016-03-17T08:31:00+00:00\",\"dateModified\":\"2021-02-23T10:04:07+00:00\",\"breadcrumb\":{\"@id\":\"https:\\\/\\\/www.cercledecultura.org\\\/ca\\\/financament_industries_culturals_comissio_europea\\\/#breadcrumb\"},\"inLanguage\":\"ca\",\"potentialAction\":[{\"@type\":\"ReadAction\",\"target\":[\"https:\\\/\\\/www.cercledecultura.org\\\/ca\\\/financament_industries_culturals_comissio_europea\\\/\"]}]},{\"@type\":\"ImageObject\",\"inLanguage\":\"ca\",\"@id\":\"https:\\\/\\\/www.cercledecultura.org\\\/ca\\\/financament_industries_culturals_comissio_europea\\\/#primaryimage\",\"url\":\"https:\\\/\\\/www.cercledecultura.org\\\/wp-content\\\/uploads\\\/2021\\\/02\\\/Plr5cLtsVkuMuAVVr17RpA.png\",\"contentUrl\":\"https:\\\/\\\/www.cercledecultura.org\\\/wp-content\\\/uploads\\\/2021\\\/02\\\/Plr5cLtsVkuMuAVVr17RpA.png\",\"width\":871,\"height\":581},{\"@type\":\"BreadcrumbList\",\"@id\":\"https:\\\/\\\/www.cercledecultura.org\\\/ca\\\/financament_industries_culturals_comissio_europea\\\/#breadcrumb\",\"itemListElement\":[{\"@type\":\"ListItem\",\"position\":1,\"name\":\"Portada\",\"item\":\"https:\\\/\\\/www.cercledecultura.org\\\/ca\\\/\"},{\"@type\":\"ListItem\",\"position\":2,\"name\":\"La Comissi\u00f3 Europea publica un informe sobre els nous sistemes de finan\u00e7ament per a la cultura\"}]},{\"@type\":\"WebSite\",\"@id\":\"https:\\\/\\\/www.cercledecultura.org\\\/ca\\\/#website\",\"url\":\"https:\\\/\\\/www.cercledecultura.org\\\/ca\\\/\",\"name\":\"Cercle de Cultura\",\"description\":\"Entitat de car\u00e0cter privat i associatiu, independent, amb voluntat de participar en la vida p\u00fablica des de la pluralitat ideol\u00f2gica dels seus membres fundadors i futurs associats\",\"publisher\":{\"@id\":\"https:\\\/\\\/www.cercledecultura.org\\\/ca\\\/#organization\"},\"potentialAction\":[{\"@type\":\"SearchAction\",\"target\":{\"@type\":\"EntryPoint\",\"urlTemplate\":\"https:\\\/\\\/www.cercledecultura.org\\\/ca\\\/?s={search_term_string}\"},\"query-input\":{\"@type\":\"PropertyValueSpecification\",\"valueRequired\":true,\"valueName\":\"search_term_string\"}}],\"inLanguage\":\"ca\"},{\"@type\":\"Organization\",\"@id\":\"https:\\\/\\\/www.cercledecultura.org\\\/ca\\\/#organization\",\"name\":\"Cercle de Cultura\",\"url\":\"https:\\\/\\\/www.cercledecultura.org\\\/ca\\\/\",\"logo\":{\"@type\":\"ImageObject\",\"inLanguage\":\"ca\",\"@id\":\"https:\\\/\\\/www.cercledecultura.org\\\/ca\\\/#\\\/schema\\\/logo\\\/image\\\/\",\"url\":\"https:\\\/\\\/www.cercledecultura.org\\\/wp-content\\\/uploads\\\/2020\\\/01\\\/logo-cercle-de-cultura.png\",\"contentUrl\":\"https:\\\/\\\/www.cercledecultura.org\\\/wp-content\\\/uploads\\\/2020\\\/01\\\/logo-cercle-de-cultura.png\",\"width\":350,\"height\":195,\"caption\":\"Cercle de Cultura\"},\"image\":{\"@id\":\"https:\\\/\\\/www.cercledecultura.org\\\/ca\\\/#\\\/schema\\\/logo\\\/image\\\/\"}},{\"@type\":\"Person\",\"@id\":\"https:\\\/\\\/www.cercledecultura.org\\\/ca\\\/#\\\/schema\\\/person\\\/269db25cfadcb4bd2e41781c819942f9\",\"name\":\"admin\",\"image\":{\"@type\":\"ImageObject\",\"inLanguage\":\"ca\",\"@id\":\"https:\\\/\\\/secure.gravatar.com\\\/avatar\\\/e88a8bb50a361c6d45c4709770a3d765016be4b5d85313447b91d0d707434ad9?s=96&d=mm&r=g\",\"url\":\"https:\\\/\\\/secure.gravatar.com\\\/avatar\\\/e88a8bb50a361c6d45c4709770a3d765016be4b5d85313447b91d0d707434ad9?s=96&d=mm&r=g\",\"contentUrl\":\"https:\\\/\\\/secure.gravatar.com\\\/avatar\\\/e88a8bb50a361c6d45c4709770a3d765016be4b5d85313447b91d0d707434ad9?s=96&d=mm&r=g\",\"caption\":\"admin\"},\"url\":\"https:\\\/\\\/www.cercledecultura.org\\\/ca\\\/author\\\/seic_trzh7tdr\\\/\"}]}<\/script>\n<!-- \/ Yoast SEO plugin. -->","yoast_head_json":{"title":"La Comissi\u00f3 Europea publica un informe sobre els nous sistemes de finan\u00e7ament per a la cultura - Cercle de Cultura","robots":{"index":"index","follow":"follow","max-snippet":"max-snippet:-1","max-image-preview":"max-image-preview:large","max-video-preview":"max-video-preview:-1"},"canonical":"https:\/\/www.cercledecultura.org\/ca\/financament_industries_culturals_comissio_europea\/","og_locale":"ca_ES","og_type":"article","og_title":"La Comissi\u00f3 Europea publica un informe sobre els nous sistemes de finan\u00e7ament per a la cultura - Cercle de Cultura","og_description":"La comissi\u00f3 Europea ha publicat un informe sobre els instruments m\u00e9s innovadors per solucionar el problema del finan\u00e7ament dels sectors culturals i creatius, que inclou 32 casos d'\u00e8xit.","og_url":"https:\/\/www.cercledecultura.org\/ca\/financament_industries_culturals_comissio_europea\/","og_site_name":"Cercle de Cultura","article_published_time":"2016-03-17T08:31:00+00:00","article_modified_time":"2021-02-23T10:04:07+00:00","og_image":[{"width":871,"height":581,"url":"https:\/\/www.cercledecultura.org\/wp-content\/uploads\/2021\/02\/Plr5cLtsVkuMuAVVr17RpA.png","type":"image\/png"}],"author":"admin","twitter_card":"summary_large_image","twitter_misc":{"Escrit per":"admin","Temps estimat de lectura":"1 minut"},"schema":{"@context":"https:\/\/schema.org","@graph":[{"@type":"Article","@id":"https:\/\/www.cercledecultura.org\/ca\/financament_industries_culturals_comissio_europea\/#article","isPartOf":{"@id":"https:\/\/www.cercledecultura.org\/ca\/financament_industries_culturals_comissio_europea\/"},"author":{"name":"admin","@id":"https:\/\/www.cercledecultura.org\/ca\/#\/schema\/person\/269db25cfadcb4bd2e41781c819942f9"},"headline":"La Comissi\u00f3 Europea publica un informe sobre els nous sistemes de finan\u00e7ament per a la cultura","datePublished":"2016-03-17T08:31:00+00:00","dateModified":"2021-02-23T10:04:07+00:00","mainEntityOfPage":{"@id":"https:\/\/www.cercledecultura.org\/ca\/financament_industries_culturals_comissio_europea\/"},"wordCount":270,"commentCount":0,"publisher":{"@id":"https:\/\/www.cercledecultura.org\/ca\/#organization"},"image":{"@id":"https:\/\/www.cercledecultura.org\/ca\/financament_industries_culturals_comissio_europea\/#primaryimage"},"thumbnailUrl":"https:\/\/www.cercledecultura.org\/wp-content\/uploads\/2021\/02\/Plr5cLtsVkuMuAVVr17RpA.png","keywords":["Comissi\u00f3 Europea","Europa","finan\u00e7ament","Industries Culturals","Pol\u00edtica Cultural","propietat intel\u00b7lectual","UE"],"articleSection":["Not\u00edcies"],"inLanguage":"ca","potentialAction":[{"@type":"CommentAction","name":"Comment","target":["https:\/\/www.cercledecultura.org\/ca\/financament_industries_culturals_comissio_europea\/#respond"]}]},{"@type":"WebPage","@id":"https:\/\/www.cercledecultura.org\/ca\/financament_industries_culturals_comissio_europea\/","url":"https:\/\/www.cercledecultura.org\/ca\/financament_industries_culturals_comissio_europea\/","name":"La Comissi\u00f3 Europea publica un informe sobre els nous sistemes de finan\u00e7ament per a la cultura - Cercle de Cultura","isPartOf":{"@id":"https:\/\/www.cercledecultura.org\/ca\/#website"},"primaryImageOfPage":{"@id":"https:\/\/www.cercledecultura.org\/ca\/financament_industries_culturals_comissio_europea\/#primaryimage"},"image":{"@id":"https:\/\/www.cercledecultura.org\/ca\/financament_industries_culturals_comissio_europea\/#primaryimage"},"thumbnailUrl":"https:\/\/www.cercledecultura.org\/wp-content\/uploads\/2021\/02\/Plr5cLtsVkuMuAVVr17RpA.png","datePublished":"2016-03-17T08:31:00+00:00","dateModified":"2021-02-23T10:04:07+00:00","breadcrumb":{"@id":"https:\/\/www.cercledecultura.org\/ca\/financament_industries_culturals_comissio_europea\/#breadcrumb"},"inLanguage":"ca","potentialAction":[{"@type":"ReadAction","target":["https:\/\/www.cercledecultura.org\/ca\/financament_industries_culturals_comissio_europea\/"]}]},{"@type":"ImageObject","inLanguage":"ca","@id":"https:\/\/www.cercledecultura.org\/ca\/financament_industries_culturals_comissio_europea\/#primaryimage","url":"https:\/\/www.cercledecultura.org\/wp-content\/uploads\/2021\/02\/Plr5cLtsVkuMuAVVr17RpA.png","contentUrl":"https:\/\/www.cercledecultura.org\/wp-content\/uploads\/2021\/02\/Plr5cLtsVkuMuAVVr17RpA.png","width":871,"height":581},{"@type":"BreadcrumbList","@id":"https:\/\/www.cercledecultura.org\/ca\/financament_industries_culturals_comissio_europea\/#breadcrumb","itemListElement":[{"@type":"ListItem","position":1,"name":"Portada","item":"https:\/\/www.cercledecultura.org\/ca\/"},{"@type":"ListItem","position":2,"name":"La Comissi\u00f3 Europea publica un informe sobre els nous sistemes de finan\u00e7ament per a la cultura"}]},{"@type":"WebSite","@id":"https:\/\/www.cercledecultura.org\/ca\/#website","url":"https:\/\/www.cercledecultura.org\/ca\/","name":"Cercle de Cultura","description":"Entitat de car\u00e0cter privat i associatiu, independent, amb voluntat de participar en la vida p\u00fablica des de la pluralitat ideol\u00f2gica dels seus membres fundadors i futurs associats","publisher":{"@id":"https:\/\/www.cercledecultura.org\/ca\/#organization"},"potentialAction":[{"@type":"SearchAction","target":{"@type":"EntryPoint","urlTemplate":"https:\/\/www.cercledecultura.org\/ca\/?s={search_term_string}"},"query-input":{"@type":"PropertyValueSpecification","valueRequired":true,"valueName":"search_term_string"}}],"inLanguage":"ca"},{"@type":"Organization","@id":"https:\/\/www.cercledecultura.org\/ca\/#organization","name":"Cercle de Cultura","url":"https:\/\/www.cercledecultura.org\/ca\/","logo":{"@type":"ImageObject","inLanguage":"ca","@id":"https:\/\/www.cercledecultura.org\/ca\/#\/schema\/logo\/image\/","url":"https:\/\/www.cercledecultura.org\/wp-content\/uploads\/2020\/01\/logo-cercle-de-cultura.png","contentUrl":"https:\/\/www.cercledecultura.org\/wp-content\/uploads\/2020\/01\/logo-cercle-de-cultura.png","width":350,"height":195,"caption":"Cercle de Cultura"},"image":{"@id":"https:\/\/www.cercledecultura.org\/ca\/#\/schema\/logo\/image\/"}},{"@type":"Person","@id":"https:\/\/www.cercledecultura.org\/ca\/#\/schema\/person\/269db25cfadcb4bd2e41781c819942f9","name":"admin","image":{"@type":"ImageObject","inLanguage":"ca","@id":"https:\/\/secure.gravatar.com\/avatar\/e88a8bb50a361c6d45c4709770a3d765016be4b5d85313447b91d0d707434ad9?s=96&d=mm&r=g","url":"https:\/\/secure.gravatar.com\/avatar\/e88a8bb50a361c6d45c4709770a3d765016be4b5d85313447b91d0d707434ad9?s=96&d=mm&r=g","contentUrl":"https:\/\/secure.gravatar.com\/avatar\/e88a8bb50a361c6d45c4709770a3d765016be4b5d85313447b91d0d707434ad9?s=96&d=mm&r=g","caption":"admin"},"url":"https:\/\/www.cercledecultura.org\/ca\/author\/seic_trzh7tdr\/"}]}},"_links":{"self":[{"href":"https:\/\/www.cercledecultura.org\/ca\/wp-json\/wp\/v2\/posts\/682","targetHints":{"allow":["GET"]}}],"collection":[{"href":"https:\/\/www.cercledecultura.org\/ca\/wp-json\/wp\/v2\/posts"}],"about":[{"href":"https:\/\/www.cercledecultura.org\/ca\/wp-json\/wp\/v2\/types\/post"}],"author":[{"embeddable":true,"href":"https:\/\/www.cercledecultura.org\/ca\/wp-json\/wp\/v2\/users\/1"}],"replies":[{"embeddable":true,"href":"https:\/\/www.cercledecultura.org\/ca\/wp-json\/wp\/v2\/comments?post=682"}],"version-history":[{"count":1,"href":"https:\/\/www.cercledecultura.org\/ca\/wp-json\/wp\/v2\/posts\/682\/revisions"}],"predecessor-version":[{"id":1099,"href":"https:\/\/www.cercledecultura.org\/ca\/wp-json\/wp\/v2\/posts\/682\/revisions\/1099"}],"wp:featuredmedia":[{"embeddable":true,"href":"https:\/\/www.cercledecultura.org\/ca\/wp-json\/wp\/v2\/media\/683"}],"wp:attachment":[{"href":"https:\/\/www.cercledecultura.org\/ca\/wp-json\/wp\/v2\/media?parent=682"}],"wp:term":[{"taxonomy":"category","embeddable":true,"href":"https:\/\/www.cercledecultura.org\/ca\/wp-json\/wp\/v2\/categories?post=682"},{"taxonomy":"post_tag","embeddable":true,"href":"https:\/\/www.cercledecultura.org\/ca\/wp-json\/wp\/v2\/tags?post=682"}],"curies":[{"name":"wp","href":"https:\/\/api.w.org\/{rel}","templated":true}]}}