{"id":672,"date":"2016-02-25T10:37:00","date_gmt":"2016-02-25T10:37:00","guid":{"rendered":"https:\/\/pre.cercledecultura.org\/ateneu_barcelones_catalunya2020\/"},"modified":"2021-02-23T09:59:30","modified_gmt":"2021-02-23T09:59:30","slug":"ateneu_barcelones_catalunya2020","status":"publish","type":"post","link":"https:\/\/www.cercledecultura.org\/ca\/ateneu_barcelones_catalunya2020\/","title":{"rendered":"L&#8217;Ateneu Barcelon\u00e8s s&#8217;adhereix al programa Catalunya 2020. F\u00f2rum de reflexi\u00f3 sobre la cultura catalana"},"content":{"rendered":"<p>Dilluns 22 de febrer, s\u2019ha celebrat a la sala de juntes del Cercle d\u2019Economia, l\u2019acte de presentaci\u00f3 de l\u2019Ateneu Barcelon\u00e8s al Cercle de Cultura, que ha servit com a primer pas dels preparatius de la proposta Cultura 2020. F\u00f2rum de reflexi\u00f3 sobre la cultura catalana. L\u2019acte s\u2019inici\u00e0 amb les intervencions del president del Cercle de Cultura Francesc Bellmunt; de Llu\u00eds Bonet, membre de la comissi\u00f3 de continguts del Cercle de Cultura, que presentaren els objectius de la proposta Catalunya 2020, i de Patr\u00edcia Gabancho, vicepresidenta primera de l\u2019Ateneu Barcelon\u00e8s, qui subratll\u00e0 la import\u00e0ncia de la cultura dins el m\u00f3n educatiu, aix\u00ed com defensa que la cultura ha de ser considerada un servei p\u00fablic, per la qual cosa s\u2019han de refor\u00e7ar les actuals pol\u00edtiques culturals i impulsar-ne de noves. Despr\u00e9s d&#8217;aquestes intervencions s\u2019obr\u00ed un torn d\u2019intervencions entre els assistents, que aportaren diversos punts de vista sobre les tem\u00e0tiques i enfocaments que hauria de prioritzar la proposta presentada.  Cultura 2020. F\u00f2rum de reflexi\u00f3 sobre la cultura catalana t\u00e9 com a objectiu fer de la cultura un dels principals eixos vertebradors del pa\u00eds, i s\u2019articular\u00e0 en diverses activitats al llarg del 2016 i 2017 sobre els temes cabdals de la cultura, tant per diagnosticar-los com per aportar solucions als problemes plantejats. Un debat sobre la cultura que ser\u00e0 organitzat i pensat des de les entitats i no des dels poders p\u00fablics.  L\u2019Ateneu Barcelon\u00e8s \u00e9s la primera entitat que s\u2019ha adherit a aquesta iniciativa del Cercle de Cultura, que buscar\u00e0 inicialment la participaci\u00f3 d\u2019altres entitats del teixit cultural que tamb\u00e9 siguin transversals en el seu \u00e0mbit d\u2019actuaci\u00f3 per impulsar aquest programa, per tal de superar el marc de les relacions entre el sector p\u00fablic i el privat per oferir una mirada integral de la cultura, pensant en el conjunt dels seus operadors, sectors creatius, i el nou escenari digital.<\/p>\n","protected":false},"excerpt":{"rendered":"<p>L&#8217;acte de presentaci\u00f3 de l&#8217;Ateneu Barcelon\u00e8s al Cercle de Cultura ha estat el primer pas dels preparatius del programa Catalunya 2020 F\u00f2rum de reflexi\u00f3 sobre la cultura catalana, que t\u00e9 com a objectiu impulsar una reflexi\u00f3 integral del conjunt del sector durant els dos propers anys, que serveixi per fer de la cultura un dels principals eixos vertebradors del pa\u00eds<\/p>\n","protected":false},"author":1,"featured_media":673,"comment_status":"open","ping_status":"closed","sticky":false,"template":"","format":"standard","meta":{"footnotes":""},"categories":[26],"tags":[207,201,206,5,134,121,202,4],"class_list":["post-672","post","type-post","status-publish","format-standard","has-post-thumbnail","hentry","category-noticies","tag-ateneu","tag-ateneu-barcelones","tag-catalunya-2020","tag-cultura","tag-francesc-bellmunt","tag-lluis-bonet","tag-patricia-gabancho","tag-politica-cultural"],"yoast_head":"<!-- This site is optimized with the Yoast SEO plugin v27.5 - https:\/\/yoast.com\/product\/yoast-seo-wordpress\/ -->\n<title>L&#039;Ateneu Barcelon\u00e8s s&#039;adhereix al programa Catalunya 2020. F\u00f2rum de reflexi\u00f3 sobre la cultura catalana - Cercle de Cultura<\/title>\n<meta name=\"robots\" content=\"index, follow, max-snippet:-1, max-image-preview:large, max-video-preview:-1\" \/>\n<link rel=\"canonical\" href=\"https:\/\/www.cercledecultura.org\/ca\/ateneu_barcelones_catalunya2020\/\" \/>\n<meta property=\"og:locale\" content=\"ca_ES\" \/>\n<meta property=\"og:type\" content=\"article\" \/>\n<meta property=\"og:title\" content=\"L&#039;Ateneu Barcelon\u00e8s s&#039;adhereix al programa Catalunya 2020. F\u00f2rum de reflexi\u00f3 sobre la cultura catalana - Cercle de Cultura\" \/>\n<meta property=\"og:description\" content=\"L&#039;acte de presentaci\u00f3 de l&#039;Ateneu Barcelon\u00e8s al Cercle de Cultura ha estat el primer pas dels preparatius del programa Catalunya 2020 F\u00f2rum de reflexi\u00f3 sobre la cultura catalana, que t\u00e9 com a objectiu impulsar una reflexi\u00f3 integral del conjunt del sector durant els dos propers anys, que serveixi per fer de la cultura un dels principals eixos vertebradors del pa\u00eds\" \/>\n<meta property=\"og:url\" content=\"https:\/\/www.cercledecultura.org\/ca\/ateneu_barcelones_catalunya2020\/\" \/>\n<meta property=\"og:site_name\" content=\"Cercle de Cultura\" \/>\n<meta property=\"article:published_time\" content=\"2016-02-25T10:37:00+00:00\" \/>\n<meta property=\"article:modified_time\" content=\"2021-02-23T09:59:30+00:00\" \/>\n<meta property=\"og:image\" content=\"https:\/\/www.cercledecultura.org\/wp-content\/uploads\/2021\/02\/qtZqvrRp8kCzryXIFnDY8A.jpg\" \/>\n\t<meta property=\"og:image:width\" content=\"2048\" \/>\n\t<meta property=\"og:image:height\" content=\"1365\" \/>\n\t<meta property=\"og:image:type\" content=\"image\/jpeg\" \/>\n<meta name=\"author\" content=\"admin\" \/>\n<meta name=\"twitter:card\" content=\"summary_large_image\" \/>\n<meta name=\"twitter:label1\" content=\"Escrit per\" \/>\n\t<meta name=\"twitter:data1\" content=\"admin\" \/>\n\t<meta name=\"twitter:label2\" content=\"Temps estimat de lectura\" \/>\n\t<meta name=\"twitter:data2\" content=\"2 minuts\" \/>\n<script type=\"application\/ld+json\" class=\"yoast-schema-graph\">{\"@context\":\"https:\\\/\\\/schema.org\",\"@graph\":[{\"@type\":\"Article\",\"@id\":\"https:\\\/\\\/www.cercledecultura.org\\\/ca\\\/ateneu_barcelones_catalunya2020\\\/#article\",\"isPartOf\":{\"@id\":\"https:\\\/\\\/www.cercledecultura.org\\\/ca\\\/ateneu_barcelones_catalunya2020\\\/\"},\"author\":{\"name\":\"admin\",\"@id\":\"https:\\\/\\\/www.cercledecultura.org\\\/ca\\\/#\\\/schema\\\/person\\\/269db25cfadcb4bd2e41781c819942f9\"},\"headline\":\"L&#8217;Ateneu Barcelon\u00e8s s&#8217;adhereix al programa Catalunya 2020. F\u00f2rum de reflexi\u00f3 sobre la cultura catalana\",\"datePublished\":\"2016-02-25T10:37:00+00:00\",\"dateModified\":\"2021-02-23T09:59:30+00:00\",\"mainEntityOfPage\":{\"@id\":\"https:\\\/\\\/www.cercledecultura.org\\\/ca\\\/ateneu_barcelones_catalunya2020\\\/\"},\"wordCount\":349,\"commentCount\":0,\"publisher\":{\"@id\":\"https:\\\/\\\/www.cercledecultura.org\\\/ca\\\/#organization\"},\"image\":{\"@id\":\"https:\\\/\\\/www.cercledecultura.org\\\/ca\\\/ateneu_barcelones_catalunya2020\\\/#primaryimage\"},\"thumbnailUrl\":\"https:\\\/\\\/www.cercledecultura.org\\\/wp-content\\\/uploads\\\/2021\\\/02\\\/qtZqvrRp8kCzryXIFnDY8A.jpg\",\"keywords\":[\"ateneu\",\"Ateneu Barcelon\u00e8s\",\"Catalunya 2020\",\"Cultura\",\"Francesc Bellmunt\",\"Llu\u00eds Bonet\",\"Patr\u00edcia Gabancho\",\"Pol\u00edtica Cultural\"],\"articleSection\":[\"Not\u00edcies\"],\"inLanguage\":\"ca\",\"potentialAction\":[{\"@type\":\"CommentAction\",\"name\":\"Comment\",\"target\":[\"https:\\\/\\\/www.cercledecultura.org\\\/ca\\\/ateneu_barcelones_catalunya2020\\\/#respond\"]}]},{\"@type\":\"WebPage\",\"@id\":\"https:\\\/\\\/www.cercledecultura.org\\\/ca\\\/ateneu_barcelones_catalunya2020\\\/\",\"url\":\"https:\\\/\\\/www.cercledecultura.org\\\/ca\\\/ateneu_barcelones_catalunya2020\\\/\",\"name\":\"L'Ateneu Barcelon\u00e8s s'adhereix al programa Catalunya 2020. F\u00f2rum de reflexi\u00f3 sobre la cultura catalana - Cercle de Cultura\",\"isPartOf\":{\"@id\":\"https:\\\/\\\/www.cercledecultura.org\\\/ca\\\/#website\"},\"primaryImageOfPage\":{\"@id\":\"https:\\\/\\\/www.cercledecultura.org\\\/ca\\\/ateneu_barcelones_catalunya2020\\\/#primaryimage\"},\"image\":{\"@id\":\"https:\\\/\\\/www.cercledecultura.org\\\/ca\\\/ateneu_barcelones_catalunya2020\\\/#primaryimage\"},\"thumbnailUrl\":\"https:\\\/\\\/www.cercledecultura.org\\\/wp-content\\\/uploads\\\/2021\\\/02\\\/qtZqvrRp8kCzryXIFnDY8A.jpg\",\"datePublished\":\"2016-02-25T10:37:00+00:00\",\"dateModified\":\"2021-02-23T09:59:30+00:00\",\"breadcrumb\":{\"@id\":\"https:\\\/\\\/www.cercledecultura.org\\\/ca\\\/ateneu_barcelones_catalunya2020\\\/#breadcrumb\"},\"inLanguage\":\"ca\",\"potentialAction\":[{\"@type\":\"ReadAction\",\"target\":[\"https:\\\/\\\/www.cercledecultura.org\\\/ca\\\/ateneu_barcelones_catalunya2020\\\/\"]}]},{\"@type\":\"ImageObject\",\"inLanguage\":\"ca\",\"@id\":\"https:\\\/\\\/www.cercledecultura.org\\\/ca\\\/ateneu_barcelones_catalunya2020\\\/#primaryimage\",\"url\":\"https:\\\/\\\/www.cercledecultura.org\\\/wp-content\\\/uploads\\\/2021\\\/02\\\/qtZqvrRp8kCzryXIFnDY8A.jpg\",\"contentUrl\":\"https:\\\/\\\/www.cercledecultura.org\\\/wp-content\\\/uploads\\\/2021\\\/02\\\/qtZqvrRp8kCzryXIFnDY8A.jpg\",\"width\":2048,\"height\":1365},{\"@type\":\"BreadcrumbList\",\"@id\":\"https:\\\/\\\/www.cercledecultura.org\\\/ca\\\/ateneu_barcelones_catalunya2020\\\/#breadcrumb\",\"itemListElement\":[{\"@type\":\"ListItem\",\"position\":1,\"name\":\"Portada\",\"item\":\"https:\\\/\\\/www.cercledecultura.org\\\/ca\\\/\"},{\"@type\":\"ListItem\",\"position\":2,\"name\":\"L&#8217;Ateneu Barcelon\u00e8s s&#8217;adhereix al programa Catalunya 2020. F\u00f2rum de reflexi\u00f3 sobre la cultura catalana\"}]},{\"@type\":\"WebSite\",\"@id\":\"https:\\\/\\\/www.cercledecultura.org\\\/ca\\\/#website\",\"url\":\"https:\\\/\\\/www.cercledecultura.org\\\/ca\\\/\",\"name\":\"Cercle de Cultura\",\"description\":\"Entitat de car\u00e0cter privat i associatiu, independent, amb voluntat de participar en la vida p\u00fablica des de la pluralitat ideol\u00f2gica dels seus membres fundadors i futurs associats\",\"publisher\":{\"@id\":\"https:\\\/\\\/www.cercledecultura.org\\\/ca\\\/#organization\"},\"potentialAction\":[{\"@type\":\"SearchAction\",\"target\":{\"@type\":\"EntryPoint\",\"urlTemplate\":\"https:\\\/\\\/www.cercledecultura.org\\\/ca\\\/?s={search_term_string}\"},\"query-input\":{\"@type\":\"PropertyValueSpecification\",\"valueRequired\":true,\"valueName\":\"search_term_string\"}}],\"inLanguage\":\"ca\"},{\"@type\":\"Organization\",\"@id\":\"https:\\\/\\\/www.cercledecultura.org\\\/ca\\\/#organization\",\"name\":\"Cercle de Cultura\",\"url\":\"https:\\\/\\\/www.cercledecultura.org\\\/ca\\\/\",\"logo\":{\"@type\":\"ImageObject\",\"inLanguage\":\"ca\",\"@id\":\"https:\\\/\\\/www.cercledecultura.org\\\/ca\\\/#\\\/schema\\\/logo\\\/image\\\/\",\"url\":\"https:\\\/\\\/www.cercledecultura.org\\\/wp-content\\\/uploads\\\/2020\\\/01\\\/logo-cercle-de-cultura.png\",\"contentUrl\":\"https:\\\/\\\/www.cercledecultura.org\\\/wp-content\\\/uploads\\\/2020\\\/01\\\/logo-cercle-de-cultura.png\",\"width\":350,\"height\":195,\"caption\":\"Cercle de Cultura\"},\"image\":{\"@id\":\"https:\\\/\\\/www.cercledecultura.org\\\/ca\\\/#\\\/schema\\\/logo\\\/image\\\/\"}},{\"@type\":\"Person\",\"@id\":\"https:\\\/\\\/www.cercledecultura.org\\\/ca\\\/#\\\/schema\\\/person\\\/269db25cfadcb4bd2e41781c819942f9\",\"name\":\"admin\",\"image\":{\"@type\":\"ImageObject\",\"inLanguage\":\"ca\",\"@id\":\"https:\\\/\\\/secure.gravatar.com\\\/avatar\\\/e88a8bb50a361c6d45c4709770a3d765016be4b5d85313447b91d0d707434ad9?s=96&d=mm&r=g\",\"url\":\"https:\\\/\\\/secure.gravatar.com\\\/avatar\\\/e88a8bb50a361c6d45c4709770a3d765016be4b5d85313447b91d0d707434ad9?s=96&d=mm&r=g\",\"contentUrl\":\"https:\\\/\\\/secure.gravatar.com\\\/avatar\\\/e88a8bb50a361c6d45c4709770a3d765016be4b5d85313447b91d0d707434ad9?s=96&d=mm&r=g\",\"caption\":\"admin\"},\"url\":\"https:\\\/\\\/www.cercledecultura.org\\\/ca\\\/author\\\/seic_trzh7tdr\\\/\"}]}<\/script>\n<!-- \/ Yoast SEO plugin. -->","yoast_head_json":{"title":"L'Ateneu Barcelon\u00e8s s'adhereix al programa Catalunya 2020. F\u00f2rum de reflexi\u00f3 sobre la cultura catalana - Cercle de Cultura","robots":{"index":"index","follow":"follow","max-snippet":"max-snippet:-1","max-image-preview":"max-image-preview:large","max-video-preview":"max-video-preview:-1"},"canonical":"https:\/\/www.cercledecultura.org\/ca\/ateneu_barcelones_catalunya2020\/","og_locale":"ca_ES","og_type":"article","og_title":"L'Ateneu Barcelon\u00e8s s'adhereix al programa Catalunya 2020. F\u00f2rum de reflexi\u00f3 sobre la cultura catalana - Cercle de Cultura","og_description":"L'acte de presentaci\u00f3 de l'Ateneu Barcelon\u00e8s al Cercle de Cultura ha estat el primer pas dels preparatius del programa Catalunya 2020 F\u00f2rum de reflexi\u00f3 sobre la cultura catalana, que t\u00e9 com a objectiu impulsar una reflexi\u00f3 integral del conjunt del sector durant els dos propers anys, que serveixi per fer de la cultura un dels principals eixos vertebradors del pa\u00eds","og_url":"https:\/\/www.cercledecultura.org\/ca\/ateneu_barcelones_catalunya2020\/","og_site_name":"Cercle de Cultura","article_published_time":"2016-02-25T10:37:00+00:00","article_modified_time":"2021-02-23T09:59:30+00:00","og_image":[{"width":2048,"height":1365,"url":"https:\/\/www.cercledecultura.org\/wp-content\/uploads\/2021\/02\/qtZqvrRp8kCzryXIFnDY8A.jpg","type":"image\/jpeg"}],"author":"admin","twitter_card":"summary_large_image","twitter_misc":{"Escrit per":"admin","Temps estimat de lectura":"2 minuts"},"schema":{"@context":"https:\/\/schema.org","@graph":[{"@type":"Article","@id":"https:\/\/www.cercledecultura.org\/ca\/ateneu_barcelones_catalunya2020\/#article","isPartOf":{"@id":"https:\/\/www.cercledecultura.org\/ca\/ateneu_barcelones_catalunya2020\/"},"author":{"name":"admin","@id":"https:\/\/www.cercledecultura.org\/ca\/#\/schema\/person\/269db25cfadcb4bd2e41781c819942f9"},"headline":"L&#8217;Ateneu Barcelon\u00e8s s&#8217;adhereix al programa Catalunya 2020. F\u00f2rum de reflexi\u00f3 sobre la cultura catalana","datePublished":"2016-02-25T10:37:00+00:00","dateModified":"2021-02-23T09:59:30+00:00","mainEntityOfPage":{"@id":"https:\/\/www.cercledecultura.org\/ca\/ateneu_barcelones_catalunya2020\/"},"wordCount":349,"commentCount":0,"publisher":{"@id":"https:\/\/www.cercledecultura.org\/ca\/#organization"},"image":{"@id":"https:\/\/www.cercledecultura.org\/ca\/ateneu_barcelones_catalunya2020\/#primaryimage"},"thumbnailUrl":"https:\/\/www.cercledecultura.org\/wp-content\/uploads\/2021\/02\/qtZqvrRp8kCzryXIFnDY8A.jpg","keywords":["ateneu","Ateneu Barcelon\u00e8s","Catalunya 2020","Cultura","Francesc Bellmunt","Llu\u00eds Bonet","Patr\u00edcia Gabancho","Pol\u00edtica Cultural"],"articleSection":["Not\u00edcies"],"inLanguage":"ca","potentialAction":[{"@type":"CommentAction","name":"Comment","target":["https:\/\/www.cercledecultura.org\/ca\/ateneu_barcelones_catalunya2020\/#respond"]}]},{"@type":"WebPage","@id":"https:\/\/www.cercledecultura.org\/ca\/ateneu_barcelones_catalunya2020\/","url":"https:\/\/www.cercledecultura.org\/ca\/ateneu_barcelones_catalunya2020\/","name":"L'Ateneu Barcelon\u00e8s s'adhereix al programa Catalunya 2020. F\u00f2rum de reflexi\u00f3 sobre la cultura catalana - Cercle de Cultura","isPartOf":{"@id":"https:\/\/www.cercledecultura.org\/ca\/#website"},"primaryImageOfPage":{"@id":"https:\/\/www.cercledecultura.org\/ca\/ateneu_barcelones_catalunya2020\/#primaryimage"},"image":{"@id":"https:\/\/www.cercledecultura.org\/ca\/ateneu_barcelones_catalunya2020\/#primaryimage"},"thumbnailUrl":"https:\/\/www.cercledecultura.org\/wp-content\/uploads\/2021\/02\/qtZqvrRp8kCzryXIFnDY8A.jpg","datePublished":"2016-02-25T10:37:00+00:00","dateModified":"2021-02-23T09:59:30+00:00","breadcrumb":{"@id":"https:\/\/www.cercledecultura.org\/ca\/ateneu_barcelones_catalunya2020\/#breadcrumb"},"inLanguage":"ca","potentialAction":[{"@type":"ReadAction","target":["https:\/\/www.cercledecultura.org\/ca\/ateneu_barcelones_catalunya2020\/"]}]},{"@type":"ImageObject","inLanguage":"ca","@id":"https:\/\/www.cercledecultura.org\/ca\/ateneu_barcelones_catalunya2020\/#primaryimage","url":"https:\/\/www.cercledecultura.org\/wp-content\/uploads\/2021\/02\/qtZqvrRp8kCzryXIFnDY8A.jpg","contentUrl":"https:\/\/www.cercledecultura.org\/wp-content\/uploads\/2021\/02\/qtZqvrRp8kCzryXIFnDY8A.jpg","width":2048,"height":1365},{"@type":"BreadcrumbList","@id":"https:\/\/www.cercledecultura.org\/ca\/ateneu_barcelones_catalunya2020\/#breadcrumb","itemListElement":[{"@type":"ListItem","position":1,"name":"Portada","item":"https:\/\/www.cercledecultura.org\/ca\/"},{"@type":"ListItem","position":2,"name":"L&#8217;Ateneu Barcelon\u00e8s s&#8217;adhereix al programa Catalunya 2020. F\u00f2rum de reflexi\u00f3 sobre la cultura catalana"}]},{"@type":"WebSite","@id":"https:\/\/www.cercledecultura.org\/ca\/#website","url":"https:\/\/www.cercledecultura.org\/ca\/","name":"Cercle de Cultura","description":"Entitat de car\u00e0cter privat i associatiu, independent, amb voluntat de participar en la vida p\u00fablica des de la pluralitat ideol\u00f2gica dels seus membres fundadors i futurs associats","publisher":{"@id":"https:\/\/www.cercledecultura.org\/ca\/#organization"},"potentialAction":[{"@type":"SearchAction","target":{"@type":"EntryPoint","urlTemplate":"https:\/\/www.cercledecultura.org\/ca\/?s={search_term_string}"},"query-input":{"@type":"PropertyValueSpecification","valueRequired":true,"valueName":"search_term_string"}}],"inLanguage":"ca"},{"@type":"Organization","@id":"https:\/\/www.cercledecultura.org\/ca\/#organization","name":"Cercle de Cultura","url":"https:\/\/www.cercledecultura.org\/ca\/","logo":{"@type":"ImageObject","inLanguage":"ca","@id":"https:\/\/www.cercledecultura.org\/ca\/#\/schema\/logo\/image\/","url":"https:\/\/www.cercledecultura.org\/wp-content\/uploads\/2020\/01\/logo-cercle-de-cultura.png","contentUrl":"https:\/\/www.cercledecultura.org\/wp-content\/uploads\/2020\/01\/logo-cercle-de-cultura.png","width":350,"height":195,"caption":"Cercle de Cultura"},"image":{"@id":"https:\/\/www.cercledecultura.org\/ca\/#\/schema\/logo\/image\/"}},{"@type":"Person","@id":"https:\/\/www.cercledecultura.org\/ca\/#\/schema\/person\/269db25cfadcb4bd2e41781c819942f9","name":"admin","image":{"@type":"ImageObject","inLanguage":"ca","@id":"https:\/\/secure.gravatar.com\/avatar\/e88a8bb50a361c6d45c4709770a3d765016be4b5d85313447b91d0d707434ad9?s=96&d=mm&r=g","url":"https:\/\/secure.gravatar.com\/avatar\/e88a8bb50a361c6d45c4709770a3d765016be4b5d85313447b91d0d707434ad9?s=96&d=mm&r=g","contentUrl":"https:\/\/secure.gravatar.com\/avatar\/e88a8bb50a361c6d45c4709770a3d765016be4b5d85313447b91d0d707434ad9?s=96&d=mm&r=g","caption":"admin"},"url":"https:\/\/www.cercledecultura.org\/ca\/author\/seic_trzh7tdr\/"}]}},"_links":{"self":[{"href":"https:\/\/www.cercledecultura.org\/ca\/wp-json\/wp\/v2\/posts\/672","targetHints":{"allow":["GET"]}}],"collection":[{"href":"https:\/\/www.cercledecultura.org\/ca\/wp-json\/wp\/v2\/posts"}],"about":[{"href":"https:\/\/www.cercledecultura.org\/ca\/wp-json\/wp\/v2\/types\/post"}],"author":[{"embeddable":true,"href":"https:\/\/www.cercledecultura.org\/ca\/wp-json\/wp\/v2\/users\/1"}],"replies":[{"embeddable":true,"href":"https:\/\/www.cercledecultura.org\/ca\/wp-json\/wp\/v2\/comments?post=672"}],"version-history":[{"count":1,"href":"https:\/\/www.cercledecultura.org\/ca\/wp-json\/wp\/v2\/posts\/672\/revisions"}],"predecessor-version":[{"id":1094,"href":"https:\/\/www.cercledecultura.org\/ca\/wp-json\/wp\/v2\/posts\/672\/revisions\/1094"}],"wp:featuredmedia":[{"embeddable":true,"href":"https:\/\/www.cercledecultura.org\/ca\/wp-json\/wp\/v2\/media\/673"}],"wp:attachment":[{"href":"https:\/\/www.cercledecultura.org\/ca\/wp-json\/wp\/v2\/media?parent=672"}],"wp:term":[{"taxonomy":"category","embeddable":true,"href":"https:\/\/www.cercledecultura.org\/ca\/wp-json\/wp\/v2\/categories?post=672"},{"taxonomy":"post_tag","embeddable":true,"href":"https:\/\/www.cercledecultura.org\/ca\/wp-json\/wp\/v2\/tags?post=672"}],"curies":[{"name":"wp","href":"https:\/\/api.w.org\/{rel}","templated":true}]}}