{"id":666,"date":"2016-02-09T05:05:00","date_gmt":"2016-02-09T05:05:00","guid":{"rendered":"https:\/\/pre.cercledecultura.org\/montserrat_bou_audiovisual_entrevista\/"},"modified":"2021-02-23T09:59:29","modified_gmt":"2021-02-23T09:59:29","slug":"montserrat_bou_audiovisual_entrevista","status":"publish","type":"post","link":"https:\/\/www.cercledecultura.org\/ca\/montserrat_bou_audiovisual_entrevista\/","title":{"rendered":"Entrevista a Montserrat Bou: l&#8217;audiovisual catal\u00e0 t\u00e9 el repte de refermar la seva internacionalitzaci\u00f3"},"content":{"rendered":"<p>On et trobem?  Actualment ocupo el c\u00e0rrec de secret\u00e0ria general de PROA, la federaci\u00f3 dels productors audiovisuals catalans. Treballo per defensar els interessos del sector a nivell nacional i internacional.  Quin ha estat el teu darrer \u00e8xit?  Aconseguir reunir un excel\u00b7lent equip de treball a PROA.  Quin projecte has hagut d\u2019abandonar darrerament?  Ajorno, de moment, alguns projectes personals que espero reprendre en el futur.  Qu\u00e8 no sap la gent de tu?  Que si un dia em perdo, em trobareu al Priorat. M\u2019agrada el seu paisatge i la seva gent. Amb ells he redescobert el gust per la lectura comentada al voltant d\u2019una bona copa de vi i uns carquinyolis insuperables!  Qu\u00e8 li demanaries al Cercle de Cultura?  Que assoleixi la fita d\u2019esdevenir un centre d\u2019opini\u00f3 cultural al marge dels partits pol\u00edtics, ampliant horitzons i incorporant les noves dimensions de la cultura com, per exemple, la del digital.  Qu\u00e8 \u00e9s per a tu Cultura?  Tot all\u00f2 que enriqueix i eixampla la mirada i l\u2019\u00e0nima de l\u2019\u00e9sser hum\u00e0.  Anant de l\u2019\u00e0mbit personal al teu sector professional, quin \u00e9s l&#8217;estat de salut de la ind\u00fastria audiovisual catalana?  La ind\u00fastria audiovisual catalana est\u00e0 lluitant per superar el sot que ha suposat la crisi econ\u00f2mica d\u2019aquests anys. Tanmateix, el talent i la preparaci\u00f3 hi s\u00f3n i aquesta \u00e9s la for\u00e7a que permetr\u00e0 superar totes les dificultats econ\u00f2miques.  Hem comen\u00e7at l\u2019any amb els premis Gaud\u00ed i despr\u00e9s amb els Goya. Com valores el reconeixement que ha rebut aquests darrers anys la producci\u00f3 audiovisual catalana i especialment el cinema?  Cada vegada m\u00e9s el p\u00fablic \u00e9s conscient que el cinema que es fa a Catalunya \u00e9s de qualitat, t\u00e9 projecci\u00f3 internacional i mereix ser vist. El cinema catal\u00e0 t\u00e9 molt a dir i ho diu b\u00e9. Els Gaud\u00ed d\u2019aquest any han estat una bona mostra de la diversitat de la nostra producci\u00f3, ja sigui en versi\u00f3 original catalana o no.  Quins s\u00f3n els grans reptes de futur del m\u00f3n audiovisual i, concretament, dels productors audiovisuals catalans?  Un dels grans reptes \u00e9s, sens dubte, refermar la internacionalitzaci\u00f3 de l\u2019audiovisual catal\u00e0 no nom\u00e9s pel que fa al circuit de prestigi (pres\u00e8ncia en festivals i reconeixements internacionals) sin\u00f3 pel que fa al circuit estrictament comercial. Manca encara treball per consolidar l\u2019espai de l\u2019audiovisual catal\u00e0 dins de la ind\u00fastria audiovisual a nivell global.  Abans d\u2019acabar el 2015 vam saber del trencament de relacions entre dues grans associacions de productors audiovisuals: PROA i\u00a0 FAPAE. Quins van ser els motius?  PROA no se sentia el suficientment representada per la confederaci\u00f3. D\u2019una banda, s\u2019havia intentat negociar un model territorial d\u2019actuaci\u00f3 que no va arribar a bon\u00a0 port. I, de l\u2019altra, PROA no estava d\u2019acord amb l\u2019organitzaci\u00f3 interna de FAPAE en la qual no es reconeixia la nostra singularitat como a federaci\u00f3. Ambdues situacions feien que la llibertat de PROA es vei\u00e9s retallada aix\u00ed que, amb el consens d\u2019una \u00e0mplia majoria dels nostres socis, vam decidir que la millor opci\u00f3 era seguir camins separats i treballar conjuntament en temes puntuals quan ambdues federacions ho consider\u00e9ssim oport\u00fa.  A partir d\u2019aquest\u00a0 nou escenari, on PROA actua de forma independent, quina \u00e9s la interlocuci\u00f3 del sector catal\u00e0 amb l&#8217;administraci\u00f3 de l&#8217;Estat i les grans empreses del sector?  Des que ens vam separar de FAPAE hem dedicat una especial atenci\u00f3 en establir lligams i negociacions directes tant amb l\u2019administraci\u00f3 de l\u2019estat com amb altres entitats, de la mateixa manera que ho hem treballat\u00a0 a Catalunya. \u00c9s aix\u00ed com PROA s\u2019est\u00e0 situant com a un dels principals\u00a0 interlocutors a tenir en compte a l\u2019hora que es prenguin les decisions que afecten al conjunt del sector audiovisual de l\u2019estat.  Com valores la posada en marxa de nous instruments per al R+D+I de les ind\u00fastries creatives com la recent creaci\u00f3 del Barcelona Media Alliance?  Barcelona Media Alliance \u00e9s una associaci\u00f3 de recent creaci\u00f3 que estaria dins l\u2019\u00e0mbit de les ind\u00fastries culturals i basades en l\u2019experi\u00e8ncia del RIS3CAT, que \u00e9s l\u2019estrat\u00e8gia de recerca i innovaci\u00f3 per a l&#8217;especialitzaci\u00f3 intel\u00b7ligent de Catalunya RIS3CAT; el programa que ha de garantir que les inversions en recerca i innovaci\u00f3 cofinan\u00e7ades per la Uni\u00f3 Europea es tradueixin en creixement econ\u00f2mic i creaci\u00f3 d&#8217;ocupaci\u00f3. L\u2019objectiu d\u2019aquesta associaci\u00f3 \u00e9s col\u00b7laborar en l\u2019impuls per la innovaci\u00f3 i millorar la competitivitat d\u2019aquests sectors. PROA ha estat convidada a formar part de Barcelona Media Alliance, i ho hem acceptat perqu\u00e8 compartim l\u2019objectiu de fer cr\u00e9ixer i millorar les condicions del sector audiovisual. \u00a0<\/p>\n","protected":false},"excerpt":{"rendered":"<p>Montserrat Bou, secret\u00e0ria general de la federaci\u00f3 PROA de productors audiovisuals, analitza el bon moment del nostre cinema, els seus reptes i les noves estrat\u00e8gies d&#8217;innovaci\u00f3, que afecten tamb\u00e9 altres \u00e0mbits de les ind\u00fastries culturals del nostre pa\u00eds.<\/p>\n","protected":false},"author":1,"featured_media":667,"comment_status":"open","ping_status":"closed","sticky":false,"template":"","format":"standard","meta":{"footnotes":""},"categories":[26],"tags":[144,194,7,22,5,197,198,193,190,191,192,196,199,195,200],"class_list":["post-666","post","type-post","status-publish","format-standard","has-post-thumbnail","hentry","category-noticies","tag-audiovisual","tag-barcelona-media-alliance","tag-cercle-de-cultura","tag-cinema","tag-cultura","tag-fapae","tag-innovacio","tag-internacionalitzacio","tag-montserrat-bou","tag-premis-gaudi","tag-premis-goya","tag-proa","tag-rdi","tag-ris3cat","tag-ue"],"yoast_head":"<!-- This site is optimized with the Yoast SEO plugin v27.5 - https:\/\/yoast.com\/product\/yoast-seo-wordpress\/ -->\n<title>Entrevista a Montserrat Bou: l&#039;audiovisual catal\u00e0 t\u00e9 el repte de refermar la seva internacionalitzaci\u00f3 - Cercle de Cultura<\/title>\n<meta name=\"robots\" content=\"index, follow, max-snippet:-1, max-image-preview:large, max-video-preview:-1\" \/>\n<link rel=\"canonical\" href=\"https:\/\/www.cercledecultura.org\/ca\/montserrat_bou_audiovisual_entrevista\/\" \/>\n<meta property=\"og:locale\" content=\"ca_ES\" \/>\n<meta property=\"og:type\" content=\"article\" \/>\n<meta property=\"og:title\" content=\"Entrevista a Montserrat Bou: l&#039;audiovisual catal\u00e0 t\u00e9 el repte de refermar la seva internacionalitzaci\u00f3 - Cercle de Cultura\" \/>\n<meta property=\"og:description\" content=\"Montserrat Bou, secret\u00e0ria general de la federaci\u00f3 PROA de productors audiovisuals, analitza el bon moment del nostre cinema, els seus reptes i les noves estrat\u00e8gies d&#039;innovaci\u00f3, que afecten tamb\u00e9 altres \u00e0mbits de les ind\u00fastries culturals del nostre pa\u00eds.\" \/>\n<meta property=\"og:url\" content=\"https:\/\/www.cercledecultura.org\/ca\/montserrat_bou_audiovisual_entrevista\/\" \/>\n<meta property=\"og:site_name\" content=\"Cercle de Cultura\" \/>\n<meta property=\"article:published_time\" content=\"2016-02-09T05:05:00+00:00\" \/>\n<meta property=\"article:modified_time\" content=\"2021-02-23T09:59:29+00:00\" \/>\n<meta property=\"og:image\" content=\"https:\/\/www.cercledecultura.org\/wp-content\/uploads\/2021\/02\/Ha6GYjDFqEedycQvsJwlAQ.jpg\" \/>\n\t<meta property=\"og:image:width\" content=\"1274\" \/>\n\t<meta property=\"og:image:height\" content=\"849\" \/>\n\t<meta property=\"og:image:type\" content=\"image\/jpeg\" \/>\n<meta name=\"author\" content=\"admin\" \/>\n<meta name=\"twitter:card\" content=\"summary_large_image\" \/>\n<meta name=\"twitter:label1\" content=\"Escrit per\" \/>\n\t<meta name=\"twitter:data1\" content=\"admin\" \/>\n\t<meta name=\"twitter:label2\" content=\"Temps estimat de lectura\" \/>\n\t<meta name=\"twitter:data2\" content=\"4 minuts\" \/>\n<script type=\"application\/ld+json\" class=\"yoast-schema-graph\">{\"@context\":\"https:\\\/\\\/schema.org\",\"@graph\":[{\"@type\":\"Article\",\"@id\":\"https:\\\/\\\/www.cercledecultura.org\\\/ca\\\/montserrat_bou_audiovisual_entrevista\\\/#article\",\"isPartOf\":{\"@id\":\"https:\\\/\\\/www.cercledecultura.org\\\/ca\\\/montserrat_bou_audiovisual_entrevista\\\/\"},\"author\":{\"name\":\"admin\",\"@id\":\"https:\\\/\\\/www.cercledecultura.org\\\/ca\\\/#\\\/schema\\\/person\\\/269db25cfadcb4bd2e41781c819942f9\"},\"headline\":\"Entrevista a Montserrat Bou: l&#8217;audiovisual catal\u00e0 t\u00e9 el repte de refermar la seva internacionalitzaci\u00f3\",\"datePublished\":\"2016-02-09T05:05:00+00:00\",\"dateModified\":\"2021-02-23T09:59:29+00:00\",\"mainEntityOfPage\":{\"@id\":\"https:\\\/\\\/www.cercledecultura.org\\\/ca\\\/montserrat_bou_audiovisual_entrevista\\\/\"},\"wordCount\":817,\"commentCount\":0,\"publisher\":{\"@id\":\"https:\\\/\\\/www.cercledecultura.org\\\/ca\\\/#organization\"},\"image\":{\"@id\":\"https:\\\/\\\/www.cercledecultura.org\\\/ca\\\/montserrat_bou_audiovisual_entrevista\\\/#primaryimage\"},\"thumbnailUrl\":\"https:\\\/\\\/www.cercledecultura.org\\\/wp-content\\\/uploads\\\/2021\\\/02\\\/Ha6GYjDFqEedycQvsJwlAQ.jpg\",\"keywords\":[\"audiovisual\",\"Barcelona Media Alliance\",\"Cercle de Cultura\",\"Cinema\",\"Cultura\",\"FAPAE\",\"innovaci\u00f3\",\"internacionalitzaci\u00f3\",\"Montserrat Bou\",\"Premis Gaud\u00ed\",\"Premis Goya\",\"PROA\",\"R+D+I\",\"RIS3CAT\",\"UE\"],\"articleSection\":[\"Not\u00edcies\"],\"inLanguage\":\"ca\",\"potentialAction\":[{\"@type\":\"CommentAction\",\"name\":\"Comment\",\"target\":[\"https:\\\/\\\/www.cercledecultura.org\\\/ca\\\/montserrat_bou_audiovisual_entrevista\\\/#respond\"]}]},{\"@type\":\"WebPage\",\"@id\":\"https:\\\/\\\/www.cercledecultura.org\\\/ca\\\/montserrat_bou_audiovisual_entrevista\\\/\",\"url\":\"https:\\\/\\\/www.cercledecultura.org\\\/ca\\\/montserrat_bou_audiovisual_entrevista\\\/\",\"name\":\"Entrevista a Montserrat Bou: l'audiovisual catal\u00e0 t\u00e9 el repte de refermar la seva internacionalitzaci\u00f3 - Cercle de Cultura\",\"isPartOf\":{\"@id\":\"https:\\\/\\\/www.cercledecultura.org\\\/ca\\\/#website\"},\"primaryImageOfPage\":{\"@id\":\"https:\\\/\\\/www.cercledecultura.org\\\/ca\\\/montserrat_bou_audiovisual_entrevista\\\/#primaryimage\"},\"image\":{\"@id\":\"https:\\\/\\\/www.cercledecultura.org\\\/ca\\\/montserrat_bou_audiovisual_entrevista\\\/#primaryimage\"},\"thumbnailUrl\":\"https:\\\/\\\/www.cercledecultura.org\\\/wp-content\\\/uploads\\\/2021\\\/02\\\/Ha6GYjDFqEedycQvsJwlAQ.jpg\",\"datePublished\":\"2016-02-09T05:05:00+00:00\",\"dateModified\":\"2021-02-23T09:59:29+00:00\",\"breadcrumb\":{\"@id\":\"https:\\\/\\\/www.cercledecultura.org\\\/ca\\\/montserrat_bou_audiovisual_entrevista\\\/#breadcrumb\"},\"inLanguage\":\"ca\",\"potentialAction\":[{\"@type\":\"ReadAction\",\"target\":[\"https:\\\/\\\/www.cercledecultura.org\\\/ca\\\/montserrat_bou_audiovisual_entrevista\\\/\"]}]},{\"@type\":\"ImageObject\",\"inLanguage\":\"ca\",\"@id\":\"https:\\\/\\\/www.cercledecultura.org\\\/ca\\\/montserrat_bou_audiovisual_entrevista\\\/#primaryimage\",\"url\":\"https:\\\/\\\/www.cercledecultura.org\\\/wp-content\\\/uploads\\\/2021\\\/02\\\/Ha6GYjDFqEedycQvsJwlAQ.jpg\",\"contentUrl\":\"https:\\\/\\\/www.cercledecultura.org\\\/wp-content\\\/uploads\\\/2021\\\/02\\\/Ha6GYjDFqEedycQvsJwlAQ.jpg\",\"width\":1274,\"height\":849},{\"@type\":\"BreadcrumbList\",\"@id\":\"https:\\\/\\\/www.cercledecultura.org\\\/ca\\\/montserrat_bou_audiovisual_entrevista\\\/#breadcrumb\",\"itemListElement\":[{\"@type\":\"ListItem\",\"position\":1,\"name\":\"Portada\",\"item\":\"https:\\\/\\\/www.cercledecultura.org\\\/ca\\\/\"},{\"@type\":\"ListItem\",\"position\":2,\"name\":\"Entrevista a Montserrat Bou: l&#8217;audiovisual catal\u00e0 t\u00e9 el repte de refermar la seva internacionalitzaci\u00f3\"}]},{\"@type\":\"WebSite\",\"@id\":\"https:\\\/\\\/www.cercledecultura.org\\\/ca\\\/#website\",\"url\":\"https:\\\/\\\/www.cercledecultura.org\\\/ca\\\/\",\"name\":\"Cercle de Cultura\",\"description\":\"Entitat de car\u00e0cter privat i associatiu, independent, amb voluntat de participar en la vida p\u00fablica des de la pluralitat ideol\u00f2gica dels seus membres fundadors i futurs associats\",\"publisher\":{\"@id\":\"https:\\\/\\\/www.cercledecultura.org\\\/ca\\\/#organization\"},\"potentialAction\":[{\"@type\":\"SearchAction\",\"target\":{\"@type\":\"EntryPoint\",\"urlTemplate\":\"https:\\\/\\\/www.cercledecultura.org\\\/ca\\\/?s={search_term_string}\"},\"query-input\":{\"@type\":\"PropertyValueSpecification\",\"valueRequired\":true,\"valueName\":\"search_term_string\"}}],\"inLanguage\":\"ca\"},{\"@type\":\"Organization\",\"@id\":\"https:\\\/\\\/www.cercledecultura.org\\\/ca\\\/#organization\",\"name\":\"Cercle de Cultura\",\"url\":\"https:\\\/\\\/www.cercledecultura.org\\\/ca\\\/\",\"logo\":{\"@type\":\"ImageObject\",\"inLanguage\":\"ca\",\"@id\":\"https:\\\/\\\/www.cercledecultura.org\\\/ca\\\/#\\\/schema\\\/logo\\\/image\\\/\",\"url\":\"https:\\\/\\\/www.cercledecultura.org\\\/wp-content\\\/uploads\\\/2020\\\/01\\\/logo-cercle-de-cultura.png\",\"contentUrl\":\"https:\\\/\\\/www.cercledecultura.org\\\/wp-content\\\/uploads\\\/2020\\\/01\\\/logo-cercle-de-cultura.png\",\"width\":350,\"height\":195,\"caption\":\"Cercle de Cultura\"},\"image\":{\"@id\":\"https:\\\/\\\/www.cercledecultura.org\\\/ca\\\/#\\\/schema\\\/logo\\\/image\\\/\"}},{\"@type\":\"Person\",\"@id\":\"https:\\\/\\\/www.cercledecultura.org\\\/ca\\\/#\\\/schema\\\/person\\\/269db25cfadcb4bd2e41781c819942f9\",\"name\":\"admin\",\"image\":{\"@type\":\"ImageObject\",\"inLanguage\":\"ca\",\"@id\":\"https:\\\/\\\/secure.gravatar.com\\\/avatar\\\/e88a8bb50a361c6d45c4709770a3d765016be4b5d85313447b91d0d707434ad9?s=96&d=mm&r=g\",\"url\":\"https:\\\/\\\/secure.gravatar.com\\\/avatar\\\/e88a8bb50a361c6d45c4709770a3d765016be4b5d85313447b91d0d707434ad9?s=96&d=mm&r=g\",\"contentUrl\":\"https:\\\/\\\/secure.gravatar.com\\\/avatar\\\/e88a8bb50a361c6d45c4709770a3d765016be4b5d85313447b91d0d707434ad9?s=96&d=mm&r=g\",\"caption\":\"admin\"},\"url\":\"https:\\\/\\\/www.cercledecultura.org\\\/ca\\\/author\\\/seic_trzh7tdr\\\/\"}]}<\/script>\n<!-- \/ Yoast SEO plugin. -->","yoast_head_json":{"title":"Entrevista a Montserrat Bou: l'audiovisual catal\u00e0 t\u00e9 el repte de refermar la seva internacionalitzaci\u00f3 - Cercle de Cultura","robots":{"index":"index","follow":"follow","max-snippet":"max-snippet:-1","max-image-preview":"max-image-preview:large","max-video-preview":"max-video-preview:-1"},"canonical":"https:\/\/www.cercledecultura.org\/ca\/montserrat_bou_audiovisual_entrevista\/","og_locale":"ca_ES","og_type":"article","og_title":"Entrevista a Montserrat Bou: l'audiovisual catal\u00e0 t\u00e9 el repte de refermar la seva internacionalitzaci\u00f3 - Cercle de Cultura","og_description":"Montserrat Bou, secret\u00e0ria general de la federaci\u00f3 PROA de productors audiovisuals, analitza el bon moment del nostre cinema, els seus reptes i les noves estrat\u00e8gies d'innovaci\u00f3, que afecten tamb\u00e9 altres \u00e0mbits de les ind\u00fastries culturals del nostre pa\u00eds.","og_url":"https:\/\/www.cercledecultura.org\/ca\/montserrat_bou_audiovisual_entrevista\/","og_site_name":"Cercle de Cultura","article_published_time":"2016-02-09T05:05:00+00:00","article_modified_time":"2021-02-23T09:59:29+00:00","og_image":[{"width":1274,"height":849,"url":"https:\/\/www.cercledecultura.org\/wp-content\/uploads\/2021\/02\/Ha6GYjDFqEedycQvsJwlAQ.jpg","type":"image\/jpeg"}],"author":"admin","twitter_card":"summary_large_image","twitter_misc":{"Escrit per":"admin","Temps estimat de lectura":"4 minuts"},"schema":{"@context":"https:\/\/schema.org","@graph":[{"@type":"Article","@id":"https:\/\/www.cercledecultura.org\/ca\/montserrat_bou_audiovisual_entrevista\/#article","isPartOf":{"@id":"https:\/\/www.cercledecultura.org\/ca\/montserrat_bou_audiovisual_entrevista\/"},"author":{"name":"admin","@id":"https:\/\/www.cercledecultura.org\/ca\/#\/schema\/person\/269db25cfadcb4bd2e41781c819942f9"},"headline":"Entrevista a Montserrat Bou: l&#8217;audiovisual catal\u00e0 t\u00e9 el repte de refermar la seva internacionalitzaci\u00f3","datePublished":"2016-02-09T05:05:00+00:00","dateModified":"2021-02-23T09:59:29+00:00","mainEntityOfPage":{"@id":"https:\/\/www.cercledecultura.org\/ca\/montserrat_bou_audiovisual_entrevista\/"},"wordCount":817,"commentCount":0,"publisher":{"@id":"https:\/\/www.cercledecultura.org\/ca\/#organization"},"image":{"@id":"https:\/\/www.cercledecultura.org\/ca\/montserrat_bou_audiovisual_entrevista\/#primaryimage"},"thumbnailUrl":"https:\/\/www.cercledecultura.org\/wp-content\/uploads\/2021\/02\/Ha6GYjDFqEedycQvsJwlAQ.jpg","keywords":["audiovisual","Barcelona Media Alliance","Cercle de Cultura","Cinema","Cultura","FAPAE","innovaci\u00f3","internacionalitzaci\u00f3","Montserrat Bou","Premis Gaud\u00ed","Premis Goya","PROA","R+D+I","RIS3CAT","UE"],"articleSection":["Not\u00edcies"],"inLanguage":"ca","potentialAction":[{"@type":"CommentAction","name":"Comment","target":["https:\/\/www.cercledecultura.org\/ca\/montserrat_bou_audiovisual_entrevista\/#respond"]}]},{"@type":"WebPage","@id":"https:\/\/www.cercledecultura.org\/ca\/montserrat_bou_audiovisual_entrevista\/","url":"https:\/\/www.cercledecultura.org\/ca\/montserrat_bou_audiovisual_entrevista\/","name":"Entrevista a Montserrat Bou: l'audiovisual catal\u00e0 t\u00e9 el repte de refermar la seva internacionalitzaci\u00f3 - Cercle de Cultura","isPartOf":{"@id":"https:\/\/www.cercledecultura.org\/ca\/#website"},"primaryImageOfPage":{"@id":"https:\/\/www.cercledecultura.org\/ca\/montserrat_bou_audiovisual_entrevista\/#primaryimage"},"image":{"@id":"https:\/\/www.cercledecultura.org\/ca\/montserrat_bou_audiovisual_entrevista\/#primaryimage"},"thumbnailUrl":"https:\/\/www.cercledecultura.org\/wp-content\/uploads\/2021\/02\/Ha6GYjDFqEedycQvsJwlAQ.jpg","datePublished":"2016-02-09T05:05:00+00:00","dateModified":"2021-02-23T09:59:29+00:00","breadcrumb":{"@id":"https:\/\/www.cercledecultura.org\/ca\/montserrat_bou_audiovisual_entrevista\/#breadcrumb"},"inLanguage":"ca","potentialAction":[{"@type":"ReadAction","target":["https:\/\/www.cercledecultura.org\/ca\/montserrat_bou_audiovisual_entrevista\/"]}]},{"@type":"ImageObject","inLanguage":"ca","@id":"https:\/\/www.cercledecultura.org\/ca\/montserrat_bou_audiovisual_entrevista\/#primaryimage","url":"https:\/\/www.cercledecultura.org\/wp-content\/uploads\/2021\/02\/Ha6GYjDFqEedycQvsJwlAQ.jpg","contentUrl":"https:\/\/www.cercledecultura.org\/wp-content\/uploads\/2021\/02\/Ha6GYjDFqEedycQvsJwlAQ.jpg","width":1274,"height":849},{"@type":"BreadcrumbList","@id":"https:\/\/www.cercledecultura.org\/ca\/montserrat_bou_audiovisual_entrevista\/#breadcrumb","itemListElement":[{"@type":"ListItem","position":1,"name":"Portada","item":"https:\/\/www.cercledecultura.org\/ca\/"},{"@type":"ListItem","position":2,"name":"Entrevista a Montserrat Bou: l&#8217;audiovisual catal\u00e0 t\u00e9 el repte de refermar la seva internacionalitzaci\u00f3"}]},{"@type":"WebSite","@id":"https:\/\/www.cercledecultura.org\/ca\/#website","url":"https:\/\/www.cercledecultura.org\/ca\/","name":"Cercle de Cultura","description":"Entitat de car\u00e0cter privat i associatiu, independent, amb voluntat de participar en la vida p\u00fablica des de la pluralitat ideol\u00f2gica dels seus membres fundadors i futurs associats","publisher":{"@id":"https:\/\/www.cercledecultura.org\/ca\/#organization"},"potentialAction":[{"@type":"SearchAction","target":{"@type":"EntryPoint","urlTemplate":"https:\/\/www.cercledecultura.org\/ca\/?s={search_term_string}"},"query-input":{"@type":"PropertyValueSpecification","valueRequired":true,"valueName":"search_term_string"}}],"inLanguage":"ca"},{"@type":"Organization","@id":"https:\/\/www.cercledecultura.org\/ca\/#organization","name":"Cercle de Cultura","url":"https:\/\/www.cercledecultura.org\/ca\/","logo":{"@type":"ImageObject","inLanguage":"ca","@id":"https:\/\/www.cercledecultura.org\/ca\/#\/schema\/logo\/image\/","url":"https:\/\/www.cercledecultura.org\/wp-content\/uploads\/2020\/01\/logo-cercle-de-cultura.png","contentUrl":"https:\/\/www.cercledecultura.org\/wp-content\/uploads\/2020\/01\/logo-cercle-de-cultura.png","width":350,"height":195,"caption":"Cercle de Cultura"},"image":{"@id":"https:\/\/www.cercledecultura.org\/ca\/#\/schema\/logo\/image\/"}},{"@type":"Person","@id":"https:\/\/www.cercledecultura.org\/ca\/#\/schema\/person\/269db25cfadcb4bd2e41781c819942f9","name":"admin","image":{"@type":"ImageObject","inLanguage":"ca","@id":"https:\/\/secure.gravatar.com\/avatar\/e88a8bb50a361c6d45c4709770a3d765016be4b5d85313447b91d0d707434ad9?s=96&d=mm&r=g","url":"https:\/\/secure.gravatar.com\/avatar\/e88a8bb50a361c6d45c4709770a3d765016be4b5d85313447b91d0d707434ad9?s=96&d=mm&r=g","contentUrl":"https:\/\/secure.gravatar.com\/avatar\/e88a8bb50a361c6d45c4709770a3d765016be4b5d85313447b91d0d707434ad9?s=96&d=mm&r=g","caption":"admin"},"url":"https:\/\/www.cercledecultura.org\/ca\/author\/seic_trzh7tdr\/"}]}},"_links":{"self":[{"href":"https:\/\/www.cercledecultura.org\/ca\/wp-json\/wp\/v2\/posts\/666","targetHints":{"allow":["GET"]}}],"collection":[{"href":"https:\/\/www.cercledecultura.org\/ca\/wp-json\/wp\/v2\/posts"}],"about":[{"href":"https:\/\/www.cercledecultura.org\/ca\/wp-json\/wp\/v2\/types\/post"}],"author":[{"embeddable":true,"href":"https:\/\/www.cercledecultura.org\/ca\/wp-json\/wp\/v2\/users\/1"}],"replies":[{"embeddable":true,"href":"https:\/\/www.cercledecultura.org\/ca\/wp-json\/wp\/v2\/comments?post=666"}],"version-history":[{"count":1,"href":"https:\/\/www.cercledecultura.org\/ca\/wp-json\/wp\/v2\/posts\/666\/revisions"}],"predecessor-version":[{"id":1091,"href":"https:\/\/www.cercledecultura.org\/ca\/wp-json\/wp\/v2\/posts\/666\/revisions\/1091"}],"wp:featuredmedia":[{"embeddable":true,"href":"https:\/\/www.cercledecultura.org\/ca\/wp-json\/wp\/v2\/media\/667"}],"wp:attachment":[{"href":"https:\/\/www.cercledecultura.org\/ca\/wp-json\/wp\/v2\/media?parent=666"}],"wp:term":[{"taxonomy":"category","embeddable":true,"href":"https:\/\/www.cercledecultura.org\/ca\/wp-json\/wp\/v2\/categories?post=666"},{"taxonomy":"post_tag","embeddable":true,"href":"https:\/\/www.cercledecultura.org\/ca\/wp-json\/wp\/v2\/tags?post=666"}],"curies":[{"name":"wp","href":"https:\/\/api.w.org\/{rel}","templated":true}]}}