{"id":661,"date":"2016-01-20T07:34:00","date_gmt":"2016-01-20T07:34:00","guid":{"rendered":"https:\/\/pre.cercledecultura.org\/155\/"},"modified":"2021-02-23T09:59:28","modified_gmt":"2021-02-23T09:59:28","slug":"155","status":"publish","type":"post","link":"https:\/\/www.cercledecultura.org\/ca\/155\/","title":{"rendered":"18 mesos per bastir una pol\u00edtica cultural. Declaraci\u00f3 del Cercle de Cultura"},"content":{"rendered":"<p>La complexitat de l\u2019actual conjuntura pol\u00edtica afecta de manera excepcional el desenvolupament de les pol\u00edtiques culturals. No es tracta \u00fanicament d\u2019all\u00f2 que deriva dels canvis en la correlaci\u00f3 de forces i les\u00a0conseg\u00fcents\u00a0dificultats per articular pol\u00edtiques estables de govern\u00a0sin\u00f3\u00a0de com s&#8217;articula la integraci\u00f3 d&#8217;una nova escala de prioritats amb els elements que hist\u00f2ricament han articulat el sector cultural.  Que els canvis que estem vivint a molts municipis, a la mateixa Generalitat de Catalunya i probablement al Govern d\u2019Espanya tenen un\u00a0rerefons\u00a0cultural, en el sentit paradigm\u00e0tic de la paraula, \u00e9s evident; que aix\u00f2 afecti positivament la revisi\u00f3, modernitzaci\u00f3 i consolidaci\u00f3 d\u2019unes pol\u00edtiques culturals estables no ho \u00e9s tant.  El Cercle de Cultura, tal com va posar de manifest en la seva Declaraci\u00f3 Cultural de l\u2019any 2012 (les l\u00ednies vermelles de la cultura) signada per la major part dels partits pol\u00edtics catalans, vol posar l\u2019accent en la necessitat de recuperar el debat envers la import\u00e0ncia estrat\u00e8gica de les pol\u00edtiques culturals en la mesura que s\u00f3n un vector essencial per assegurar la consist\u00e8ncia de qualsevol canvi en mat\u00e8ria democr\u00e0tica, que configuren l&#8217;eix determinant per a promoure la productivitat i la creaci\u00f3 de riquesa\u00a0en el context de la nova economia i en tercer lloc, perqu\u00e8\u00a0s\u00f3n\u00a0un factor clau per a construir els elements de competitivitat internacional en mat\u00e8ria de creaci\u00f3 de valor afegit.  L\u2019etapa cultural que ha acabat, encap\u00e7alada pol\u00edticament pel Conseller Mascarell, ha tingut notables encerts. El manteniment del statu quo entre el conjunt dels sectors cultural i el Govern \u00e9s un \u00e8xit indiscutible de la seva gesti\u00f3, aix\u00ed com l\u2019elaboraci\u00f3 d\u2019una agenda de prioritats en mat\u00e8ria patrimonial, sectorial i industrial que permet afrontar el futur amb ordre i coher\u00e8ncia. No menys important ha estat el fet d\u2019iniciar un debat imprescindible amb els grans agents econ\u00f2mics del pa\u00eds (les operadores de telecomunicacions, per exemple) per afrontar l\u2019estructuraci\u00f3 del finan\u00e7ament de la cultura en el futur immediat.  Per\u00f2 tamb\u00e9 \u00e9s necessari posar negre sobre blanc els objectius fallits d\u2019aquest\u00a0per\u00edode. El m\u00e9s important \u00e9s, sens dubte, no haver pogut aprovar l\u2019Acord Nacional per a la Cultura que, en termes d\u2019agenda pol\u00edtica, estava destinat a constituir la principal her\u00e8ncia de l&#8217;etapa que ara\u00a0s&#8217;acaba. Tamb\u00e9 cal posar en el passiu de la seva gesti\u00f3, malgrat les dificultats objectives que ha patit el pa\u00eds, la reducci\u00f3 percentual del pressupost destinat a Cultura respecte del total de la Generalitat i la progressiva p\u00e8rdua de valor referencial que han patit els\u00a0grans\u00a0equipaments cultuals p\u00fablics en els darrers anys, conseq\u00fc\u00e8ncia \u00f2bvia de les reduccions\u00a0pressupost\u00e0ries\u00a0i, cal dir-ho, d\u2019una profunda manca de revisi\u00f3 en\u00a0els seus\u00a0models de governan\u00e7a.  Ara iniciem una nova etapa sota la gesti\u00f3 del Conseller\u00a0Santi\u00a0Vila, un pol\u00edtic amb experi\u00e8ncia municipal i\u00a0sobretot\u00a0en la gesti\u00f3 de grans infraestructures p\u00fabliques. Segur que \u00e9s\u00a0conscient\u00a0que amb el pressupost d&#8217;uns centenars de metres \u00a0de carretera es podrien bastir quil\u00f2metres sencers d\u2019autopista cultural; valgui aquesta ir\u00f2nica\u00a0met\u00e0fora\u00a0per indicar que som conscients que tenim un Conseller que coneix la dimensi\u00f3 real de les necessitats i demandes del sector cultural. Per aix\u00f2 ens permetem demanar-li que els criteris de participaci\u00f3 pressupostaria del Departament de Cultura respecte del pressupost global del Govern siguin una de les seves prioritats.  Evidentment, com queda clarament pal\u00e8s en el debat cultural dels darrers anys, el pressupost no \u00e9s l\u2019\u00fanica preocupaci\u00f3 del sector cultural. En aquest sentit des del Cercle de Cultura volem posar sobre la taula 4 elements que s\u00f3n, al nostre parer, igualment prioritaris:    El primer fa refer\u00e8ncia a la reconstrucci\u00f3 d\u2019un espai de centralitat, en el context de la pol\u00edtica catalana, de la cultura i les pol\u00edtiques culturals. D\u2019aix\u00f2 dep\u00e8n poder afrontar de nou i resoldre, la construcci\u00f3 d\u2019un gran Acord Cultural amb el conjunt de les forces pol\u00edtiques, les institucions i els agents del sector. Tamb\u00e9 forma part d\u2019aquest apartat resoldre amb \u00e8xit, les enormes ambig\u00fcitats que afecten la funci\u00f3 actual del Consell de les Arts i no menys important, l\u2019establiment d\u2019una agenda s\u00f2lida i estable de col\u00b7laboraci\u00f3 amb el m\u00f3n municipal.     El segon implica construir nous escenaris d\u2019entesa i col\u00b7laboraci\u00f3 amb els agents del sector, b\u00e9 pertanyin a la l\u00f2gica social de la cultura o a la seva dimensi\u00f3 productiva i econ\u00f2mica. Cal en aquest apartat una profunda revisi\u00f3 del marc normatiu, jur\u00eddic i financer de la cultura per assegurar que l\u2019enorme potencial del sector creatiu i cultural catal\u00e0 es pugui desplegar de manera eficient tant pel que respecta els mercats interns com els exteriors.     El tercer ens obliga a pensar en la necessitat de donar prioritat als programes de promoci\u00f3 a la demanda, la qual cosa t\u00e9 dues dimensions inq\u00fcestionables: aquella que ens remet a concretar, d\u2019una vegada per totes, un pla de treball conjunt amb el m\u00f3n de l\u2019educaci\u00f3, i aquella que suposa incentivar de manera efectiva el consum cultural dels ciutadans de Catalunya.     I en darrera inst\u00e0ncia, cal reflexionar envers el paper de refer\u00e8ncia que han de jugar els gran equipaments culturals nacionals, sotmesos amb excessiva regularitat a debats p\u00fablics que posen en q\u00fcesti\u00f3 la seva exemplaritat.   Des del Cercle de Cultura som perfectament conscients de les dificultats que afecten la vida cultural catalana i de la complexitat que suposa articular una pol\u00edtica cultural s\u00f2lida bastida sobre els principis irrenunciables del pluralisme, la inclusi\u00f3, i l\u2019autonomia de la cultura en relaci\u00f3 al poder pol\u00edtic. Tamb\u00e9 sabem que l\u2019actual Conselleria t\u00e9 la millor predisposici\u00f3 per encarar amb decisi\u00f3 i fermesa aquests i altres reptes que l\u2019afecten.  Per a Catalunya, la cultura \u00e9s quelcom m\u00e9s que un sector productiu d\u2019enorme vitalitat i potencial creatiu, \u00e9s una senya d\u2019identitat i un vector determinant de la nostra personalitat individual i col\u00b7lectiva. Des d\u2019aquesta reflexi\u00f3 encoratgem al Govern de Catalunya en general i a la nova Conselleria en particular a donar-li a la cultura el valor que mereix en moments hist\u00f2rics de transformaci\u00f3 i progr\u00e9s.<\/p>\n","protected":false},"excerpt":{"rendered":"<p>El Cercle de Cultura adre\u00e7a una declaraci\u00f3 al Conseller Santi Vila sobre la import\u00e0ncia estrat\u00e8gica de les pol\u00edtiques culturals. M\u00e9s enll\u00e0 del pes de la cultura als futurs pressupostos de la Generalitat, la declaraci\u00f3 prioritza 4 temes: Un gran Acord Cultural amb el conjunt de forces pol\u00edtiques, institucions i agents del sector i s&#8217;estableixi una agenda estable de col\u00b7laboraci\u00f3 amb el m\u00f3n municipal; la construcci\u00f3 d&#8217;un nou escenari de col\u00b7laboraci\u00f3 amb els agents de la cultura, revisant a fons el marc normatiu i financer per a que el sector cultural desplegui totes les seves potencialitats cap als mercats propis i exteriors; prioritzar la promoci\u00f3 de la demanda, amb un pla de treball amb el m\u00f3n de l&#8217;educaci\u00f3 i una\u00a0 incentivaci\u00f3 efica\u00e7 del consum cultural; i el paper d&#8217;exemplaritat que han de jugar dels grans equipaments culturals nacionals.<\/p>\n","protected":false},"author":1,"featured_media":662,"comment_status":"open","ping_status":"closed","sticky":false,"template":"","format":"standard","meta":{"footnotes":""},"categories":[26],"tags":[6,110,187,10,184,12,4,186,185],"class_list":["post-661","post","type-post","status-publish","format-standard","has-post-thumbnail","hentry","category-noticies","tag-catalunya","tag-consum-cultural","tag-creador","tag-educacio","tag-ferran-mascarell","tag-industries-culturals","tag-politica-cultural","tag-pressupost","tag-santi-vila"],"yoast_head":"<!-- This site is optimized with the Yoast SEO plugin v27.5 - https:\/\/yoast.com\/product\/yoast-seo-wordpress\/ -->\n<title>18 mesos per bastir una pol\u00edtica cultural. Declaraci\u00f3 del Cercle de Cultura - Cercle de Cultura<\/title>\n<meta name=\"robots\" content=\"index, follow, max-snippet:-1, max-image-preview:large, max-video-preview:-1\" \/>\n<link rel=\"canonical\" href=\"https:\/\/www.cercledecultura.org\/ca\/155\/\" \/>\n<meta property=\"og:locale\" content=\"ca_ES\" \/>\n<meta property=\"og:type\" content=\"article\" \/>\n<meta property=\"og:title\" content=\"18 mesos per bastir una pol\u00edtica cultural. Declaraci\u00f3 del Cercle de Cultura - Cercle de Cultura\" \/>\n<meta property=\"og:description\" content=\"El Cercle de Cultura adre\u00e7a una declaraci\u00f3 al Conseller Santi Vila sobre la import\u00e0ncia estrat\u00e8gica de les pol\u00edtiques culturals. M\u00e9s enll\u00e0 del pes de la cultura als futurs pressupostos de la Generalitat, la declaraci\u00f3 prioritza 4 temes: Un gran Acord Cultural amb el conjunt de forces pol\u00edtiques, institucions i agents del sector i s&#039;estableixi una agenda estable de col\u00b7laboraci\u00f3 amb el m\u00f3n municipal; la construcci\u00f3 d&#039;un nou escenari de col\u00b7laboraci\u00f3 amb els agents de la cultura, revisant a fons el marc normatiu i financer per a que el sector cultural desplegui totes les seves potencialitats cap als mercats propis i exteriors; prioritzar la promoci\u00f3 de la demanda, amb un pla de treball amb el m\u00f3n de l&#039;educaci\u00f3 i una\u00a0 incentivaci\u00f3 efica\u00e7 del consum cultural; i el paper d&#039;exemplaritat que han de jugar dels grans equipaments culturals nacionals.\" \/>\n<meta property=\"og:url\" content=\"https:\/\/www.cercledecultura.org\/ca\/155\/\" \/>\n<meta property=\"og:site_name\" content=\"Cercle de Cultura\" \/>\n<meta property=\"article:published_time\" content=\"2016-01-20T07:34:00+00:00\" \/>\n<meta property=\"article:modified_time\" content=\"2021-02-23T09:59:28+00:00\" \/>\n<meta property=\"og:image\" content=\"https:\/\/www.cercledecultura.org\/wp-content\/uploads\/2021\/02\/o1hWprLjEUWS34exawQVCg.jpg\" \/>\n\t<meta property=\"og:image:width\" content=\"1677\" \/>\n\t<meta property=\"og:image:height\" content=\"1118\" \/>\n\t<meta property=\"og:image:type\" content=\"image\/jpeg\" \/>\n<meta name=\"author\" content=\"admin\" \/>\n<meta name=\"twitter:card\" content=\"summary_large_image\" \/>\n<meta name=\"twitter:label1\" content=\"Escrit per\" \/>\n\t<meta name=\"twitter:data1\" content=\"admin\" \/>\n\t<meta name=\"twitter:label2\" content=\"Temps estimat de lectura\" \/>\n\t<meta name=\"twitter:data2\" content=\"5 minuts\" \/>\n<script type=\"application\/ld+json\" class=\"yoast-schema-graph\">{\"@context\":\"https:\\\/\\\/schema.org\",\"@graph\":[{\"@type\":\"Article\",\"@id\":\"https:\\\/\\\/www.cercledecultura.org\\\/ca\\\/155\\\/#article\",\"isPartOf\":{\"@id\":\"https:\\\/\\\/www.cercledecultura.org\\\/ca\\\/155\\\/\"},\"author\":{\"name\":\"admin\",\"@id\":\"https:\\\/\\\/www.cercledecultura.org\\\/ca\\\/#\\\/schema\\\/person\\\/269db25cfadcb4bd2e41781c819942f9\"},\"headline\":\"18 mesos per bastir una pol\u00edtica cultural. Declaraci\u00f3 del Cercle de Cultura\",\"datePublished\":\"2016-01-20T07:34:00+00:00\",\"dateModified\":\"2021-02-23T09:59:28+00:00\",\"mainEntityOfPage\":{\"@id\":\"https:\\\/\\\/www.cercledecultura.org\\\/ca\\\/155\\\/\"},\"wordCount\":1090,\"commentCount\":0,\"publisher\":{\"@id\":\"https:\\\/\\\/www.cercledecultura.org\\\/ca\\\/#organization\"},\"image\":{\"@id\":\"https:\\\/\\\/www.cercledecultura.org\\\/ca\\\/155\\\/#primaryimage\"},\"thumbnailUrl\":\"https:\\\/\\\/www.cercledecultura.org\\\/wp-content\\\/uploads\\\/2021\\\/02\\\/o1hWprLjEUWS34exawQVCg.jpg\",\"keywords\":[\"Catalunya\",\"consum cultural\",\"creador\",\"Educaci\u00f3\",\"Ferran Mascarell\",\"Industries Culturals\",\"Pol\u00edtica Cultural\",\"pressupost\",\"Santi Vila\"],\"articleSection\":[\"Not\u00edcies\"],\"inLanguage\":\"ca\",\"potentialAction\":[{\"@type\":\"CommentAction\",\"name\":\"Comment\",\"target\":[\"https:\\\/\\\/www.cercledecultura.org\\\/ca\\\/155\\\/#respond\"]}]},{\"@type\":\"WebPage\",\"@id\":\"https:\\\/\\\/www.cercledecultura.org\\\/ca\\\/155\\\/\",\"url\":\"https:\\\/\\\/www.cercledecultura.org\\\/ca\\\/155\\\/\",\"name\":\"18 mesos per bastir una pol\u00edtica cultural. Declaraci\u00f3 del Cercle de Cultura - Cercle de Cultura\",\"isPartOf\":{\"@id\":\"https:\\\/\\\/www.cercledecultura.org\\\/ca\\\/#website\"},\"primaryImageOfPage\":{\"@id\":\"https:\\\/\\\/www.cercledecultura.org\\\/ca\\\/155\\\/#primaryimage\"},\"image\":{\"@id\":\"https:\\\/\\\/www.cercledecultura.org\\\/ca\\\/155\\\/#primaryimage\"},\"thumbnailUrl\":\"https:\\\/\\\/www.cercledecultura.org\\\/wp-content\\\/uploads\\\/2021\\\/02\\\/o1hWprLjEUWS34exawQVCg.jpg\",\"datePublished\":\"2016-01-20T07:34:00+00:00\",\"dateModified\":\"2021-02-23T09:59:28+00:00\",\"breadcrumb\":{\"@id\":\"https:\\\/\\\/www.cercledecultura.org\\\/ca\\\/155\\\/#breadcrumb\"},\"inLanguage\":\"ca\",\"potentialAction\":[{\"@type\":\"ReadAction\",\"target\":[\"https:\\\/\\\/www.cercledecultura.org\\\/ca\\\/155\\\/\"]}]},{\"@type\":\"ImageObject\",\"inLanguage\":\"ca\",\"@id\":\"https:\\\/\\\/www.cercledecultura.org\\\/ca\\\/155\\\/#primaryimage\",\"url\":\"https:\\\/\\\/www.cercledecultura.org\\\/wp-content\\\/uploads\\\/2021\\\/02\\\/o1hWprLjEUWS34exawQVCg.jpg\",\"contentUrl\":\"https:\\\/\\\/www.cercledecultura.org\\\/wp-content\\\/uploads\\\/2021\\\/02\\\/o1hWprLjEUWS34exawQVCg.jpg\",\"width\":1677,\"height\":1118},{\"@type\":\"BreadcrumbList\",\"@id\":\"https:\\\/\\\/www.cercledecultura.org\\\/ca\\\/155\\\/#breadcrumb\",\"itemListElement\":[{\"@type\":\"ListItem\",\"position\":1,\"name\":\"Portada\",\"item\":\"https:\\\/\\\/www.cercledecultura.org\\\/ca\\\/\"},{\"@type\":\"ListItem\",\"position\":2,\"name\":\"18 mesos per bastir una pol\u00edtica cultural. Declaraci\u00f3 del Cercle de Cultura\"}]},{\"@type\":\"WebSite\",\"@id\":\"https:\\\/\\\/www.cercledecultura.org\\\/ca\\\/#website\",\"url\":\"https:\\\/\\\/www.cercledecultura.org\\\/ca\\\/\",\"name\":\"Cercle de Cultura\",\"description\":\"Entitat de car\u00e0cter privat i associatiu, independent, amb voluntat de participar en la vida p\u00fablica des de la pluralitat ideol\u00f2gica dels seus membres fundadors i futurs associats\",\"publisher\":{\"@id\":\"https:\\\/\\\/www.cercledecultura.org\\\/ca\\\/#organization\"},\"potentialAction\":[{\"@type\":\"SearchAction\",\"target\":{\"@type\":\"EntryPoint\",\"urlTemplate\":\"https:\\\/\\\/www.cercledecultura.org\\\/ca\\\/?s={search_term_string}\"},\"query-input\":{\"@type\":\"PropertyValueSpecification\",\"valueRequired\":true,\"valueName\":\"search_term_string\"}}],\"inLanguage\":\"ca\"},{\"@type\":\"Organization\",\"@id\":\"https:\\\/\\\/www.cercledecultura.org\\\/ca\\\/#organization\",\"name\":\"Cercle de Cultura\",\"url\":\"https:\\\/\\\/www.cercledecultura.org\\\/ca\\\/\",\"logo\":{\"@type\":\"ImageObject\",\"inLanguage\":\"ca\",\"@id\":\"https:\\\/\\\/www.cercledecultura.org\\\/ca\\\/#\\\/schema\\\/logo\\\/image\\\/\",\"url\":\"https:\\\/\\\/www.cercledecultura.org\\\/wp-content\\\/uploads\\\/2020\\\/01\\\/logo-cercle-de-cultura.png\",\"contentUrl\":\"https:\\\/\\\/www.cercledecultura.org\\\/wp-content\\\/uploads\\\/2020\\\/01\\\/logo-cercle-de-cultura.png\",\"width\":350,\"height\":195,\"caption\":\"Cercle de Cultura\"},\"image\":{\"@id\":\"https:\\\/\\\/www.cercledecultura.org\\\/ca\\\/#\\\/schema\\\/logo\\\/image\\\/\"}},{\"@type\":\"Person\",\"@id\":\"https:\\\/\\\/www.cercledecultura.org\\\/ca\\\/#\\\/schema\\\/person\\\/269db25cfadcb4bd2e41781c819942f9\",\"name\":\"admin\",\"image\":{\"@type\":\"ImageObject\",\"inLanguage\":\"ca\",\"@id\":\"https:\\\/\\\/secure.gravatar.com\\\/avatar\\\/e88a8bb50a361c6d45c4709770a3d765016be4b5d85313447b91d0d707434ad9?s=96&d=mm&r=g\",\"url\":\"https:\\\/\\\/secure.gravatar.com\\\/avatar\\\/e88a8bb50a361c6d45c4709770a3d765016be4b5d85313447b91d0d707434ad9?s=96&d=mm&r=g\",\"contentUrl\":\"https:\\\/\\\/secure.gravatar.com\\\/avatar\\\/e88a8bb50a361c6d45c4709770a3d765016be4b5d85313447b91d0d707434ad9?s=96&d=mm&r=g\",\"caption\":\"admin\"},\"url\":\"https:\\\/\\\/www.cercledecultura.org\\\/ca\\\/author\\\/seic_trzh7tdr\\\/\"}]}<\/script>\n<!-- \/ Yoast SEO plugin. -->","yoast_head_json":{"title":"18 mesos per bastir una pol\u00edtica cultural. Declaraci\u00f3 del Cercle de Cultura - Cercle de Cultura","robots":{"index":"index","follow":"follow","max-snippet":"max-snippet:-1","max-image-preview":"max-image-preview:large","max-video-preview":"max-video-preview:-1"},"canonical":"https:\/\/www.cercledecultura.org\/ca\/155\/","og_locale":"ca_ES","og_type":"article","og_title":"18 mesos per bastir una pol\u00edtica cultural. Declaraci\u00f3 del Cercle de Cultura - Cercle de Cultura","og_description":"El Cercle de Cultura adre\u00e7a una declaraci\u00f3 al Conseller Santi Vila sobre la import\u00e0ncia estrat\u00e8gica de les pol\u00edtiques culturals. M\u00e9s enll\u00e0 del pes de la cultura als futurs pressupostos de la Generalitat, la declaraci\u00f3 prioritza 4 temes: Un gran Acord Cultural amb el conjunt de forces pol\u00edtiques, institucions i agents del sector i s'estableixi una agenda estable de col\u00b7laboraci\u00f3 amb el m\u00f3n municipal; la construcci\u00f3 d'un nou escenari de col\u00b7laboraci\u00f3 amb els agents de la cultura, revisant a fons el marc normatiu i financer per a que el sector cultural desplegui totes les seves potencialitats cap als mercats propis i exteriors; prioritzar la promoci\u00f3 de la demanda, amb un pla de treball amb el m\u00f3n de l'educaci\u00f3 i una\u00a0 incentivaci\u00f3 efica\u00e7 del consum cultural; i el paper d'exemplaritat que han de jugar dels grans equipaments culturals nacionals.","og_url":"https:\/\/www.cercledecultura.org\/ca\/155\/","og_site_name":"Cercle de Cultura","article_published_time":"2016-01-20T07:34:00+00:00","article_modified_time":"2021-02-23T09:59:28+00:00","og_image":[{"width":1677,"height":1118,"url":"https:\/\/www.cercledecultura.org\/wp-content\/uploads\/2021\/02\/o1hWprLjEUWS34exawQVCg.jpg","type":"image\/jpeg"}],"author":"admin","twitter_card":"summary_large_image","twitter_misc":{"Escrit per":"admin","Temps estimat de lectura":"5 minuts"},"schema":{"@context":"https:\/\/schema.org","@graph":[{"@type":"Article","@id":"https:\/\/www.cercledecultura.org\/ca\/155\/#article","isPartOf":{"@id":"https:\/\/www.cercledecultura.org\/ca\/155\/"},"author":{"name":"admin","@id":"https:\/\/www.cercledecultura.org\/ca\/#\/schema\/person\/269db25cfadcb4bd2e41781c819942f9"},"headline":"18 mesos per bastir una pol\u00edtica cultural. Declaraci\u00f3 del Cercle de Cultura","datePublished":"2016-01-20T07:34:00+00:00","dateModified":"2021-02-23T09:59:28+00:00","mainEntityOfPage":{"@id":"https:\/\/www.cercledecultura.org\/ca\/155\/"},"wordCount":1090,"commentCount":0,"publisher":{"@id":"https:\/\/www.cercledecultura.org\/ca\/#organization"},"image":{"@id":"https:\/\/www.cercledecultura.org\/ca\/155\/#primaryimage"},"thumbnailUrl":"https:\/\/www.cercledecultura.org\/wp-content\/uploads\/2021\/02\/o1hWprLjEUWS34exawQVCg.jpg","keywords":["Catalunya","consum cultural","creador","Educaci\u00f3","Ferran Mascarell","Industries Culturals","Pol\u00edtica Cultural","pressupost","Santi Vila"],"articleSection":["Not\u00edcies"],"inLanguage":"ca","potentialAction":[{"@type":"CommentAction","name":"Comment","target":["https:\/\/www.cercledecultura.org\/ca\/155\/#respond"]}]},{"@type":"WebPage","@id":"https:\/\/www.cercledecultura.org\/ca\/155\/","url":"https:\/\/www.cercledecultura.org\/ca\/155\/","name":"18 mesos per bastir una pol\u00edtica cultural. Declaraci\u00f3 del Cercle de Cultura - Cercle de Cultura","isPartOf":{"@id":"https:\/\/www.cercledecultura.org\/ca\/#website"},"primaryImageOfPage":{"@id":"https:\/\/www.cercledecultura.org\/ca\/155\/#primaryimage"},"image":{"@id":"https:\/\/www.cercledecultura.org\/ca\/155\/#primaryimage"},"thumbnailUrl":"https:\/\/www.cercledecultura.org\/wp-content\/uploads\/2021\/02\/o1hWprLjEUWS34exawQVCg.jpg","datePublished":"2016-01-20T07:34:00+00:00","dateModified":"2021-02-23T09:59:28+00:00","breadcrumb":{"@id":"https:\/\/www.cercledecultura.org\/ca\/155\/#breadcrumb"},"inLanguage":"ca","potentialAction":[{"@type":"ReadAction","target":["https:\/\/www.cercledecultura.org\/ca\/155\/"]}]},{"@type":"ImageObject","inLanguage":"ca","@id":"https:\/\/www.cercledecultura.org\/ca\/155\/#primaryimage","url":"https:\/\/www.cercledecultura.org\/wp-content\/uploads\/2021\/02\/o1hWprLjEUWS34exawQVCg.jpg","contentUrl":"https:\/\/www.cercledecultura.org\/wp-content\/uploads\/2021\/02\/o1hWprLjEUWS34exawQVCg.jpg","width":1677,"height":1118},{"@type":"BreadcrumbList","@id":"https:\/\/www.cercledecultura.org\/ca\/155\/#breadcrumb","itemListElement":[{"@type":"ListItem","position":1,"name":"Portada","item":"https:\/\/www.cercledecultura.org\/ca\/"},{"@type":"ListItem","position":2,"name":"18 mesos per bastir una pol\u00edtica cultural. Declaraci\u00f3 del Cercle de Cultura"}]},{"@type":"WebSite","@id":"https:\/\/www.cercledecultura.org\/ca\/#website","url":"https:\/\/www.cercledecultura.org\/ca\/","name":"Cercle de Cultura","description":"Entitat de car\u00e0cter privat i associatiu, independent, amb voluntat de participar en la vida p\u00fablica des de la pluralitat ideol\u00f2gica dels seus membres fundadors i futurs associats","publisher":{"@id":"https:\/\/www.cercledecultura.org\/ca\/#organization"},"potentialAction":[{"@type":"SearchAction","target":{"@type":"EntryPoint","urlTemplate":"https:\/\/www.cercledecultura.org\/ca\/?s={search_term_string}"},"query-input":{"@type":"PropertyValueSpecification","valueRequired":true,"valueName":"search_term_string"}}],"inLanguage":"ca"},{"@type":"Organization","@id":"https:\/\/www.cercledecultura.org\/ca\/#organization","name":"Cercle de Cultura","url":"https:\/\/www.cercledecultura.org\/ca\/","logo":{"@type":"ImageObject","inLanguage":"ca","@id":"https:\/\/www.cercledecultura.org\/ca\/#\/schema\/logo\/image\/","url":"https:\/\/www.cercledecultura.org\/wp-content\/uploads\/2020\/01\/logo-cercle-de-cultura.png","contentUrl":"https:\/\/www.cercledecultura.org\/wp-content\/uploads\/2020\/01\/logo-cercle-de-cultura.png","width":350,"height":195,"caption":"Cercle de Cultura"},"image":{"@id":"https:\/\/www.cercledecultura.org\/ca\/#\/schema\/logo\/image\/"}},{"@type":"Person","@id":"https:\/\/www.cercledecultura.org\/ca\/#\/schema\/person\/269db25cfadcb4bd2e41781c819942f9","name":"admin","image":{"@type":"ImageObject","inLanguage":"ca","@id":"https:\/\/secure.gravatar.com\/avatar\/e88a8bb50a361c6d45c4709770a3d765016be4b5d85313447b91d0d707434ad9?s=96&d=mm&r=g","url":"https:\/\/secure.gravatar.com\/avatar\/e88a8bb50a361c6d45c4709770a3d765016be4b5d85313447b91d0d707434ad9?s=96&d=mm&r=g","contentUrl":"https:\/\/secure.gravatar.com\/avatar\/e88a8bb50a361c6d45c4709770a3d765016be4b5d85313447b91d0d707434ad9?s=96&d=mm&r=g","caption":"admin"},"url":"https:\/\/www.cercledecultura.org\/ca\/author\/seic_trzh7tdr\/"}]}},"_links":{"self":[{"href":"https:\/\/www.cercledecultura.org\/ca\/wp-json\/wp\/v2\/posts\/661","targetHints":{"allow":["GET"]}}],"collection":[{"href":"https:\/\/www.cercledecultura.org\/ca\/wp-json\/wp\/v2\/posts"}],"about":[{"href":"https:\/\/www.cercledecultura.org\/ca\/wp-json\/wp\/v2\/types\/post"}],"author":[{"embeddable":true,"href":"https:\/\/www.cercledecultura.org\/ca\/wp-json\/wp\/v2\/users\/1"}],"replies":[{"embeddable":true,"href":"https:\/\/www.cercledecultura.org\/ca\/wp-json\/wp\/v2\/comments?post=661"}],"version-history":[{"count":1,"href":"https:\/\/www.cercledecultura.org\/ca\/wp-json\/wp\/v2\/posts\/661\/revisions"}],"predecessor-version":[{"id":1088,"href":"https:\/\/www.cercledecultura.org\/ca\/wp-json\/wp\/v2\/posts\/661\/revisions\/1088"}],"wp:featuredmedia":[{"embeddable":true,"href":"https:\/\/www.cercledecultura.org\/ca\/wp-json\/wp\/v2\/media\/662"}],"wp:attachment":[{"href":"https:\/\/www.cercledecultura.org\/ca\/wp-json\/wp\/v2\/media?parent=661"}],"wp:term":[{"taxonomy":"category","embeddable":true,"href":"https:\/\/www.cercledecultura.org\/ca\/wp-json\/wp\/v2\/categories?post=661"},{"taxonomy":"post_tag","embeddable":true,"href":"https:\/\/www.cercledecultura.org\/ca\/wp-json\/wp\/v2\/tags?post=661"}],"curies":[{"name":"wp","href":"https:\/\/api.w.org\/{rel}","templated":true}]}}