{"id":645,"date":"2015-12-09T00:18:00","date_gmt":"2015-12-09T00:18:00","guid":{"rendered":"https:\/\/pre.cercledecultura.org\/148\/"},"modified":"2021-02-23T09:39:58","modified_gmt":"2021-02-23T09:39:58","slug":"148","status":"publish","type":"post","link":"https:\/\/www.cercledecultura.org\/ca\/148\/","title":{"rendered":"Una aproximaci\u00f3 a les recents pol\u00edtiques culturals locals a Catalunya"},"content":{"rendered":"<p>Llu\u00eds Noguera analitza l&#8217;evoluci\u00f3, resultats i reptes pendents dels prop de 40 anys de pol\u00edtiques culturals en l&#8217;\u00e0mbit local en un extens article que podeu llegir en aquest enlla\u00e7.  En clau de futur, Noguera aposta per fixar la prioritat de les pol\u00edtiques culturals &#8220;all\u00e0 on es juguen les batalles culturals; la cultura com educaci\u00f3, i sobretot l\u2019educaci\u00f3 com cultura. Aqu\u00ed rau el gran repte associat a entendre la comunicaci\u00f3 com un camp d\u2019aprenentatge per garantir drets i construcci\u00f3 d\u2019identitats. Cal garantir el dret a la informaci\u00f3, no nom\u00e9s a la recepci\u00f3, i aqu\u00ed la cultura, i tamb\u00e9 les seves pol\u00edtiques, s\u00f3n clau si volem ser centrals en la vida, i poder suportar el poder de les imatges en el temps&#8221;<\/p>\n","protected":false},"excerpt":{"rendered":"<p>Fa pocs dies finalitzava Interacci\u00f3 2015 &#8220;Repensant les pol\u00edtiques culturals locals&#8221;, organitzat pel CREC de la Diputaci\u00f3 de Barcelona. Un dels ponents, Llu\u00eds Noguera, director del CosmoCaixa, ha escrit un detallat an\u00e0lisi de l&#8217;evoluci\u00f3 de les poltiques culturals impulsades pels ajuntaments catalans a partir de la recuperaci\u00f3 democr\u00e0tica; juntament amb el paper jugat a nivell local per altres administracions p\u00fabliques com la Diputaci\u00f3 de Barcelona o la mateixa Generalitat de Catalunya<\/p>\n","protected":false},"author":1,"featured_media":646,"comment_status":"open","ping_status":"closed","sticky":false,"template":"","format":"standard","meta":{"footnotes":""},"categories":[24],"tags":[161,53,160,10,51,158,159,4],"class_list":["post-645","post","type-post","status-publish","format-standard","has-post-thumbnail","hentry","category-opinio","tag-comunicacio","tag-departament-de-cultura","tag-diputacio-de-barcelona","tag-educacio","tag-generalitat-de-catalunya","tag-interaccio-2015","tag-lluis-noguera","tag-politica-cultural"],"yoast_head":"<!-- This site is optimized with the Yoast SEO plugin v27.5 - https:\/\/yoast.com\/product\/yoast-seo-wordpress\/ -->\n<title>Una aproximaci\u00f3 a les recents pol\u00edtiques culturals locals a Catalunya - Cercle de Cultura<\/title>\n<meta name=\"robots\" content=\"index, follow, max-snippet:-1, max-image-preview:large, max-video-preview:-1\" \/>\n<link rel=\"canonical\" href=\"https:\/\/www.cercledecultura.org\/ca\/148\/\" \/>\n<meta property=\"og:locale\" content=\"ca_ES\" \/>\n<meta property=\"og:type\" content=\"article\" \/>\n<meta property=\"og:title\" content=\"Una aproximaci\u00f3 a les recents pol\u00edtiques culturals locals a Catalunya - Cercle de Cultura\" \/>\n<meta property=\"og:description\" content=\"Fa pocs dies finalitzava Interacci\u00f3 2015 &quot;Repensant les pol\u00edtiques culturals locals&quot;, organitzat pel CREC de la Diputaci\u00f3 de Barcelona. Un dels ponents, Llu\u00eds Noguera, director del CosmoCaixa, ha escrit un detallat an\u00e0lisi de l&#039;evoluci\u00f3 de les poltiques culturals impulsades pels ajuntaments catalans a partir de la recuperaci\u00f3 democr\u00e0tica; juntament amb el paper jugat a nivell local per altres administracions p\u00fabliques com la Diputaci\u00f3 de Barcelona o la mateixa Generalitat de Catalunya\" \/>\n<meta property=\"og:url\" content=\"https:\/\/www.cercledecultura.org\/ca\/148\/\" \/>\n<meta property=\"og:site_name\" content=\"Cercle de Cultura\" \/>\n<meta property=\"article:published_time\" content=\"2015-12-09T00:18:00+00:00\" \/>\n<meta property=\"article:modified_time\" content=\"2021-02-23T09:39:58+00:00\" \/>\n<meta property=\"og:image\" content=\"https:\/\/www.cercledecultura.org\/wp-content\/uploads\/2021\/02\/hiYn0tNRqkCKsEp4SCwRbw.jpg\" \/>\n\t<meta property=\"og:image:width\" content=\"460\" \/>\n\t<meta property=\"og:image:height\" content=\"307\" \/>\n\t<meta property=\"og:image:type\" content=\"image\/jpeg\" \/>\n<meta name=\"author\" content=\"admin\" \/>\n<meta name=\"twitter:card\" content=\"summary_large_image\" \/>\n<meta name=\"twitter:label1\" content=\"Escrit per\" \/>\n\t<meta name=\"twitter:data1\" content=\"admin\" \/>\n\t<meta name=\"twitter:label2\" content=\"Temps estimat de lectura\" \/>\n\t<meta name=\"twitter:data2\" content=\"1 minut\" \/>\n<script type=\"application\/ld+json\" class=\"yoast-schema-graph\">{\"@context\":\"https:\\\/\\\/schema.org\",\"@graph\":[{\"@type\":\"Article\",\"@id\":\"https:\\\/\\\/www.cercledecultura.org\\\/ca\\\/148\\\/#article\",\"isPartOf\":{\"@id\":\"https:\\\/\\\/www.cercledecultura.org\\\/ca\\\/148\\\/\"},\"author\":{\"name\":\"admin\",\"@id\":\"https:\\\/\\\/www.cercledecultura.org\\\/ca\\\/#\\\/schema\\\/person\\\/269db25cfadcb4bd2e41781c819942f9\"},\"headline\":\"Una aproximaci\u00f3 a les recents pol\u00edtiques culturals locals a Catalunya\",\"datePublished\":\"2015-12-09T00:18:00+00:00\",\"dateModified\":\"2021-02-23T09:39:58+00:00\",\"mainEntityOfPage\":{\"@id\":\"https:\\\/\\\/www.cercledecultura.org\\\/ca\\\/148\\\/\"},\"wordCount\":141,\"commentCount\":0,\"publisher\":{\"@id\":\"https:\\\/\\\/www.cercledecultura.org\\\/ca\\\/#organization\"},\"image\":{\"@id\":\"https:\\\/\\\/www.cercledecultura.org\\\/ca\\\/148\\\/#primaryimage\"},\"thumbnailUrl\":\"https:\\\/\\\/www.cercledecultura.org\\\/wp-content\\\/uploads\\\/2021\\\/02\\\/hiYn0tNRqkCKsEp4SCwRbw.jpg\",\"keywords\":[\"comunicaci\u00f3\",\"Departament de Cultura\",\"Diputaci\u00f3 de Barcelona\",\"Educaci\u00f3\",\"Generalitat de Catalunya\",\"Interacci\u00f3 2015\",\"Llu\u00eds Noguera\",\"Pol\u00edtica Cultural\"],\"articleSection\":[\"Opini\u00f3\"],\"inLanguage\":\"ca\",\"potentialAction\":[{\"@type\":\"CommentAction\",\"name\":\"Comment\",\"target\":[\"https:\\\/\\\/www.cercledecultura.org\\\/ca\\\/148\\\/#respond\"]}]},{\"@type\":\"WebPage\",\"@id\":\"https:\\\/\\\/www.cercledecultura.org\\\/ca\\\/148\\\/\",\"url\":\"https:\\\/\\\/www.cercledecultura.org\\\/ca\\\/148\\\/\",\"name\":\"Una aproximaci\u00f3 a les recents pol\u00edtiques culturals locals a Catalunya - Cercle de Cultura\",\"isPartOf\":{\"@id\":\"https:\\\/\\\/www.cercledecultura.org\\\/ca\\\/#website\"},\"primaryImageOfPage\":{\"@id\":\"https:\\\/\\\/www.cercledecultura.org\\\/ca\\\/148\\\/#primaryimage\"},\"image\":{\"@id\":\"https:\\\/\\\/www.cercledecultura.org\\\/ca\\\/148\\\/#primaryimage\"},\"thumbnailUrl\":\"https:\\\/\\\/www.cercledecultura.org\\\/wp-content\\\/uploads\\\/2021\\\/02\\\/hiYn0tNRqkCKsEp4SCwRbw.jpg\",\"datePublished\":\"2015-12-09T00:18:00+00:00\",\"dateModified\":\"2021-02-23T09:39:58+00:00\",\"breadcrumb\":{\"@id\":\"https:\\\/\\\/www.cercledecultura.org\\\/ca\\\/148\\\/#breadcrumb\"},\"inLanguage\":\"ca\",\"potentialAction\":[{\"@type\":\"ReadAction\",\"target\":[\"https:\\\/\\\/www.cercledecultura.org\\\/ca\\\/148\\\/\"]}]},{\"@type\":\"ImageObject\",\"inLanguage\":\"ca\",\"@id\":\"https:\\\/\\\/www.cercledecultura.org\\\/ca\\\/148\\\/#primaryimage\",\"url\":\"https:\\\/\\\/www.cercledecultura.org\\\/wp-content\\\/uploads\\\/2021\\\/02\\\/hiYn0tNRqkCKsEp4SCwRbw.jpg\",\"contentUrl\":\"https:\\\/\\\/www.cercledecultura.org\\\/wp-content\\\/uploads\\\/2021\\\/02\\\/hiYn0tNRqkCKsEp4SCwRbw.jpg\",\"width\":460,\"height\":307},{\"@type\":\"BreadcrumbList\",\"@id\":\"https:\\\/\\\/www.cercledecultura.org\\\/ca\\\/148\\\/#breadcrumb\",\"itemListElement\":[{\"@type\":\"ListItem\",\"position\":1,\"name\":\"Portada\",\"item\":\"https:\\\/\\\/www.cercledecultura.org\\\/ca\\\/\"},{\"@type\":\"ListItem\",\"position\":2,\"name\":\"Una aproximaci\u00f3 a les recents pol\u00edtiques culturals locals a Catalunya\"}]},{\"@type\":\"WebSite\",\"@id\":\"https:\\\/\\\/www.cercledecultura.org\\\/ca\\\/#website\",\"url\":\"https:\\\/\\\/www.cercledecultura.org\\\/ca\\\/\",\"name\":\"Cercle de Cultura\",\"description\":\"Entitat de car\u00e0cter privat i associatiu, independent, amb voluntat de participar en la vida p\u00fablica des de la pluralitat ideol\u00f2gica dels seus membres fundadors i futurs associats\",\"publisher\":{\"@id\":\"https:\\\/\\\/www.cercledecultura.org\\\/ca\\\/#organization\"},\"potentialAction\":[{\"@type\":\"SearchAction\",\"target\":{\"@type\":\"EntryPoint\",\"urlTemplate\":\"https:\\\/\\\/www.cercledecultura.org\\\/ca\\\/?s={search_term_string}\"},\"query-input\":{\"@type\":\"PropertyValueSpecification\",\"valueRequired\":true,\"valueName\":\"search_term_string\"}}],\"inLanguage\":\"ca\"},{\"@type\":\"Organization\",\"@id\":\"https:\\\/\\\/www.cercledecultura.org\\\/ca\\\/#organization\",\"name\":\"Cercle de Cultura\",\"url\":\"https:\\\/\\\/www.cercledecultura.org\\\/ca\\\/\",\"logo\":{\"@type\":\"ImageObject\",\"inLanguage\":\"ca\",\"@id\":\"https:\\\/\\\/www.cercledecultura.org\\\/ca\\\/#\\\/schema\\\/logo\\\/image\\\/\",\"url\":\"https:\\\/\\\/www.cercledecultura.org\\\/wp-content\\\/uploads\\\/2020\\\/01\\\/logo-cercle-de-cultura.png\",\"contentUrl\":\"https:\\\/\\\/www.cercledecultura.org\\\/wp-content\\\/uploads\\\/2020\\\/01\\\/logo-cercle-de-cultura.png\",\"width\":350,\"height\":195,\"caption\":\"Cercle de Cultura\"},\"image\":{\"@id\":\"https:\\\/\\\/www.cercledecultura.org\\\/ca\\\/#\\\/schema\\\/logo\\\/image\\\/\"}},{\"@type\":\"Person\",\"@id\":\"https:\\\/\\\/www.cercledecultura.org\\\/ca\\\/#\\\/schema\\\/person\\\/269db25cfadcb4bd2e41781c819942f9\",\"name\":\"admin\",\"image\":{\"@type\":\"ImageObject\",\"inLanguage\":\"ca\",\"@id\":\"https:\\\/\\\/secure.gravatar.com\\\/avatar\\\/e88a8bb50a361c6d45c4709770a3d765016be4b5d85313447b91d0d707434ad9?s=96&d=mm&r=g\",\"url\":\"https:\\\/\\\/secure.gravatar.com\\\/avatar\\\/e88a8bb50a361c6d45c4709770a3d765016be4b5d85313447b91d0d707434ad9?s=96&d=mm&r=g\",\"contentUrl\":\"https:\\\/\\\/secure.gravatar.com\\\/avatar\\\/e88a8bb50a361c6d45c4709770a3d765016be4b5d85313447b91d0d707434ad9?s=96&d=mm&r=g\",\"caption\":\"admin\"},\"url\":\"https:\\\/\\\/www.cercledecultura.org\\\/ca\\\/author\\\/seic_trzh7tdr\\\/\"}]}<\/script>\n<!-- \/ Yoast SEO plugin. -->","yoast_head_json":{"title":"Una aproximaci\u00f3 a les recents pol\u00edtiques culturals locals a Catalunya - Cercle de Cultura","robots":{"index":"index","follow":"follow","max-snippet":"max-snippet:-1","max-image-preview":"max-image-preview:large","max-video-preview":"max-video-preview:-1"},"canonical":"https:\/\/www.cercledecultura.org\/ca\/148\/","og_locale":"ca_ES","og_type":"article","og_title":"Una aproximaci\u00f3 a les recents pol\u00edtiques culturals locals a Catalunya - Cercle de Cultura","og_description":"Fa pocs dies finalitzava Interacci\u00f3 2015 \"Repensant les pol\u00edtiques culturals locals\", organitzat pel CREC de la Diputaci\u00f3 de Barcelona. Un dels ponents, Llu\u00eds Noguera, director del CosmoCaixa, ha escrit un detallat an\u00e0lisi de l'evoluci\u00f3 de les poltiques culturals impulsades pels ajuntaments catalans a partir de la recuperaci\u00f3 democr\u00e0tica; juntament amb el paper jugat a nivell local per altres administracions p\u00fabliques com la Diputaci\u00f3 de Barcelona o la mateixa Generalitat de Catalunya","og_url":"https:\/\/www.cercledecultura.org\/ca\/148\/","og_site_name":"Cercle de Cultura","article_published_time":"2015-12-09T00:18:00+00:00","article_modified_time":"2021-02-23T09:39:58+00:00","og_image":[{"width":460,"height":307,"url":"https:\/\/www.cercledecultura.org\/wp-content\/uploads\/2021\/02\/hiYn0tNRqkCKsEp4SCwRbw.jpg","type":"image\/jpeg"}],"author":"admin","twitter_card":"summary_large_image","twitter_misc":{"Escrit per":"admin","Temps estimat de lectura":"1 minut"},"schema":{"@context":"https:\/\/schema.org","@graph":[{"@type":"Article","@id":"https:\/\/www.cercledecultura.org\/ca\/148\/#article","isPartOf":{"@id":"https:\/\/www.cercledecultura.org\/ca\/148\/"},"author":{"name":"admin","@id":"https:\/\/www.cercledecultura.org\/ca\/#\/schema\/person\/269db25cfadcb4bd2e41781c819942f9"},"headline":"Una aproximaci\u00f3 a les recents pol\u00edtiques culturals locals a Catalunya","datePublished":"2015-12-09T00:18:00+00:00","dateModified":"2021-02-23T09:39:58+00:00","mainEntityOfPage":{"@id":"https:\/\/www.cercledecultura.org\/ca\/148\/"},"wordCount":141,"commentCount":0,"publisher":{"@id":"https:\/\/www.cercledecultura.org\/ca\/#organization"},"image":{"@id":"https:\/\/www.cercledecultura.org\/ca\/148\/#primaryimage"},"thumbnailUrl":"https:\/\/www.cercledecultura.org\/wp-content\/uploads\/2021\/02\/hiYn0tNRqkCKsEp4SCwRbw.jpg","keywords":["comunicaci\u00f3","Departament de Cultura","Diputaci\u00f3 de Barcelona","Educaci\u00f3","Generalitat de Catalunya","Interacci\u00f3 2015","Llu\u00eds Noguera","Pol\u00edtica Cultural"],"articleSection":["Opini\u00f3"],"inLanguage":"ca","potentialAction":[{"@type":"CommentAction","name":"Comment","target":["https:\/\/www.cercledecultura.org\/ca\/148\/#respond"]}]},{"@type":"WebPage","@id":"https:\/\/www.cercledecultura.org\/ca\/148\/","url":"https:\/\/www.cercledecultura.org\/ca\/148\/","name":"Una aproximaci\u00f3 a les recents pol\u00edtiques culturals locals a Catalunya - Cercle de Cultura","isPartOf":{"@id":"https:\/\/www.cercledecultura.org\/ca\/#website"},"primaryImageOfPage":{"@id":"https:\/\/www.cercledecultura.org\/ca\/148\/#primaryimage"},"image":{"@id":"https:\/\/www.cercledecultura.org\/ca\/148\/#primaryimage"},"thumbnailUrl":"https:\/\/www.cercledecultura.org\/wp-content\/uploads\/2021\/02\/hiYn0tNRqkCKsEp4SCwRbw.jpg","datePublished":"2015-12-09T00:18:00+00:00","dateModified":"2021-02-23T09:39:58+00:00","breadcrumb":{"@id":"https:\/\/www.cercledecultura.org\/ca\/148\/#breadcrumb"},"inLanguage":"ca","potentialAction":[{"@type":"ReadAction","target":["https:\/\/www.cercledecultura.org\/ca\/148\/"]}]},{"@type":"ImageObject","inLanguage":"ca","@id":"https:\/\/www.cercledecultura.org\/ca\/148\/#primaryimage","url":"https:\/\/www.cercledecultura.org\/wp-content\/uploads\/2021\/02\/hiYn0tNRqkCKsEp4SCwRbw.jpg","contentUrl":"https:\/\/www.cercledecultura.org\/wp-content\/uploads\/2021\/02\/hiYn0tNRqkCKsEp4SCwRbw.jpg","width":460,"height":307},{"@type":"BreadcrumbList","@id":"https:\/\/www.cercledecultura.org\/ca\/148\/#breadcrumb","itemListElement":[{"@type":"ListItem","position":1,"name":"Portada","item":"https:\/\/www.cercledecultura.org\/ca\/"},{"@type":"ListItem","position":2,"name":"Una aproximaci\u00f3 a les recents pol\u00edtiques culturals locals a Catalunya"}]},{"@type":"WebSite","@id":"https:\/\/www.cercledecultura.org\/ca\/#website","url":"https:\/\/www.cercledecultura.org\/ca\/","name":"Cercle de Cultura","description":"Entitat de car\u00e0cter privat i associatiu, independent, amb voluntat de participar en la vida p\u00fablica des de la pluralitat ideol\u00f2gica dels seus membres fundadors i futurs associats","publisher":{"@id":"https:\/\/www.cercledecultura.org\/ca\/#organization"},"potentialAction":[{"@type":"SearchAction","target":{"@type":"EntryPoint","urlTemplate":"https:\/\/www.cercledecultura.org\/ca\/?s={search_term_string}"},"query-input":{"@type":"PropertyValueSpecification","valueRequired":true,"valueName":"search_term_string"}}],"inLanguage":"ca"},{"@type":"Organization","@id":"https:\/\/www.cercledecultura.org\/ca\/#organization","name":"Cercle de Cultura","url":"https:\/\/www.cercledecultura.org\/ca\/","logo":{"@type":"ImageObject","inLanguage":"ca","@id":"https:\/\/www.cercledecultura.org\/ca\/#\/schema\/logo\/image\/","url":"https:\/\/www.cercledecultura.org\/wp-content\/uploads\/2020\/01\/logo-cercle-de-cultura.png","contentUrl":"https:\/\/www.cercledecultura.org\/wp-content\/uploads\/2020\/01\/logo-cercle-de-cultura.png","width":350,"height":195,"caption":"Cercle de Cultura"},"image":{"@id":"https:\/\/www.cercledecultura.org\/ca\/#\/schema\/logo\/image\/"}},{"@type":"Person","@id":"https:\/\/www.cercledecultura.org\/ca\/#\/schema\/person\/269db25cfadcb4bd2e41781c819942f9","name":"admin","image":{"@type":"ImageObject","inLanguage":"ca","@id":"https:\/\/secure.gravatar.com\/avatar\/e88a8bb50a361c6d45c4709770a3d765016be4b5d85313447b91d0d707434ad9?s=96&d=mm&r=g","url":"https:\/\/secure.gravatar.com\/avatar\/e88a8bb50a361c6d45c4709770a3d765016be4b5d85313447b91d0d707434ad9?s=96&d=mm&r=g","contentUrl":"https:\/\/secure.gravatar.com\/avatar\/e88a8bb50a361c6d45c4709770a3d765016be4b5d85313447b91d0d707434ad9?s=96&d=mm&r=g","caption":"admin"},"url":"https:\/\/www.cercledecultura.org\/ca\/author\/seic_trzh7tdr\/"}]}},"_links":{"self":[{"href":"https:\/\/www.cercledecultura.org\/ca\/wp-json\/wp\/v2\/posts\/645","targetHints":{"allow":["GET"]}}],"collection":[{"href":"https:\/\/www.cercledecultura.org\/ca\/wp-json\/wp\/v2\/posts"}],"about":[{"href":"https:\/\/www.cercledecultura.org\/ca\/wp-json\/wp\/v2\/types\/post"}],"author":[{"embeddable":true,"href":"https:\/\/www.cercledecultura.org\/ca\/wp-json\/wp\/v2\/users\/1"}],"replies":[{"embeddable":true,"href":"https:\/\/www.cercledecultura.org\/ca\/wp-json\/wp\/v2\/comments?post=645"}],"version-history":[{"count":1,"href":"https:\/\/www.cercledecultura.org\/ca\/wp-json\/wp\/v2\/posts\/645\/revisions"}],"predecessor-version":[{"id":1079,"href":"https:\/\/www.cercledecultura.org\/ca\/wp-json\/wp\/v2\/posts\/645\/revisions\/1079"}],"wp:featuredmedia":[{"embeddable":true,"href":"https:\/\/www.cercledecultura.org\/ca\/wp-json\/wp\/v2\/media\/646"}],"wp:attachment":[{"href":"https:\/\/www.cercledecultura.org\/ca\/wp-json\/wp\/v2\/media?parent=645"}],"wp:term":[{"taxonomy":"category","embeddable":true,"href":"https:\/\/www.cercledecultura.org\/ca\/wp-json\/wp\/v2\/categories?post=645"},{"taxonomy":"post_tag","embeddable":true,"href":"https:\/\/www.cercledecultura.org\/ca\/wp-json\/wp\/v2\/tags?post=645"}],"curies":[{"name":"wp","href":"https:\/\/api.w.org\/{rel}","templated":true}]}}