{"id":628,"date":"2015-11-22T01:07:00","date_gmt":"2015-11-22T01:07:00","guid":{"rendered":"https:\/\/pre.cercledecultura.org\/137-2\/"},"modified":"2021-02-23T09:59:28","modified_gmt":"2021-02-23T09:59:28","slug":"137-2","status":"publish","type":"post","link":"https:\/\/www.cercledecultura.org\/ca\/137-2\/","title":{"rendered":"Debat tem\u00e0tic &#8220;Ser m\u00fasic i fer m\u00fasica en l&#8217;era digital&#8221;"},"content":{"rendered":"<p>En la seva intervenci\u00f3, Patr\u00edcia Caicedo, destac\u00e0 que internet ha significat un canvi en l&#8217;audi\u00e8ncia, en tant que l&#8217;ha transformat en element actiu en el m\u00f3n de la m\u00fasica, aix\u00ed com el paper d&#8217;interneten la creaci\u00f3 de noves comunitats de p\u00fablics i per tant, a la difusi\u00f3 de la creaci\u00f3 musical. Pel que fa al paper dels creadors, dels m\u00fasics, Caicedo afirm\u00e0 que internet genera nous espais de comunicaci\u00f3 que afavoreix la interacci\u00f3 entre els m\u00fasics. I va posar com exemple el concert simultani entre Barcelona i Sao Paulo del 2012 organitzat des del Barcelona Festival of Song.  Pel que fa als repertoris de m\u00fasica cl\u00e0ssica, Patr\u00edcia Caicedo destac\u00e0 la seva dificultat per interessar els noves generacions, i va apostar per imaginar-la combinada amb les noves tecnologies que obrin la porta a noves interdisclipinarietats amb les altres arts.  Artur Serra, apunt\u00e0 la necessitat que\u00a0 l&#8217;igual que la recerca, la cultura ha de poder comptar amb els mitjans tecnol\u00f2gics necessaris i, en aquest sentit, lament\u00e0 la no exist\u00e8ncia de grans projectes de converg\u00e8ncia entre el m\u00f3n tecnol\u00f2gic i la creaci\u00f3 art\u00edstica, com si que gaudeixen sectors com el dels videojocs o las grans produccions cinematogr\u00e0fiques. Per a Serra, caldria invertir en la posada en funcionament de laboratoris de creaci\u00f3 art\u00edstica.  Joaquim Garrigosa, que actu\u00e0 com a moderador, es mostr\u00e0 a favor d&#8217;introduir l&#8217;educaci\u00f3 en les arts en les primeres etapes escolars, comen\u00e7ant per la preescolar (P3), plantejament que va ser un dels temes m\u00e9s comentats en el torn de paraules dels assistents.  Patr\u00edcia Caicedo \u00e9s soprano, metgessa i music\u00f2loga, fundadora del Barcelona Festival of Song i de l&#8217;empresa Mundo Arts, i directora d&#8217;EYECatalunya. Artur Serra \u00e9s especialista en sinergies entre internet i les arts esc\u00e8niques, director adjunt de la Fundaci\u00f3 i2cat i vicepresident de l&#8217;European Network of Living Labs. La seva intervenci\u00f3 tingu\u00e9 com a base aquest article que podeu consultar on-line. \u00a0  \u00a0<\/p>\n","protected":false},"excerpt":{"rendered":"<p>El 19 de novembre el Cercle de Cultura organitz\u00e0 el debat tem\u00e0tic &#8220;ser m\u00fasic i fer m\u00fasica en l&#8217;era digital&#8221;, a c\u00e0rrec de la soprano i music\u00f2loga Patr\u00edcia Caicedo, i del director adjunt de la Fundaci\u00f3 I2Cat, Artur Serra, que van ser moderats per Joaquim Garrigosa, director de l&#8217;Auditori. Un debat que serv\u00ed per analitzar els reptes i oportunitats que ofereixen les noves tecnologies per a crear noves audi\u00e8ncies, afavorir la creaci\u00f3 musical i la interacci\u00f3 entre artistes i p\u00fablic.  \u00a0<\/p>\n","protected":false},"author":1,"featured_media":627,"comment_status":"open","ping_status":"closed","sticky":false,"template":"","format":"standard","meta":{"footnotes":""},"categories":[26],"tags":[130,15,126,129,84,72,128,78,79,18,127,14,112],"class_list":["post-628","post","type-post","status-publish","format-standard","has-post-thumbnail","hentry","category-noticies","tag-anella-cultural","tag-art","tag-artur-serra","tag-barcelona-festival-of-song","tag-creacio","tag-debat","tag-difusio","tag-eyecatalunya","tag-i2cat","tag-internet","tag-joaquim-garrigosa","tag-musica","tag-patricia-caicedo"],"yoast_head":"<!-- This site is optimized with the Yoast SEO plugin v27.5 - https:\/\/yoast.com\/product\/yoast-seo-wordpress\/ -->\n<title>Debat tem\u00e0tic &quot;Ser m\u00fasic i fer m\u00fasica en l&#039;era digital&quot; - Cercle de Cultura<\/title>\n<meta name=\"robots\" content=\"index, follow, max-snippet:-1, max-image-preview:large, max-video-preview:-1\" \/>\n<link rel=\"canonical\" href=\"https:\/\/www.cercledecultura.org\/ca\/137-2\/\" \/>\n<meta property=\"og:locale\" content=\"ca_ES\" \/>\n<meta property=\"og:type\" content=\"article\" \/>\n<meta property=\"og:title\" content=\"Debat tem\u00e0tic &quot;Ser m\u00fasic i fer m\u00fasica en l&#039;era digital&quot; - Cercle de Cultura\" \/>\n<meta property=\"og:description\" content=\"El 19 de novembre el Cercle de Cultura organitz\u00e0 el debat tem\u00e0tic &quot;ser m\u00fasic i fer m\u00fasica en l&#039;era digital&quot;, a c\u00e0rrec de la soprano i music\u00f2loga Patr\u00edcia Caicedo, i del director adjunt de la Fundaci\u00f3 I2Cat, Artur Serra, que van ser moderats per Joaquim Garrigosa, director de l&#039;Auditori. Un debat que serv\u00ed per analitzar els reptes i oportunitats que ofereixen les noves tecnologies per a crear noves audi\u00e8ncies, afavorir la creaci\u00f3 musical i la interacci\u00f3 entre artistes i p\u00fablic. \u00a0\" \/>\n<meta property=\"og:url\" content=\"https:\/\/www.cercledecultura.org\/ca\/137-2\/\" \/>\n<meta property=\"og:site_name\" content=\"Cercle de Cultura\" \/>\n<meta property=\"article:published_time\" content=\"2015-11-22T01:07:00+00:00\" \/>\n<meta property=\"article:modified_time\" content=\"2021-02-23T09:59:28+00:00\" \/>\n<meta property=\"og:image\" content=\"https:\/\/www.cercledecultura.org\/wp-content\/uploads\/2021\/02\/qUM2RXa0X0Ood48m9sDBIg.jpg\" \/>\n\t<meta property=\"og:image:width\" content=\"1317\" \/>\n\t<meta property=\"og:image:height\" content=\"878\" \/>\n\t<meta property=\"og:image:type\" content=\"image\/jpeg\" \/>\n<meta name=\"author\" content=\"admin\" \/>\n<meta name=\"twitter:card\" content=\"summary_large_image\" \/>\n<meta name=\"twitter:label1\" content=\"Escrit per\" \/>\n\t<meta name=\"twitter:data1\" content=\"admin\" \/>\n\t<meta name=\"twitter:label2\" content=\"Temps estimat de lectura\" \/>\n\t<meta name=\"twitter:data2\" content=\"2 minuts\" \/>\n<script type=\"application\/ld+json\" class=\"yoast-schema-graph\">{\"@context\":\"https:\\\/\\\/schema.org\",\"@graph\":[{\"@type\":\"Article\",\"@id\":\"https:\\\/\\\/www.cercledecultura.org\\\/ca\\\/137-2\\\/#article\",\"isPartOf\":{\"@id\":\"https:\\\/\\\/www.cercledecultura.org\\\/ca\\\/137-2\\\/\"},\"author\":{\"name\":\"admin\",\"@id\":\"https:\\\/\\\/www.cercledecultura.org\\\/ca\\\/#\\\/schema\\\/person\\\/269db25cfadcb4bd2e41781c819942f9\"},\"headline\":\"Debat tem\u00e0tic &#8220;Ser m\u00fasic i fer m\u00fasica en l&#8217;era digital&#8221;\",\"datePublished\":\"2015-11-22T01:07:00+00:00\",\"dateModified\":\"2021-02-23T09:59:28+00:00\",\"mainEntityOfPage\":{\"@id\":\"https:\\\/\\\/www.cercledecultura.org\\\/ca\\\/137-2\\\/\"},\"wordCount\":357,\"commentCount\":0,\"publisher\":{\"@id\":\"https:\\\/\\\/www.cercledecultura.org\\\/ca\\\/#organization\"},\"image\":{\"@id\":\"https:\\\/\\\/www.cercledecultura.org\\\/ca\\\/137-2\\\/#primaryimage\"},\"thumbnailUrl\":\"https:\\\/\\\/www.cercledecultura.org\\\/wp-content\\\/uploads\\\/2021\\\/02\\\/qUM2RXa0X0Ood48m9sDBIg.jpg\",\"keywords\":[\"Anella Cultural\",\"Art\",\"Artur Serra\",\"Barcelona Festival of Song\",\"creaci\u00f3\",\"debat\",\"difusi\u00f3\",\"EYECatalunya\",\"i2Cat\",\"Internet\",\"Joaquim Garrigosa\",\"M\u00fasica\",\"Patr\u00edcia Caicedo\"],\"articleSection\":[\"Not\u00edcies\"],\"inLanguage\":\"ca\",\"potentialAction\":[{\"@type\":\"CommentAction\",\"name\":\"Comment\",\"target\":[\"https:\\\/\\\/www.cercledecultura.org\\\/ca\\\/137-2\\\/#respond\"]}]},{\"@type\":\"WebPage\",\"@id\":\"https:\\\/\\\/www.cercledecultura.org\\\/ca\\\/137-2\\\/\",\"url\":\"https:\\\/\\\/www.cercledecultura.org\\\/ca\\\/137-2\\\/\",\"name\":\"Debat tem\u00e0tic \\\"Ser m\u00fasic i fer m\u00fasica en l'era digital\\\" - Cercle de Cultura\",\"isPartOf\":{\"@id\":\"https:\\\/\\\/www.cercledecultura.org\\\/ca\\\/#website\"},\"primaryImageOfPage\":{\"@id\":\"https:\\\/\\\/www.cercledecultura.org\\\/ca\\\/137-2\\\/#primaryimage\"},\"image\":{\"@id\":\"https:\\\/\\\/www.cercledecultura.org\\\/ca\\\/137-2\\\/#primaryimage\"},\"thumbnailUrl\":\"https:\\\/\\\/www.cercledecultura.org\\\/wp-content\\\/uploads\\\/2021\\\/02\\\/qUM2RXa0X0Ood48m9sDBIg.jpg\",\"datePublished\":\"2015-11-22T01:07:00+00:00\",\"dateModified\":\"2021-02-23T09:59:28+00:00\",\"breadcrumb\":{\"@id\":\"https:\\\/\\\/www.cercledecultura.org\\\/ca\\\/137-2\\\/#breadcrumb\"},\"inLanguage\":\"ca\",\"potentialAction\":[{\"@type\":\"ReadAction\",\"target\":[\"https:\\\/\\\/www.cercledecultura.org\\\/ca\\\/137-2\\\/\"]}]},{\"@type\":\"ImageObject\",\"inLanguage\":\"ca\",\"@id\":\"https:\\\/\\\/www.cercledecultura.org\\\/ca\\\/137-2\\\/#primaryimage\",\"url\":\"https:\\\/\\\/www.cercledecultura.org\\\/wp-content\\\/uploads\\\/2021\\\/02\\\/qUM2RXa0X0Ood48m9sDBIg.jpg\",\"contentUrl\":\"https:\\\/\\\/www.cercledecultura.org\\\/wp-content\\\/uploads\\\/2021\\\/02\\\/qUM2RXa0X0Ood48m9sDBIg.jpg\",\"width\":1317,\"height\":878},{\"@type\":\"BreadcrumbList\",\"@id\":\"https:\\\/\\\/www.cercledecultura.org\\\/ca\\\/137-2\\\/#breadcrumb\",\"itemListElement\":[{\"@type\":\"ListItem\",\"position\":1,\"name\":\"Portada\",\"item\":\"https:\\\/\\\/www.cercledecultura.org\\\/ca\\\/\"},{\"@type\":\"ListItem\",\"position\":2,\"name\":\"Debat tem\u00e0tic &#8220;Ser m\u00fasic i fer m\u00fasica en l&#8217;era digital&#8221;\"}]},{\"@type\":\"WebSite\",\"@id\":\"https:\\\/\\\/www.cercledecultura.org\\\/ca\\\/#website\",\"url\":\"https:\\\/\\\/www.cercledecultura.org\\\/ca\\\/\",\"name\":\"Cercle de Cultura\",\"description\":\"Entitat de car\u00e0cter privat i associatiu, independent, amb voluntat de participar en la vida p\u00fablica des de la pluralitat ideol\u00f2gica dels seus membres fundadors i futurs associats\",\"publisher\":{\"@id\":\"https:\\\/\\\/www.cercledecultura.org\\\/ca\\\/#organization\"},\"potentialAction\":[{\"@type\":\"SearchAction\",\"target\":{\"@type\":\"EntryPoint\",\"urlTemplate\":\"https:\\\/\\\/www.cercledecultura.org\\\/ca\\\/?s={search_term_string}\"},\"query-input\":{\"@type\":\"PropertyValueSpecification\",\"valueRequired\":true,\"valueName\":\"search_term_string\"}}],\"inLanguage\":\"ca\"},{\"@type\":\"Organization\",\"@id\":\"https:\\\/\\\/www.cercledecultura.org\\\/ca\\\/#organization\",\"name\":\"Cercle de Cultura\",\"url\":\"https:\\\/\\\/www.cercledecultura.org\\\/ca\\\/\",\"logo\":{\"@type\":\"ImageObject\",\"inLanguage\":\"ca\",\"@id\":\"https:\\\/\\\/www.cercledecultura.org\\\/ca\\\/#\\\/schema\\\/logo\\\/image\\\/\",\"url\":\"https:\\\/\\\/www.cercledecultura.org\\\/wp-content\\\/uploads\\\/2020\\\/01\\\/logo-cercle-de-cultura.png\",\"contentUrl\":\"https:\\\/\\\/www.cercledecultura.org\\\/wp-content\\\/uploads\\\/2020\\\/01\\\/logo-cercle-de-cultura.png\",\"width\":350,\"height\":195,\"caption\":\"Cercle de Cultura\"},\"image\":{\"@id\":\"https:\\\/\\\/www.cercledecultura.org\\\/ca\\\/#\\\/schema\\\/logo\\\/image\\\/\"}},{\"@type\":\"Person\",\"@id\":\"https:\\\/\\\/www.cercledecultura.org\\\/ca\\\/#\\\/schema\\\/person\\\/269db25cfadcb4bd2e41781c819942f9\",\"name\":\"admin\",\"image\":{\"@type\":\"ImageObject\",\"inLanguage\":\"ca\",\"@id\":\"https:\\\/\\\/secure.gravatar.com\\\/avatar\\\/e88a8bb50a361c6d45c4709770a3d765016be4b5d85313447b91d0d707434ad9?s=96&d=mm&r=g\",\"url\":\"https:\\\/\\\/secure.gravatar.com\\\/avatar\\\/e88a8bb50a361c6d45c4709770a3d765016be4b5d85313447b91d0d707434ad9?s=96&d=mm&r=g\",\"contentUrl\":\"https:\\\/\\\/secure.gravatar.com\\\/avatar\\\/e88a8bb50a361c6d45c4709770a3d765016be4b5d85313447b91d0d707434ad9?s=96&d=mm&r=g\",\"caption\":\"admin\"},\"url\":\"https:\\\/\\\/www.cercledecultura.org\\\/ca\\\/author\\\/seic_trzh7tdr\\\/\"}]}<\/script>\n<!-- \/ Yoast SEO plugin. -->","yoast_head_json":{"title":"Debat tem\u00e0tic \"Ser m\u00fasic i fer m\u00fasica en l'era digital\" - Cercle de Cultura","robots":{"index":"index","follow":"follow","max-snippet":"max-snippet:-1","max-image-preview":"max-image-preview:large","max-video-preview":"max-video-preview:-1"},"canonical":"https:\/\/www.cercledecultura.org\/ca\/137-2\/","og_locale":"ca_ES","og_type":"article","og_title":"Debat tem\u00e0tic \"Ser m\u00fasic i fer m\u00fasica en l'era digital\" - Cercle de Cultura","og_description":"El 19 de novembre el Cercle de Cultura organitz\u00e0 el debat tem\u00e0tic \"ser m\u00fasic i fer m\u00fasica en l'era digital\", a c\u00e0rrec de la soprano i music\u00f2loga Patr\u00edcia Caicedo, i del director adjunt de la Fundaci\u00f3 I2Cat, Artur Serra, que van ser moderats per Joaquim Garrigosa, director de l'Auditori. Un debat que serv\u00ed per analitzar els reptes i oportunitats que ofereixen les noves tecnologies per a crear noves audi\u00e8ncies, afavorir la creaci\u00f3 musical i la interacci\u00f3 entre artistes i p\u00fablic. \u00a0","og_url":"https:\/\/www.cercledecultura.org\/ca\/137-2\/","og_site_name":"Cercle de Cultura","article_published_time":"2015-11-22T01:07:00+00:00","article_modified_time":"2021-02-23T09:59:28+00:00","og_image":[{"width":1317,"height":878,"url":"https:\/\/www.cercledecultura.org\/wp-content\/uploads\/2021\/02\/qUM2RXa0X0Ood48m9sDBIg.jpg","type":"image\/jpeg"}],"author":"admin","twitter_card":"summary_large_image","twitter_misc":{"Escrit per":"admin","Temps estimat de lectura":"2 minuts"},"schema":{"@context":"https:\/\/schema.org","@graph":[{"@type":"Article","@id":"https:\/\/www.cercledecultura.org\/ca\/137-2\/#article","isPartOf":{"@id":"https:\/\/www.cercledecultura.org\/ca\/137-2\/"},"author":{"name":"admin","@id":"https:\/\/www.cercledecultura.org\/ca\/#\/schema\/person\/269db25cfadcb4bd2e41781c819942f9"},"headline":"Debat tem\u00e0tic &#8220;Ser m\u00fasic i fer m\u00fasica en l&#8217;era digital&#8221;","datePublished":"2015-11-22T01:07:00+00:00","dateModified":"2021-02-23T09:59:28+00:00","mainEntityOfPage":{"@id":"https:\/\/www.cercledecultura.org\/ca\/137-2\/"},"wordCount":357,"commentCount":0,"publisher":{"@id":"https:\/\/www.cercledecultura.org\/ca\/#organization"},"image":{"@id":"https:\/\/www.cercledecultura.org\/ca\/137-2\/#primaryimage"},"thumbnailUrl":"https:\/\/www.cercledecultura.org\/wp-content\/uploads\/2021\/02\/qUM2RXa0X0Ood48m9sDBIg.jpg","keywords":["Anella Cultural","Art","Artur Serra","Barcelona Festival of Song","creaci\u00f3","debat","difusi\u00f3","EYECatalunya","i2Cat","Internet","Joaquim Garrigosa","M\u00fasica","Patr\u00edcia Caicedo"],"articleSection":["Not\u00edcies"],"inLanguage":"ca","potentialAction":[{"@type":"CommentAction","name":"Comment","target":["https:\/\/www.cercledecultura.org\/ca\/137-2\/#respond"]}]},{"@type":"WebPage","@id":"https:\/\/www.cercledecultura.org\/ca\/137-2\/","url":"https:\/\/www.cercledecultura.org\/ca\/137-2\/","name":"Debat tem\u00e0tic \"Ser m\u00fasic i fer m\u00fasica en l'era digital\" - Cercle de Cultura","isPartOf":{"@id":"https:\/\/www.cercledecultura.org\/ca\/#website"},"primaryImageOfPage":{"@id":"https:\/\/www.cercledecultura.org\/ca\/137-2\/#primaryimage"},"image":{"@id":"https:\/\/www.cercledecultura.org\/ca\/137-2\/#primaryimage"},"thumbnailUrl":"https:\/\/www.cercledecultura.org\/wp-content\/uploads\/2021\/02\/qUM2RXa0X0Ood48m9sDBIg.jpg","datePublished":"2015-11-22T01:07:00+00:00","dateModified":"2021-02-23T09:59:28+00:00","breadcrumb":{"@id":"https:\/\/www.cercledecultura.org\/ca\/137-2\/#breadcrumb"},"inLanguage":"ca","potentialAction":[{"@type":"ReadAction","target":["https:\/\/www.cercledecultura.org\/ca\/137-2\/"]}]},{"@type":"ImageObject","inLanguage":"ca","@id":"https:\/\/www.cercledecultura.org\/ca\/137-2\/#primaryimage","url":"https:\/\/www.cercledecultura.org\/wp-content\/uploads\/2021\/02\/qUM2RXa0X0Ood48m9sDBIg.jpg","contentUrl":"https:\/\/www.cercledecultura.org\/wp-content\/uploads\/2021\/02\/qUM2RXa0X0Ood48m9sDBIg.jpg","width":1317,"height":878},{"@type":"BreadcrumbList","@id":"https:\/\/www.cercledecultura.org\/ca\/137-2\/#breadcrumb","itemListElement":[{"@type":"ListItem","position":1,"name":"Portada","item":"https:\/\/www.cercledecultura.org\/ca\/"},{"@type":"ListItem","position":2,"name":"Debat tem\u00e0tic &#8220;Ser m\u00fasic i fer m\u00fasica en l&#8217;era digital&#8221;"}]},{"@type":"WebSite","@id":"https:\/\/www.cercledecultura.org\/ca\/#website","url":"https:\/\/www.cercledecultura.org\/ca\/","name":"Cercle de Cultura","description":"Entitat de car\u00e0cter privat i associatiu, independent, amb voluntat de participar en la vida p\u00fablica des de la pluralitat ideol\u00f2gica dels seus membres fundadors i futurs associats","publisher":{"@id":"https:\/\/www.cercledecultura.org\/ca\/#organization"},"potentialAction":[{"@type":"SearchAction","target":{"@type":"EntryPoint","urlTemplate":"https:\/\/www.cercledecultura.org\/ca\/?s={search_term_string}"},"query-input":{"@type":"PropertyValueSpecification","valueRequired":true,"valueName":"search_term_string"}}],"inLanguage":"ca"},{"@type":"Organization","@id":"https:\/\/www.cercledecultura.org\/ca\/#organization","name":"Cercle de Cultura","url":"https:\/\/www.cercledecultura.org\/ca\/","logo":{"@type":"ImageObject","inLanguage":"ca","@id":"https:\/\/www.cercledecultura.org\/ca\/#\/schema\/logo\/image\/","url":"https:\/\/www.cercledecultura.org\/wp-content\/uploads\/2020\/01\/logo-cercle-de-cultura.png","contentUrl":"https:\/\/www.cercledecultura.org\/wp-content\/uploads\/2020\/01\/logo-cercle-de-cultura.png","width":350,"height":195,"caption":"Cercle de Cultura"},"image":{"@id":"https:\/\/www.cercledecultura.org\/ca\/#\/schema\/logo\/image\/"}},{"@type":"Person","@id":"https:\/\/www.cercledecultura.org\/ca\/#\/schema\/person\/269db25cfadcb4bd2e41781c819942f9","name":"admin","image":{"@type":"ImageObject","inLanguage":"ca","@id":"https:\/\/secure.gravatar.com\/avatar\/e88a8bb50a361c6d45c4709770a3d765016be4b5d85313447b91d0d707434ad9?s=96&d=mm&r=g","url":"https:\/\/secure.gravatar.com\/avatar\/e88a8bb50a361c6d45c4709770a3d765016be4b5d85313447b91d0d707434ad9?s=96&d=mm&r=g","contentUrl":"https:\/\/secure.gravatar.com\/avatar\/e88a8bb50a361c6d45c4709770a3d765016be4b5d85313447b91d0d707434ad9?s=96&d=mm&r=g","caption":"admin"},"url":"https:\/\/www.cercledecultura.org\/ca\/author\/seic_trzh7tdr\/"}]}},"_links":{"self":[{"href":"https:\/\/www.cercledecultura.org\/ca\/wp-json\/wp\/v2\/posts\/628","targetHints":{"allow":["GET"]}}],"collection":[{"href":"https:\/\/www.cercledecultura.org\/ca\/wp-json\/wp\/v2\/posts"}],"about":[{"href":"https:\/\/www.cercledecultura.org\/ca\/wp-json\/wp\/v2\/types\/post"}],"author":[{"embeddable":true,"href":"https:\/\/www.cercledecultura.org\/ca\/wp-json\/wp\/v2\/users\/1"}],"replies":[{"embeddable":true,"href":"https:\/\/www.cercledecultura.org\/ca\/wp-json\/wp\/v2\/comments?post=628"}],"version-history":[{"count":1,"href":"https:\/\/www.cercledecultura.org\/ca\/wp-json\/wp\/v2\/posts\/628\/revisions"}],"predecessor-version":[{"id":1067,"href":"https:\/\/www.cercledecultura.org\/ca\/wp-json\/wp\/v2\/posts\/628\/revisions\/1067"}],"wp:featuredmedia":[{"embeddable":true,"href":"https:\/\/www.cercledecultura.org\/ca\/wp-json\/wp\/v2\/media\/627"}],"wp:attachment":[{"href":"https:\/\/www.cercledecultura.org\/ca\/wp-json\/wp\/v2\/media?parent=628"}],"wp:term":[{"taxonomy":"category","embeddable":true,"href":"https:\/\/www.cercledecultura.org\/ca\/wp-json\/wp\/v2\/categories?post=628"},{"taxonomy":"post_tag","embeddable":true,"href":"https:\/\/www.cercledecultura.org\/ca\/wp-json\/wp\/v2\/tags?post=628"}],"curies":[{"name":"wp","href":"https:\/\/api.w.org\/{rel}","templated":true}]}}