{"id":585,"date":"2015-11-10T10:27:00","date_gmt":"2015-11-10T10:27:00","guid":{"rendered":"https:\/\/pre.cercledecultura.org\/129\/"},"modified":"2021-02-23T10:04:08","modified_gmt":"2021-02-23T10:04:08","slug":"129","status":"publish","type":"post","link":"https:\/\/www.cercledecultura.org\/ca\/129\/","title":{"rendered":"Noves formes de ser m\u00fasic i fer m\u00fasica en l&#8217;era digital"},"content":{"rendered":"<p>Un dels grans reptes que afronta la m\u00fasica cl\u00e0ssica al segle XXI est\u00e0 sens dubte relacionat amb la seva difusi\u00f3 i amb el desenvolupament i manteniment de noves audi\u00e8ncies. Els or\u00edgens d&#8217;aquesta situaci\u00f3 es remunten al segle XX, quan sota l&#8217;influx d&#8217;artistes com Marcel Duchamp, es va comen\u00e7ar a repensar el concepte d&#8217;obra d&#8217;art, concloent amb la fi de l&#8217;hegemonia del creador i es va donar pas a una participaci\u00f3 cada vegada m\u00e9s activa de l&#8217;audi\u00e8ncia.  A partir de finals del segle XX, Internet va produir una aut\u00e8ntica revoluci\u00f3 de la ind\u00fastria musical que va canviar per sempre les seves formes de distribuci\u00f3 i comercialitzaci\u00f3. No obstant aix\u00f2, la revoluci\u00f3 m\u00e9s gran la constitueixen les infinites possibilitats que ofereix per a persones de diversos grups socials i nacionalitats, per a la preservaci\u00f3 i difusi\u00f3 de repertoris en perill d\u2019extinci\u00f3, permetent als m\u00fasics connectar amb les audi\u00e8ncies en l&#8217;\u00e0mbit global, desenvolupar n\u00ednxols de mercat i establir xarxes d&#8217;intercanvi a nivells que abans mai s\u2019havien imaginat. Com a resultat d\u2019aix\u00f2, l&#8217;espai d&#8217;execuci\u00f3-difusi\u00f3 de la m\u00fasica s&#8217;amplia per incloure el m\u00f3n virtual, podent atreure comunitats que comparteixen interessos similars o trets identitaris comuns.  Aquest escenari presenta nous reptes per als int\u00e8rprets que han de sumar al seu arsenal d&#8217;eines, el coneixement d&#8217;Internet, amb la finalitat de desenvolupar comunitats virtuals, tenir una pres\u00e8ncia online i proposar noves formes d&#8217;execuci\u00f3 i relaci\u00f3 amb les seves audi\u00e8ncies.  No obstant aix\u00f2, fins al moment, la majoria de les interaccions entre els m\u00fasics i les seves audi\u00e8ncies al m\u00f3n digital, es continuen produint dins de l&#8217;antic paradigma d&#8217;Internet, \u00e9s a dir, el que implica l&#8217;exist\u00e8ncia d&#8217;una audi\u00e8ncia que \u00e9s receptora passiva de continguts, alguna cosa similar al model utilitzat per la televisi\u00f3.  Per aquesta ra\u00f3 m&#8217;interessa reflexionar sobre el que esdev\u00e9 en el si del Barcelona Festival of Song, esdeveniment que des de 2011 integra l&#8217;Internet de segona generaci\u00f3, creant un espai de treball intercontinental per a l&#8217;ensenyament i l&#8217;execuci\u00f3 de la m\u00fasica, permetent el desenvolupament de noves formes de relaci\u00f3 entre els m\u00fasics i les seves audi\u00e8ncies i contribuint al desenvolupament d&#8217;un nou paradigma en el qual l&#8217;audi\u00e8ncia i els m\u00fasics participen de manera activa i simult\u00e0nia.  Aquest context obliga a les institucions d&#8217;educaci\u00f3 musical a repensar els seus curr\u00edculums i als m\u00fasics a desenvolupar eines i habilitats que afavoreixin noves formes de ser m\u00fasic i de fer m\u00fasica i en les quals hi interv\u00e9 la tecnologia.<\/p>\n","protected":false},"excerpt":{"rendered":"<p>Patr\u00edcia Caicedo avan\u00e7a alguns dels temes que tractar\u00e0 al debat tem\u00e0tic &#8220;noves formes de ser m\u00fasic i de fer m\u00fasica en l&#8217;era digital&#8221; que el Cercle de Cultura organitza el 19 de novembre<\/p>\n","protected":false},"author":1,"featured_media":586,"comment_status":"open","ping_status":"closed","sticky":false,"template":"","format":"standard","meta":{"footnotes":""},"categories":[26],"tags":[18,14,112],"class_list":["post-585","post","type-post","status-publish","format-standard","has-post-thumbnail","hentry","category-noticies","tag-internet","tag-musica","tag-patricia-caicedo"],"yoast_head":"<!-- This site is optimized with the Yoast SEO plugin v27.5 - https:\/\/yoast.com\/product\/yoast-seo-wordpress\/ -->\n<title>Noves formes de ser m\u00fasic i fer m\u00fasica en l&#039;era digital - Cercle de Cultura<\/title>\n<meta name=\"robots\" content=\"index, follow, max-snippet:-1, max-image-preview:large, max-video-preview:-1\" \/>\n<link rel=\"canonical\" href=\"https:\/\/www.cercledecultura.org\/ca\/129\/\" \/>\n<meta property=\"og:locale\" content=\"ca_ES\" \/>\n<meta property=\"og:type\" content=\"article\" \/>\n<meta property=\"og:title\" content=\"Noves formes de ser m\u00fasic i fer m\u00fasica en l&#039;era digital - Cercle de Cultura\" \/>\n<meta property=\"og:description\" content=\"Patr\u00edcia Caicedo avan\u00e7a alguns dels temes que tractar\u00e0 al debat tem\u00e0tic &quot;noves formes de ser m\u00fasic i de fer m\u00fasica en l&#039;era digital&quot; que el Cercle de Cultura organitza el 19 de novembre\" \/>\n<meta property=\"og:url\" content=\"https:\/\/www.cercledecultura.org\/ca\/129\/\" \/>\n<meta property=\"og:site_name\" content=\"Cercle de Cultura\" \/>\n<meta property=\"article:published_time\" content=\"2015-11-10T10:27:00+00:00\" \/>\n<meta property=\"article:modified_time\" content=\"2021-02-23T10:04:08+00:00\" \/>\n<meta property=\"og:image\" content=\"https:\/\/www.cercledecultura.org\/wp-content\/uploads\/2021\/02\/5oo2Bjk7hEad8SjsLOQ3A.jpg\" \/>\n\t<meta property=\"og:image:width\" content=\"320\" \/>\n\t<meta property=\"og:image:height\" content=\"213\" \/>\n\t<meta property=\"og:image:type\" content=\"image\/jpeg\" \/>\n<meta name=\"author\" content=\"admin\" \/>\n<meta name=\"twitter:card\" content=\"summary_large_image\" \/>\n<meta name=\"twitter:label1\" content=\"Escrit per\" \/>\n\t<meta name=\"twitter:data1\" content=\"admin\" \/>\n\t<meta name=\"twitter:label2\" content=\"Temps estimat de lectura\" \/>\n\t<meta name=\"twitter:data2\" content=\"2 minuts\" \/>\n<script type=\"application\/ld+json\" class=\"yoast-schema-graph\">{\"@context\":\"https:\\\/\\\/schema.org\",\"@graph\":[{\"@type\":\"Article\",\"@id\":\"https:\\\/\\\/www.cercledecultura.org\\\/ca\\\/129\\\/#article\",\"isPartOf\":{\"@id\":\"https:\\\/\\\/www.cercledecultura.org\\\/ca\\\/129\\\/\"},\"author\":{\"name\":\"admin\",\"@id\":\"https:\\\/\\\/www.cercledecultura.org\\\/ca\\\/#\\\/schema\\\/person\\\/269db25cfadcb4bd2e41781c819942f9\"},\"headline\":\"Noves formes de ser m\u00fasic i fer m\u00fasica en l&#8217;era digital\",\"datePublished\":\"2015-11-10T10:27:00+00:00\",\"dateModified\":\"2021-02-23T10:04:08+00:00\",\"mainEntityOfPage\":{\"@id\":\"https:\\\/\\\/www.cercledecultura.org\\\/ca\\\/129\\\/\"},\"wordCount\":476,\"commentCount\":0,\"publisher\":{\"@id\":\"https:\\\/\\\/www.cercledecultura.org\\\/ca\\\/#organization\"},\"image\":{\"@id\":\"https:\\\/\\\/www.cercledecultura.org\\\/ca\\\/129\\\/#primaryimage\"},\"thumbnailUrl\":\"https:\\\/\\\/www.cercledecultura.org\\\/wp-content\\\/uploads\\\/2021\\\/02\\\/5oo2Bjk7hEad8SjsLOQ3A.jpg\",\"keywords\":[\"Internet\",\"M\u00fasica\",\"Patr\u00edcia Caicedo\"],\"articleSection\":[\"Not\u00edcies\"],\"inLanguage\":\"ca\",\"potentialAction\":[{\"@type\":\"CommentAction\",\"name\":\"Comment\",\"target\":[\"https:\\\/\\\/www.cercledecultura.org\\\/ca\\\/129\\\/#respond\"]}]},{\"@type\":\"WebPage\",\"@id\":\"https:\\\/\\\/www.cercledecultura.org\\\/ca\\\/129\\\/\",\"url\":\"https:\\\/\\\/www.cercledecultura.org\\\/ca\\\/129\\\/\",\"name\":\"Noves formes de ser m\u00fasic i fer m\u00fasica en l'era digital - Cercle de Cultura\",\"isPartOf\":{\"@id\":\"https:\\\/\\\/www.cercledecultura.org\\\/ca\\\/#website\"},\"primaryImageOfPage\":{\"@id\":\"https:\\\/\\\/www.cercledecultura.org\\\/ca\\\/129\\\/#primaryimage\"},\"image\":{\"@id\":\"https:\\\/\\\/www.cercledecultura.org\\\/ca\\\/129\\\/#primaryimage\"},\"thumbnailUrl\":\"https:\\\/\\\/www.cercledecultura.org\\\/wp-content\\\/uploads\\\/2021\\\/02\\\/5oo2Bjk7hEad8SjsLOQ3A.jpg\",\"datePublished\":\"2015-11-10T10:27:00+00:00\",\"dateModified\":\"2021-02-23T10:04:08+00:00\",\"breadcrumb\":{\"@id\":\"https:\\\/\\\/www.cercledecultura.org\\\/ca\\\/129\\\/#breadcrumb\"},\"inLanguage\":\"ca\",\"potentialAction\":[{\"@type\":\"ReadAction\",\"target\":[\"https:\\\/\\\/www.cercledecultura.org\\\/ca\\\/129\\\/\"]}]},{\"@type\":\"ImageObject\",\"inLanguage\":\"ca\",\"@id\":\"https:\\\/\\\/www.cercledecultura.org\\\/ca\\\/129\\\/#primaryimage\",\"url\":\"https:\\\/\\\/www.cercledecultura.org\\\/wp-content\\\/uploads\\\/2021\\\/02\\\/5oo2Bjk7hEad8SjsLOQ3A.jpg\",\"contentUrl\":\"https:\\\/\\\/www.cercledecultura.org\\\/wp-content\\\/uploads\\\/2021\\\/02\\\/5oo2Bjk7hEad8SjsLOQ3A.jpg\",\"width\":320,\"height\":213},{\"@type\":\"BreadcrumbList\",\"@id\":\"https:\\\/\\\/www.cercledecultura.org\\\/ca\\\/129\\\/#breadcrumb\",\"itemListElement\":[{\"@type\":\"ListItem\",\"position\":1,\"name\":\"Portada\",\"item\":\"https:\\\/\\\/www.cercledecultura.org\\\/ca\\\/\"},{\"@type\":\"ListItem\",\"position\":2,\"name\":\"Noves formes de ser m\u00fasic i fer m\u00fasica en l&#8217;era digital\"}]},{\"@type\":\"WebSite\",\"@id\":\"https:\\\/\\\/www.cercledecultura.org\\\/ca\\\/#website\",\"url\":\"https:\\\/\\\/www.cercledecultura.org\\\/ca\\\/\",\"name\":\"Cercle de Cultura\",\"description\":\"Entitat de car\u00e0cter privat i associatiu, independent, amb voluntat de participar en la vida p\u00fablica des de la pluralitat ideol\u00f2gica dels seus membres fundadors i futurs associats\",\"publisher\":{\"@id\":\"https:\\\/\\\/www.cercledecultura.org\\\/ca\\\/#organization\"},\"potentialAction\":[{\"@type\":\"SearchAction\",\"target\":{\"@type\":\"EntryPoint\",\"urlTemplate\":\"https:\\\/\\\/www.cercledecultura.org\\\/ca\\\/?s={search_term_string}\"},\"query-input\":{\"@type\":\"PropertyValueSpecification\",\"valueRequired\":true,\"valueName\":\"search_term_string\"}}],\"inLanguage\":\"ca\"},{\"@type\":\"Organization\",\"@id\":\"https:\\\/\\\/www.cercledecultura.org\\\/ca\\\/#organization\",\"name\":\"Cercle de Cultura\",\"url\":\"https:\\\/\\\/www.cercledecultura.org\\\/ca\\\/\",\"logo\":{\"@type\":\"ImageObject\",\"inLanguage\":\"ca\",\"@id\":\"https:\\\/\\\/www.cercledecultura.org\\\/ca\\\/#\\\/schema\\\/logo\\\/image\\\/\",\"url\":\"https:\\\/\\\/www.cercledecultura.org\\\/wp-content\\\/uploads\\\/2020\\\/01\\\/logo-cercle-de-cultura.png\",\"contentUrl\":\"https:\\\/\\\/www.cercledecultura.org\\\/wp-content\\\/uploads\\\/2020\\\/01\\\/logo-cercle-de-cultura.png\",\"width\":350,\"height\":195,\"caption\":\"Cercle de Cultura\"},\"image\":{\"@id\":\"https:\\\/\\\/www.cercledecultura.org\\\/ca\\\/#\\\/schema\\\/logo\\\/image\\\/\"}},{\"@type\":\"Person\",\"@id\":\"https:\\\/\\\/www.cercledecultura.org\\\/ca\\\/#\\\/schema\\\/person\\\/269db25cfadcb4bd2e41781c819942f9\",\"name\":\"admin\",\"image\":{\"@type\":\"ImageObject\",\"inLanguage\":\"ca\",\"@id\":\"https:\\\/\\\/secure.gravatar.com\\\/avatar\\\/e88a8bb50a361c6d45c4709770a3d765016be4b5d85313447b91d0d707434ad9?s=96&d=mm&r=g\",\"url\":\"https:\\\/\\\/secure.gravatar.com\\\/avatar\\\/e88a8bb50a361c6d45c4709770a3d765016be4b5d85313447b91d0d707434ad9?s=96&d=mm&r=g\",\"contentUrl\":\"https:\\\/\\\/secure.gravatar.com\\\/avatar\\\/e88a8bb50a361c6d45c4709770a3d765016be4b5d85313447b91d0d707434ad9?s=96&d=mm&r=g\",\"caption\":\"admin\"},\"url\":\"https:\\\/\\\/www.cercledecultura.org\\\/ca\\\/author\\\/seic_trzh7tdr\\\/\"}]}<\/script>\n<!-- \/ Yoast SEO plugin. -->","yoast_head_json":{"title":"Noves formes de ser m\u00fasic i fer m\u00fasica en l'era digital - Cercle de Cultura","robots":{"index":"index","follow":"follow","max-snippet":"max-snippet:-1","max-image-preview":"max-image-preview:large","max-video-preview":"max-video-preview:-1"},"canonical":"https:\/\/www.cercledecultura.org\/ca\/129\/","og_locale":"ca_ES","og_type":"article","og_title":"Noves formes de ser m\u00fasic i fer m\u00fasica en l'era digital - Cercle de Cultura","og_description":"Patr\u00edcia Caicedo avan\u00e7a alguns dels temes que tractar\u00e0 al debat tem\u00e0tic \"noves formes de ser m\u00fasic i de fer m\u00fasica en l'era digital\" que el Cercle de Cultura organitza el 19 de novembre","og_url":"https:\/\/www.cercledecultura.org\/ca\/129\/","og_site_name":"Cercle de Cultura","article_published_time":"2015-11-10T10:27:00+00:00","article_modified_time":"2021-02-23T10:04:08+00:00","og_image":[{"width":320,"height":213,"url":"https:\/\/www.cercledecultura.org\/wp-content\/uploads\/2021\/02\/5oo2Bjk7hEad8SjsLOQ3A.jpg","type":"image\/jpeg"}],"author":"admin","twitter_card":"summary_large_image","twitter_misc":{"Escrit per":"admin","Temps estimat de lectura":"2 minuts"},"schema":{"@context":"https:\/\/schema.org","@graph":[{"@type":"Article","@id":"https:\/\/www.cercledecultura.org\/ca\/129\/#article","isPartOf":{"@id":"https:\/\/www.cercledecultura.org\/ca\/129\/"},"author":{"name":"admin","@id":"https:\/\/www.cercledecultura.org\/ca\/#\/schema\/person\/269db25cfadcb4bd2e41781c819942f9"},"headline":"Noves formes de ser m\u00fasic i fer m\u00fasica en l&#8217;era digital","datePublished":"2015-11-10T10:27:00+00:00","dateModified":"2021-02-23T10:04:08+00:00","mainEntityOfPage":{"@id":"https:\/\/www.cercledecultura.org\/ca\/129\/"},"wordCount":476,"commentCount":0,"publisher":{"@id":"https:\/\/www.cercledecultura.org\/ca\/#organization"},"image":{"@id":"https:\/\/www.cercledecultura.org\/ca\/129\/#primaryimage"},"thumbnailUrl":"https:\/\/www.cercledecultura.org\/wp-content\/uploads\/2021\/02\/5oo2Bjk7hEad8SjsLOQ3A.jpg","keywords":["Internet","M\u00fasica","Patr\u00edcia Caicedo"],"articleSection":["Not\u00edcies"],"inLanguage":"ca","potentialAction":[{"@type":"CommentAction","name":"Comment","target":["https:\/\/www.cercledecultura.org\/ca\/129\/#respond"]}]},{"@type":"WebPage","@id":"https:\/\/www.cercledecultura.org\/ca\/129\/","url":"https:\/\/www.cercledecultura.org\/ca\/129\/","name":"Noves formes de ser m\u00fasic i fer m\u00fasica en l'era digital - Cercle de Cultura","isPartOf":{"@id":"https:\/\/www.cercledecultura.org\/ca\/#website"},"primaryImageOfPage":{"@id":"https:\/\/www.cercledecultura.org\/ca\/129\/#primaryimage"},"image":{"@id":"https:\/\/www.cercledecultura.org\/ca\/129\/#primaryimage"},"thumbnailUrl":"https:\/\/www.cercledecultura.org\/wp-content\/uploads\/2021\/02\/5oo2Bjk7hEad8SjsLOQ3A.jpg","datePublished":"2015-11-10T10:27:00+00:00","dateModified":"2021-02-23T10:04:08+00:00","breadcrumb":{"@id":"https:\/\/www.cercledecultura.org\/ca\/129\/#breadcrumb"},"inLanguage":"ca","potentialAction":[{"@type":"ReadAction","target":["https:\/\/www.cercledecultura.org\/ca\/129\/"]}]},{"@type":"ImageObject","inLanguage":"ca","@id":"https:\/\/www.cercledecultura.org\/ca\/129\/#primaryimage","url":"https:\/\/www.cercledecultura.org\/wp-content\/uploads\/2021\/02\/5oo2Bjk7hEad8SjsLOQ3A.jpg","contentUrl":"https:\/\/www.cercledecultura.org\/wp-content\/uploads\/2021\/02\/5oo2Bjk7hEad8SjsLOQ3A.jpg","width":320,"height":213},{"@type":"BreadcrumbList","@id":"https:\/\/www.cercledecultura.org\/ca\/129\/#breadcrumb","itemListElement":[{"@type":"ListItem","position":1,"name":"Portada","item":"https:\/\/www.cercledecultura.org\/ca\/"},{"@type":"ListItem","position":2,"name":"Noves formes de ser m\u00fasic i fer m\u00fasica en l&#8217;era digital"}]},{"@type":"WebSite","@id":"https:\/\/www.cercledecultura.org\/ca\/#website","url":"https:\/\/www.cercledecultura.org\/ca\/","name":"Cercle de Cultura","description":"Entitat de car\u00e0cter privat i associatiu, independent, amb voluntat de participar en la vida p\u00fablica des de la pluralitat ideol\u00f2gica dels seus membres fundadors i futurs associats","publisher":{"@id":"https:\/\/www.cercledecultura.org\/ca\/#organization"},"potentialAction":[{"@type":"SearchAction","target":{"@type":"EntryPoint","urlTemplate":"https:\/\/www.cercledecultura.org\/ca\/?s={search_term_string}"},"query-input":{"@type":"PropertyValueSpecification","valueRequired":true,"valueName":"search_term_string"}}],"inLanguage":"ca"},{"@type":"Organization","@id":"https:\/\/www.cercledecultura.org\/ca\/#organization","name":"Cercle de Cultura","url":"https:\/\/www.cercledecultura.org\/ca\/","logo":{"@type":"ImageObject","inLanguage":"ca","@id":"https:\/\/www.cercledecultura.org\/ca\/#\/schema\/logo\/image\/","url":"https:\/\/www.cercledecultura.org\/wp-content\/uploads\/2020\/01\/logo-cercle-de-cultura.png","contentUrl":"https:\/\/www.cercledecultura.org\/wp-content\/uploads\/2020\/01\/logo-cercle-de-cultura.png","width":350,"height":195,"caption":"Cercle de Cultura"},"image":{"@id":"https:\/\/www.cercledecultura.org\/ca\/#\/schema\/logo\/image\/"}},{"@type":"Person","@id":"https:\/\/www.cercledecultura.org\/ca\/#\/schema\/person\/269db25cfadcb4bd2e41781c819942f9","name":"admin","image":{"@type":"ImageObject","inLanguage":"ca","@id":"https:\/\/secure.gravatar.com\/avatar\/e88a8bb50a361c6d45c4709770a3d765016be4b5d85313447b91d0d707434ad9?s=96&d=mm&r=g","url":"https:\/\/secure.gravatar.com\/avatar\/e88a8bb50a361c6d45c4709770a3d765016be4b5d85313447b91d0d707434ad9?s=96&d=mm&r=g","contentUrl":"https:\/\/secure.gravatar.com\/avatar\/e88a8bb50a361c6d45c4709770a3d765016be4b5d85313447b91d0d707434ad9?s=96&d=mm&r=g","caption":"admin"},"url":"https:\/\/www.cercledecultura.org\/ca\/author\/seic_trzh7tdr\/"}]}},"_links":{"self":[{"href":"https:\/\/www.cercledecultura.org\/ca\/wp-json\/wp\/v2\/posts\/585","targetHints":{"allow":["GET"]}}],"collection":[{"href":"https:\/\/www.cercledecultura.org\/ca\/wp-json\/wp\/v2\/posts"}],"about":[{"href":"https:\/\/www.cercledecultura.org\/ca\/wp-json\/wp\/v2\/types\/post"}],"author":[{"embeddable":true,"href":"https:\/\/www.cercledecultura.org\/ca\/wp-json\/wp\/v2\/users\/1"}],"replies":[{"embeddable":true,"href":"https:\/\/www.cercledecultura.org\/ca\/wp-json\/wp\/v2\/comments?post=585"}],"version-history":[{"count":1,"href":"https:\/\/www.cercledecultura.org\/ca\/wp-json\/wp\/v2\/posts\/585\/revisions"}],"predecessor-version":[{"id":1048,"href":"https:\/\/www.cercledecultura.org\/ca\/wp-json\/wp\/v2\/posts\/585\/revisions\/1048"}],"wp:featuredmedia":[{"embeddable":true,"href":"https:\/\/www.cercledecultura.org\/ca\/wp-json\/wp\/v2\/media\/586"}],"wp:attachment":[{"href":"https:\/\/www.cercledecultura.org\/ca\/wp-json\/wp\/v2\/media?parent=585"}],"wp:term":[{"taxonomy":"category","embeddable":true,"href":"https:\/\/www.cercledecultura.org\/ca\/wp-json\/wp\/v2\/categories?post=585"},{"taxonomy":"post_tag","embeddable":true,"href":"https:\/\/www.cercledecultura.org\/ca\/wp-json\/wp\/v2\/tags?post=585"}],"curies":[{"name":"wp","href":"https:\/\/api.w.org\/{rel}","templated":true}]}}