{"id":579,"date":"2014-01-20T08:26:00","date_gmt":"2014-01-20T08:26:00","guid":{"rendered":"https:\/\/pre.cercledecultura.org\/123\/"},"modified":"2021-02-23T10:09:19","modified_gmt":"2021-02-23T10:09:19","slug":"123","status":"publish","type":"post","link":"https:\/\/www.cercledecultura.org\/ca\/123\/","title":{"rendered":"Declaraci\u00f3 a favor de l&#8217;impost de connectivitat digital"},"content":{"rendered":"<p>Dies abans de les darreres eleccions al Parlament de Catalunya, el Cercle de Cultura va proposar als partits pol\u00edtics catalans signar la Declaraci\u00f3 Catalunya per la Cultura, un manifest on s\u2019assenyalen les l\u00ednies vermelles que cal no travessar per mantenir el pols cultural catal\u00e0. Aquest document va ser signat pels principals partits de l\u2019arc parlamentari catal\u00e0 i posa de manifest el seu comprom\u00eds pol\u00edtic per mantenir vigent, malgrat la crisi, una pol\u00edtica cultural activa i responsable.   Un dels punts que la Declaraci\u00f3 esmenta \u00e9s la necessitat de cercar noves vies de finan\u00e7ament que assegurin una major complicitat entre els sectors empresarials i la creaci\u00f3 de continguts culturals. En aquesta direcci\u00f3 la Conselleria de Cultura ha endegat l\u2019estudi d\u2019una proposta d\u2019impost sobre la connectivitat digital que hauria de permetre la creaci\u00f3 d\u2019un fons essencialment adre\u00e7at a finan\u00e7ar la producci\u00f3 audiovisual catalana.  L\u2019impost de connectivitat permet donar continu\u00eftat econ\u00f2mica a la cadena de valor dels continguts digitals en la mesura que compromet les parts que operen comercialment amb aquests continguts a generar un sistema de finan\u00e7ament sostenible. Per aix\u00f2 conv\u00e9 que aquesta proposta deixi inequ\u00edvocament clar que el subjecte impositiu s\u00f3n les empreses de telecomunicacions i de cap manera els ciutadans a trav\u00e9s del rebut que correspon al seu consum.  La creaci\u00f3 d\u2019aquest fons requereix la complicitat expressa de les operadores de telecomunicacions, que s\u00f3n en darrera inst\u00e0ncia les principals distribu\u00efdores de continguts digitals. Tamb\u00e9 requereix la complicitat responsable dels partits pol\u00edtics per tal de facilitar el consens indispensable que una mesura d\u2019aquesta transcend\u00e8ncia necessita per a la seva aplicaci\u00f3 immediata.   Un impost de connectivitat, que no pas un c\u00e0non a les baixades de continguts, suposa una model impositiu proper al mecenatge per a un sector determinant per al futur cultural del pa\u00eds i un pas definitiu per complementar el finan\u00e7ament de la cultura des de la nova economia que prov\u00e9 del negoci digital.   El Cercle de Cultura valora positivament aquesta proposta i encoratja les diverses parts implicades a cercar les vies de negociaci\u00f3 necess\u00e0ries per endegar aquesta mesura a curt termini.<\/p>\n","protected":false},"excerpt":{"rendered":"<p>Declaraci\u00f3 del Cercle de Cultura en favor de la taxa a les operadores de telecomunicacions per al finan\u00e7ament de les ind\u00fastries culturals audiovisuals<\/p>\n","protected":false},"author":1,"featured_media":580,"comment_status":"open","ping_status":"closed","sticky":false,"template":"","format":"standard","meta":{"footnotes":""},"categories":[58],"tags":[5,53,75,104,101,12,18,109],"class_list":["post-579","post","type-post","status-publish","format-standard","has-post-thumbnail","hentry","category-manifest","tag-cultura","tag-departament-de-cultura","tag-digital","tag-fiscalitat","tag-govern","tag-industries-culturals","tag-internet","tag-parlament-de-catalunya"],"yoast_head":"<!-- This site is optimized with the Yoast SEO plugin v27.5 - https:\/\/yoast.com\/product\/yoast-seo-wordpress\/ -->\n<title>Declaraci\u00f3 a favor de l&#039;impost de connectivitat digital - Cercle de Cultura<\/title>\n<meta name=\"robots\" content=\"index, follow, max-snippet:-1, max-image-preview:large, max-video-preview:-1\" \/>\n<link rel=\"canonical\" href=\"https:\/\/www.cercledecultura.org\/ca\/123\/\" \/>\n<meta property=\"og:locale\" content=\"ca_ES\" \/>\n<meta property=\"og:type\" content=\"article\" \/>\n<meta property=\"og:title\" content=\"Declaraci\u00f3 a favor de l&#039;impost de connectivitat digital - Cercle de Cultura\" \/>\n<meta property=\"og:description\" content=\"Declaraci\u00f3 del Cercle de Cultura en favor de la taxa a les operadores de telecomunicacions per al finan\u00e7ament de les ind\u00fastries culturals audiovisuals\" \/>\n<meta property=\"og:url\" content=\"https:\/\/www.cercledecultura.org\/ca\/123\/\" \/>\n<meta property=\"og:site_name\" content=\"Cercle de Cultura\" \/>\n<meta property=\"article:published_time\" content=\"2014-01-20T08:26:00+00:00\" \/>\n<meta property=\"article:modified_time\" content=\"2021-02-23T10:09:19+00:00\" \/>\n<meta property=\"og:image\" content=\"https:\/\/www.cercledecultura.org\/wp-content\/uploads\/2021\/02\/EPgBwIgulkuw19cJIJuqqg.jpg\" \/>\n\t<meta property=\"og:image:width\" content=\"450\" \/>\n\t<meta property=\"og:image:height\" content=\"225\" \/>\n\t<meta property=\"og:image:type\" content=\"image\/jpeg\" \/>\n<meta name=\"author\" content=\"admin\" \/>\n<meta name=\"twitter:card\" content=\"summary_large_image\" \/>\n<meta name=\"twitter:label1\" content=\"Escrit per\" \/>\n\t<meta name=\"twitter:data1\" content=\"admin\" \/>\n\t<meta name=\"twitter:label2\" content=\"Temps estimat de lectura\" \/>\n\t<meta name=\"twitter:data2\" content=\"2 minuts\" \/>\n<script type=\"application\/ld+json\" class=\"yoast-schema-graph\">{\"@context\":\"https:\\\/\\\/schema.org\",\"@graph\":[{\"@type\":\"Article\",\"@id\":\"https:\\\/\\\/www.cercledecultura.org\\\/ca\\\/123\\\/#article\",\"isPartOf\":{\"@id\":\"https:\\\/\\\/www.cercledecultura.org\\\/ca\\\/123\\\/\"},\"author\":{\"name\":\"admin\",\"@id\":\"https:\\\/\\\/www.cercledecultura.org\\\/ca\\\/#\\\/schema\\\/person\\\/269db25cfadcb4bd2e41781c819942f9\"},\"headline\":\"Declaraci\u00f3 a favor de l&#8217;impost de connectivitat digital\",\"datePublished\":\"2014-01-20T08:26:00+00:00\",\"dateModified\":\"2021-02-23T10:09:19+00:00\",\"mainEntityOfPage\":{\"@id\":\"https:\\\/\\\/www.cercledecultura.org\\\/ca\\\/123\\\/\"},\"wordCount\":381,\"commentCount\":0,\"publisher\":{\"@id\":\"https:\\\/\\\/www.cercledecultura.org\\\/ca\\\/#organization\"},\"image\":{\"@id\":\"https:\\\/\\\/www.cercledecultura.org\\\/ca\\\/123\\\/#primaryimage\"},\"thumbnailUrl\":\"https:\\\/\\\/www.cercledecultura.org\\\/wp-content\\\/uploads\\\/2021\\\/02\\\/EPgBwIgulkuw19cJIJuqqg.jpg\",\"keywords\":[\"Cultura\",\"Departament de Cultura\",\"digital\",\"fiscalitat\",\"Govern\",\"Industries Culturals\",\"Internet\",\"Parlament de Catalunya\"],\"articleSection\":[\"Manifest\"],\"inLanguage\":\"ca\",\"potentialAction\":[{\"@type\":\"CommentAction\",\"name\":\"Comment\",\"target\":[\"https:\\\/\\\/www.cercledecultura.org\\\/ca\\\/123\\\/#respond\"]}]},{\"@type\":\"WebPage\",\"@id\":\"https:\\\/\\\/www.cercledecultura.org\\\/ca\\\/123\\\/\",\"url\":\"https:\\\/\\\/www.cercledecultura.org\\\/ca\\\/123\\\/\",\"name\":\"Declaraci\u00f3 a favor de l'impost de connectivitat digital - Cercle de Cultura\",\"isPartOf\":{\"@id\":\"https:\\\/\\\/www.cercledecultura.org\\\/ca\\\/#website\"},\"primaryImageOfPage\":{\"@id\":\"https:\\\/\\\/www.cercledecultura.org\\\/ca\\\/123\\\/#primaryimage\"},\"image\":{\"@id\":\"https:\\\/\\\/www.cercledecultura.org\\\/ca\\\/123\\\/#primaryimage\"},\"thumbnailUrl\":\"https:\\\/\\\/www.cercledecultura.org\\\/wp-content\\\/uploads\\\/2021\\\/02\\\/EPgBwIgulkuw19cJIJuqqg.jpg\",\"datePublished\":\"2014-01-20T08:26:00+00:00\",\"dateModified\":\"2021-02-23T10:09:19+00:00\",\"breadcrumb\":{\"@id\":\"https:\\\/\\\/www.cercledecultura.org\\\/ca\\\/123\\\/#breadcrumb\"},\"inLanguage\":\"ca\",\"potentialAction\":[{\"@type\":\"ReadAction\",\"target\":[\"https:\\\/\\\/www.cercledecultura.org\\\/ca\\\/123\\\/\"]}]},{\"@type\":\"ImageObject\",\"inLanguage\":\"ca\",\"@id\":\"https:\\\/\\\/www.cercledecultura.org\\\/ca\\\/123\\\/#primaryimage\",\"url\":\"https:\\\/\\\/www.cercledecultura.org\\\/wp-content\\\/uploads\\\/2021\\\/02\\\/EPgBwIgulkuw19cJIJuqqg.jpg\",\"contentUrl\":\"https:\\\/\\\/www.cercledecultura.org\\\/wp-content\\\/uploads\\\/2021\\\/02\\\/EPgBwIgulkuw19cJIJuqqg.jpg\",\"width\":450,\"height\":225},{\"@type\":\"BreadcrumbList\",\"@id\":\"https:\\\/\\\/www.cercledecultura.org\\\/ca\\\/123\\\/#breadcrumb\",\"itemListElement\":[{\"@type\":\"ListItem\",\"position\":1,\"name\":\"Portada\",\"item\":\"https:\\\/\\\/www.cercledecultura.org\\\/ca\\\/\"},{\"@type\":\"ListItem\",\"position\":2,\"name\":\"Declaraci\u00f3 a favor de l&#8217;impost de connectivitat digital\"}]},{\"@type\":\"WebSite\",\"@id\":\"https:\\\/\\\/www.cercledecultura.org\\\/ca\\\/#website\",\"url\":\"https:\\\/\\\/www.cercledecultura.org\\\/ca\\\/\",\"name\":\"Cercle de Cultura\",\"description\":\"Entitat de car\u00e0cter privat i associatiu, independent, amb voluntat de participar en la vida p\u00fablica des de la pluralitat ideol\u00f2gica dels seus membres fundadors i futurs associats\",\"publisher\":{\"@id\":\"https:\\\/\\\/www.cercledecultura.org\\\/ca\\\/#organization\"},\"potentialAction\":[{\"@type\":\"SearchAction\",\"target\":{\"@type\":\"EntryPoint\",\"urlTemplate\":\"https:\\\/\\\/www.cercledecultura.org\\\/ca\\\/?s={search_term_string}\"},\"query-input\":{\"@type\":\"PropertyValueSpecification\",\"valueRequired\":true,\"valueName\":\"search_term_string\"}}],\"inLanguage\":\"ca\"},{\"@type\":\"Organization\",\"@id\":\"https:\\\/\\\/www.cercledecultura.org\\\/ca\\\/#organization\",\"name\":\"Cercle de Cultura\",\"url\":\"https:\\\/\\\/www.cercledecultura.org\\\/ca\\\/\",\"logo\":{\"@type\":\"ImageObject\",\"inLanguage\":\"ca\",\"@id\":\"https:\\\/\\\/www.cercledecultura.org\\\/ca\\\/#\\\/schema\\\/logo\\\/image\\\/\",\"url\":\"https:\\\/\\\/www.cercledecultura.org\\\/wp-content\\\/uploads\\\/2020\\\/01\\\/logo-cercle-de-cultura.png\",\"contentUrl\":\"https:\\\/\\\/www.cercledecultura.org\\\/wp-content\\\/uploads\\\/2020\\\/01\\\/logo-cercle-de-cultura.png\",\"width\":350,\"height\":195,\"caption\":\"Cercle de Cultura\"},\"image\":{\"@id\":\"https:\\\/\\\/www.cercledecultura.org\\\/ca\\\/#\\\/schema\\\/logo\\\/image\\\/\"}},{\"@type\":\"Person\",\"@id\":\"https:\\\/\\\/www.cercledecultura.org\\\/ca\\\/#\\\/schema\\\/person\\\/269db25cfadcb4bd2e41781c819942f9\",\"name\":\"admin\",\"image\":{\"@type\":\"ImageObject\",\"inLanguage\":\"ca\",\"@id\":\"https:\\\/\\\/secure.gravatar.com\\\/avatar\\\/e88a8bb50a361c6d45c4709770a3d765016be4b5d85313447b91d0d707434ad9?s=96&d=mm&r=g\",\"url\":\"https:\\\/\\\/secure.gravatar.com\\\/avatar\\\/e88a8bb50a361c6d45c4709770a3d765016be4b5d85313447b91d0d707434ad9?s=96&d=mm&r=g\",\"contentUrl\":\"https:\\\/\\\/secure.gravatar.com\\\/avatar\\\/e88a8bb50a361c6d45c4709770a3d765016be4b5d85313447b91d0d707434ad9?s=96&d=mm&r=g\",\"caption\":\"admin\"},\"url\":\"https:\\\/\\\/www.cercledecultura.org\\\/ca\\\/author\\\/seic_trzh7tdr\\\/\"}]}<\/script>\n<!-- \/ Yoast SEO plugin. -->","yoast_head_json":{"title":"Declaraci\u00f3 a favor de l'impost de connectivitat digital - Cercle de Cultura","robots":{"index":"index","follow":"follow","max-snippet":"max-snippet:-1","max-image-preview":"max-image-preview:large","max-video-preview":"max-video-preview:-1"},"canonical":"https:\/\/www.cercledecultura.org\/ca\/123\/","og_locale":"ca_ES","og_type":"article","og_title":"Declaraci\u00f3 a favor de l'impost de connectivitat digital - Cercle de Cultura","og_description":"Declaraci\u00f3 del Cercle de Cultura en favor de la taxa a les operadores de telecomunicacions per al finan\u00e7ament de les ind\u00fastries culturals audiovisuals","og_url":"https:\/\/www.cercledecultura.org\/ca\/123\/","og_site_name":"Cercle de Cultura","article_published_time":"2014-01-20T08:26:00+00:00","article_modified_time":"2021-02-23T10:09:19+00:00","og_image":[{"width":450,"height":225,"url":"https:\/\/www.cercledecultura.org\/wp-content\/uploads\/2021\/02\/EPgBwIgulkuw19cJIJuqqg.jpg","type":"image\/jpeg"}],"author":"admin","twitter_card":"summary_large_image","twitter_misc":{"Escrit per":"admin","Temps estimat de lectura":"2 minuts"},"schema":{"@context":"https:\/\/schema.org","@graph":[{"@type":"Article","@id":"https:\/\/www.cercledecultura.org\/ca\/123\/#article","isPartOf":{"@id":"https:\/\/www.cercledecultura.org\/ca\/123\/"},"author":{"name":"admin","@id":"https:\/\/www.cercledecultura.org\/ca\/#\/schema\/person\/269db25cfadcb4bd2e41781c819942f9"},"headline":"Declaraci\u00f3 a favor de l&#8217;impost de connectivitat digital","datePublished":"2014-01-20T08:26:00+00:00","dateModified":"2021-02-23T10:09:19+00:00","mainEntityOfPage":{"@id":"https:\/\/www.cercledecultura.org\/ca\/123\/"},"wordCount":381,"commentCount":0,"publisher":{"@id":"https:\/\/www.cercledecultura.org\/ca\/#organization"},"image":{"@id":"https:\/\/www.cercledecultura.org\/ca\/123\/#primaryimage"},"thumbnailUrl":"https:\/\/www.cercledecultura.org\/wp-content\/uploads\/2021\/02\/EPgBwIgulkuw19cJIJuqqg.jpg","keywords":["Cultura","Departament de Cultura","digital","fiscalitat","Govern","Industries Culturals","Internet","Parlament de Catalunya"],"articleSection":["Manifest"],"inLanguage":"ca","potentialAction":[{"@type":"CommentAction","name":"Comment","target":["https:\/\/www.cercledecultura.org\/ca\/123\/#respond"]}]},{"@type":"WebPage","@id":"https:\/\/www.cercledecultura.org\/ca\/123\/","url":"https:\/\/www.cercledecultura.org\/ca\/123\/","name":"Declaraci\u00f3 a favor de l'impost de connectivitat digital - Cercle de Cultura","isPartOf":{"@id":"https:\/\/www.cercledecultura.org\/ca\/#website"},"primaryImageOfPage":{"@id":"https:\/\/www.cercledecultura.org\/ca\/123\/#primaryimage"},"image":{"@id":"https:\/\/www.cercledecultura.org\/ca\/123\/#primaryimage"},"thumbnailUrl":"https:\/\/www.cercledecultura.org\/wp-content\/uploads\/2021\/02\/EPgBwIgulkuw19cJIJuqqg.jpg","datePublished":"2014-01-20T08:26:00+00:00","dateModified":"2021-02-23T10:09:19+00:00","breadcrumb":{"@id":"https:\/\/www.cercledecultura.org\/ca\/123\/#breadcrumb"},"inLanguage":"ca","potentialAction":[{"@type":"ReadAction","target":["https:\/\/www.cercledecultura.org\/ca\/123\/"]}]},{"@type":"ImageObject","inLanguage":"ca","@id":"https:\/\/www.cercledecultura.org\/ca\/123\/#primaryimage","url":"https:\/\/www.cercledecultura.org\/wp-content\/uploads\/2021\/02\/EPgBwIgulkuw19cJIJuqqg.jpg","contentUrl":"https:\/\/www.cercledecultura.org\/wp-content\/uploads\/2021\/02\/EPgBwIgulkuw19cJIJuqqg.jpg","width":450,"height":225},{"@type":"BreadcrumbList","@id":"https:\/\/www.cercledecultura.org\/ca\/123\/#breadcrumb","itemListElement":[{"@type":"ListItem","position":1,"name":"Portada","item":"https:\/\/www.cercledecultura.org\/ca\/"},{"@type":"ListItem","position":2,"name":"Declaraci\u00f3 a favor de l&#8217;impost de connectivitat digital"}]},{"@type":"WebSite","@id":"https:\/\/www.cercledecultura.org\/ca\/#website","url":"https:\/\/www.cercledecultura.org\/ca\/","name":"Cercle de Cultura","description":"Entitat de car\u00e0cter privat i associatiu, independent, amb voluntat de participar en la vida p\u00fablica des de la pluralitat ideol\u00f2gica dels seus membres fundadors i futurs associats","publisher":{"@id":"https:\/\/www.cercledecultura.org\/ca\/#organization"},"potentialAction":[{"@type":"SearchAction","target":{"@type":"EntryPoint","urlTemplate":"https:\/\/www.cercledecultura.org\/ca\/?s={search_term_string}"},"query-input":{"@type":"PropertyValueSpecification","valueRequired":true,"valueName":"search_term_string"}}],"inLanguage":"ca"},{"@type":"Organization","@id":"https:\/\/www.cercledecultura.org\/ca\/#organization","name":"Cercle de Cultura","url":"https:\/\/www.cercledecultura.org\/ca\/","logo":{"@type":"ImageObject","inLanguage":"ca","@id":"https:\/\/www.cercledecultura.org\/ca\/#\/schema\/logo\/image\/","url":"https:\/\/www.cercledecultura.org\/wp-content\/uploads\/2020\/01\/logo-cercle-de-cultura.png","contentUrl":"https:\/\/www.cercledecultura.org\/wp-content\/uploads\/2020\/01\/logo-cercle-de-cultura.png","width":350,"height":195,"caption":"Cercle de Cultura"},"image":{"@id":"https:\/\/www.cercledecultura.org\/ca\/#\/schema\/logo\/image\/"}},{"@type":"Person","@id":"https:\/\/www.cercledecultura.org\/ca\/#\/schema\/person\/269db25cfadcb4bd2e41781c819942f9","name":"admin","image":{"@type":"ImageObject","inLanguage":"ca","@id":"https:\/\/secure.gravatar.com\/avatar\/e88a8bb50a361c6d45c4709770a3d765016be4b5d85313447b91d0d707434ad9?s=96&d=mm&r=g","url":"https:\/\/secure.gravatar.com\/avatar\/e88a8bb50a361c6d45c4709770a3d765016be4b5d85313447b91d0d707434ad9?s=96&d=mm&r=g","contentUrl":"https:\/\/secure.gravatar.com\/avatar\/e88a8bb50a361c6d45c4709770a3d765016be4b5d85313447b91d0d707434ad9?s=96&d=mm&r=g","caption":"admin"},"url":"https:\/\/www.cercledecultura.org\/ca\/author\/seic_trzh7tdr\/"}]}},"_links":{"self":[{"href":"https:\/\/www.cercledecultura.org\/ca\/wp-json\/wp\/v2\/posts\/579","targetHints":{"allow":["GET"]}}],"collection":[{"href":"https:\/\/www.cercledecultura.org\/ca\/wp-json\/wp\/v2\/posts"}],"about":[{"href":"https:\/\/www.cercledecultura.org\/ca\/wp-json\/wp\/v2\/types\/post"}],"author":[{"embeddable":true,"href":"https:\/\/www.cercledecultura.org\/ca\/wp-json\/wp\/v2\/users\/1"}],"replies":[{"embeddable":true,"href":"https:\/\/www.cercledecultura.org\/ca\/wp-json\/wp\/v2\/comments?post=579"}],"version-history":[{"count":1,"href":"https:\/\/www.cercledecultura.org\/ca\/wp-json\/wp\/v2\/posts\/579\/revisions"}],"predecessor-version":[{"id":1045,"href":"https:\/\/www.cercledecultura.org\/ca\/wp-json\/wp\/v2\/posts\/579\/revisions\/1045"}],"wp:featuredmedia":[{"embeddable":true,"href":"https:\/\/www.cercledecultura.org\/ca\/wp-json\/wp\/v2\/media\/580"}],"wp:attachment":[{"href":"https:\/\/www.cercledecultura.org\/ca\/wp-json\/wp\/v2\/media?parent=579"}],"wp:term":[{"taxonomy":"category","embeddable":true,"href":"https:\/\/www.cercledecultura.org\/ca\/wp-json\/wp\/v2\/categories?post=579"},{"taxonomy":"post_tag","embeddable":true,"href":"https:\/\/www.cercledecultura.org\/ca\/wp-json\/wp\/v2\/tags?post=579"}],"curies":[{"name":"wp","href":"https:\/\/api.w.org\/{rel}","templated":true}]}}