{"id":573,"date":"2012-10-08T06:29:00","date_gmt":"2012-10-08T06:29:00","guid":{"rendered":"https:\/\/pre.cercledecultura.org\/120\/"},"modified":"2021-02-23T10:07:11","modified_gmt":"2021-02-23T10:07:11","slug":"120","status":"publish","type":"post","link":"https:\/\/www.cercledecultura.org\/ca\/120\/","title":{"rendered":"Contra una nova agressi\u00f3 a la cultura"},"content":{"rendered":"<p>Davant la greu situaci\u00f3 generada per les mesures adoptades pel govern espanyol, de manera especial l&#8217;increment de l&#8217;IVA i la disminuci\u00f3 dr\u00e0stica de les aportacions del Ministeri als equipaments i institucions culturals, el Cercle de Cultura manifesta en sis punts que denuncien la greu situaci\u00f3 de tot el sector i apunten cap quines direccions cal emprendre per a la defensa de la cultura.  Davant la greu situaci\u00f3 generada per les mesures adoptades pel govern espanyol, de manera especial l&#8217;increment de l&#8217;IVA i la disminuci\u00f3 dr\u00e0stica de les aportacions del Ministeri als equipaments i institucions culturals, el Cercle de Cultura manifesta:  1. Que m\u00e9s enll\u00e0 de la necess\u00e0ria austeritat amb la qual cal afrontar la crisi que ens afecta, les mesures del govern espanyol nom\u00e9s poden ser interpretades com una agressi\u00f3 premeditada i volunt\u00e0ria a la cultura, i de manera especial a aquella que s&#8217;allunya dels par\u00e0metres estrictament comercials.  2. Que la exagerada disminuci\u00f3 de les aportacions econ\u00f2miques del Ministeri \u00e9s especialment intolerable per a les institucions i empreses catalanes, ja que suposa un trencament del consens establert al llarg dels anys amb la Generalitat de Catalunya.  3. Que els efectes negatius sobre el teixit cultural del nostre pa\u00eds adquiriran, de forma imminent, un car\u00e0cter estructural de dif\u00edcil recuperaci\u00f3 en el ben ent\u00e8s que, a la destrucci\u00f3 del teixit productiu, cal sumar-hi una significativa reducci\u00f3 del consum com a conseq\u00fc\u00e8ncia de l&#8217;encariment de les entrades.  4. En previsi\u00f3 que la situaci\u00f3 s&#8217;agreugi encara m\u00e9s, el Cercle de Cultura insta a tots els creadors i els agents de la cultura, i a la pr\u00f2pia societat, perqu\u00e8 aprofundeixin els seus lligams mutus, a partir de la inequ\u00edvoca convicci\u00f3 que la cultura \u00e9s l&#8217;eix vertebrador de la societat.  5. De manera espec\u00edfica, el Cercle de Cultura insta a la societat civil, les empreses i el m\u00f3n financer catal\u00e0 a incrementar de manera decidida i compromesa el seu suport a la cultura i les seves diverses manifestacions, enteses com una font insubstitu\u00efble de creativitat i de riquesa social. Aix\u00ed mateix, sol\u00b7licita als mitjans de comunicaci\u00f3 que traslladin aquest greu malestar per la p\u00e8rdua de teixit cultural i que contribueixin a generar un clima propici a les noves aliances entre cultura, societat i empresa.  6. El Cercle de Cultura compr\u00e8n i comparteix l&#8217;actitud de protesta de les institucions de govern pr\u00f2pies, per\u00f2 les considera insuficients, at\u00e8s que \u00e9s tamb\u00e9, o sobretot, responsabilitat dels poders p\u00fablics catalans dur a terme un esfor\u00e7 suplementari per tal de pal\u00b7liar en la mesura possible els efectes d&#8217;aquesta grav\u00edssima situaci\u00f3.<\/p>\n","protected":false},"excerpt":{"rendered":"<p>Comunicat del Cercle de Cultura contra l&#8217;increment de l&#8217;IVA i les retallades del govern espanyol als equipaments i institucions culturals<\/p>\n","protected":false},"author":1,"featured_media":574,"comment_status":"open","ping_status":"closed","sticky":false,"template":"","format":"standard","meta":{"footnotes":""},"categories":[58],"tags":[104,103,21,106,4],"class_list":["post-573","post","type-post","status-publish","format-standard","has-post-thumbnail","hentry","category-manifest","tag-fiscalitat","tag-govern-espanyol","tag-iva","tag-ministeri-de-cultura","tag-politica-cultural"],"yoast_head":"<!-- This site is optimized with the Yoast SEO plugin v27.5 - https:\/\/yoast.com\/product\/yoast-seo-wordpress\/ -->\n<title>Contra una nova agressi\u00f3 a la cultura - Cercle de Cultura<\/title>\n<meta name=\"robots\" content=\"index, follow, max-snippet:-1, max-image-preview:large, max-video-preview:-1\" \/>\n<link rel=\"canonical\" href=\"https:\/\/www.cercledecultura.org\/ca\/120\/\" \/>\n<meta property=\"og:locale\" content=\"ca_ES\" \/>\n<meta property=\"og:type\" content=\"article\" \/>\n<meta property=\"og:title\" content=\"Contra una nova agressi\u00f3 a la cultura - Cercle de Cultura\" \/>\n<meta property=\"og:description\" content=\"Comunicat del Cercle de Cultura contra l&#039;increment de l&#039;IVA i les retallades del govern espanyol als equipaments i institucions culturals\" \/>\n<meta property=\"og:url\" content=\"https:\/\/www.cercledecultura.org\/ca\/120\/\" \/>\n<meta property=\"og:site_name\" content=\"Cercle de Cultura\" \/>\n<meta property=\"article:published_time\" content=\"2012-10-08T06:29:00+00:00\" \/>\n<meta property=\"article:modified_time\" content=\"2021-02-23T10:07:11+00:00\" \/>\n<meta property=\"og:image\" content=\"https:\/\/www.cercledecultura.org\/wp-content\/uploads\/2021\/02\/uzMUQo4H8kqAL6Ci6Ukz3Q.jpg\" \/>\n\t<meta property=\"og:image:width\" content=\"450\" \/>\n\t<meta property=\"og:image:height\" content=\"225\" \/>\n\t<meta property=\"og:image:type\" content=\"image\/jpeg\" \/>\n<meta name=\"author\" content=\"admin\" \/>\n<meta name=\"twitter:card\" content=\"summary_large_image\" \/>\n<meta name=\"twitter:label1\" content=\"Escrit per\" \/>\n\t<meta name=\"twitter:data1\" content=\"admin\" \/>\n\t<meta name=\"twitter:label2\" content=\"Temps estimat de lectura\" \/>\n\t<meta name=\"twitter:data2\" content=\"2 minuts\" \/>\n<script type=\"application\/ld+json\" class=\"yoast-schema-graph\">{\"@context\":\"https:\\\/\\\/schema.org\",\"@graph\":[{\"@type\":\"Article\",\"@id\":\"https:\\\/\\\/www.cercledecultura.org\\\/ca\\\/120\\\/#article\",\"isPartOf\":{\"@id\":\"https:\\\/\\\/www.cercledecultura.org\\\/ca\\\/120\\\/\"},\"author\":{\"name\":\"admin\",\"@id\":\"https:\\\/\\\/www.cercledecultura.org\\\/ca\\\/#\\\/schema\\\/person\\\/269db25cfadcb4bd2e41781c819942f9\"},\"headline\":\"Contra una nova agressi\u00f3 a la cultura\",\"datePublished\":\"2012-10-08T06:29:00+00:00\",\"dateModified\":\"2021-02-23T10:07:11+00:00\",\"mainEntityOfPage\":{\"@id\":\"https:\\\/\\\/www.cercledecultura.org\\\/ca\\\/120\\\/\"},\"wordCount\":457,\"commentCount\":0,\"publisher\":{\"@id\":\"https:\\\/\\\/www.cercledecultura.org\\\/ca\\\/#organization\"},\"image\":{\"@id\":\"https:\\\/\\\/www.cercledecultura.org\\\/ca\\\/120\\\/#primaryimage\"},\"thumbnailUrl\":\"https:\\\/\\\/www.cercledecultura.org\\\/wp-content\\\/uploads\\\/2021\\\/02\\\/uzMUQo4H8kqAL6Ci6Ukz3Q.jpg\",\"keywords\":[\"fiscalitat\",\"govern espanyol\",\"IVA\",\"ministeri de cultura\",\"Pol\u00edtica Cultural\"],\"articleSection\":[\"Manifest\"],\"inLanguage\":\"ca\",\"potentialAction\":[{\"@type\":\"CommentAction\",\"name\":\"Comment\",\"target\":[\"https:\\\/\\\/www.cercledecultura.org\\\/ca\\\/120\\\/#respond\"]}]},{\"@type\":\"WebPage\",\"@id\":\"https:\\\/\\\/www.cercledecultura.org\\\/ca\\\/120\\\/\",\"url\":\"https:\\\/\\\/www.cercledecultura.org\\\/ca\\\/120\\\/\",\"name\":\"Contra una nova agressi\u00f3 a la cultura - Cercle de Cultura\",\"isPartOf\":{\"@id\":\"https:\\\/\\\/www.cercledecultura.org\\\/ca\\\/#website\"},\"primaryImageOfPage\":{\"@id\":\"https:\\\/\\\/www.cercledecultura.org\\\/ca\\\/120\\\/#primaryimage\"},\"image\":{\"@id\":\"https:\\\/\\\/www.cercledecultura.org\\\/ca\\\/120\\\/#primaryimage\"},\"thumbnailUrl\":\"https:\\\/\\\/www.cercledecultura.org\\\/wp-content\\\/uploads\\\/2021\\\/02\\\/uzMUQo4H8kqAL6Ci6Ukz3Q.jpg\",\"datePublished\":\"2012-10-08T06:29:00+00:00\",\"dateModified\":\"2021-02-23T10:07:11+00:00\",\"breadcrumb\":{\"@id\":\"https:\\\/\\\/www.cercledecultura.org\\\/ca\\\/120\\\/#breadcrumb\"},\"inLanguage\":\"ca\",\"potentialAction\":[{\"@type\":\"ReadAction\",\"target\":[\"https:\\\/\\\/www.cercledecultura.org\\\/ca\\\/120\\\/\"]}]},{\"@type\":\"ImageObject\",\"inLanguage\":\"ca\",\"@id\":\"https:\\\/\\\/www.cercledecultura.org\\\/ca\\\/120\\\/#primaryimage\",\"url\":\"https:\\\/\\\/www.cercledecultura.org\\\/wp-content\\\/uploads\\\/2021\\\/02\\\/uzMUQo4H8kqAL6Ci6Ukz3Q.jpg\",\"contentUrl\":\"https:\\\/\\\/www.cercledecultura.org\\\/wp-content\\\/uploads\\\/2021\\\/02\\\/uzMUQo4H8kqAL6Ci6Ukz3Q.jpg\",\"width\":450,\"height\":225},{\"@type\":\"BreadcrumbList\",\"@id\":\"https:\\\/\\\/www.cercledecultura.org\\\/ca\\\/120\\\/#breadcrumb\",\"itemListElement\":[{\"@type\":\"ListItem\",\"position\":1,\"name\":\"Portada\",\"item\":\"https:\\\/\\\/www.cercledecultura.org\\\/ca\\\/\"},{\"@type\":\"ListItem\",\"position\":2,\"name\":\"Contra una nova agressi\u00f3 a la cultura\"}]},{\"@type\":\"WebSite\",\"@id\":\"https:\\\/\\\/www.cercledecultura.org\\\/ca\\\/#website\",\"url\":\"https:\\\/\\\/www.cercledecultura.org\\\/ca\\\/\",\"name\":\"Cercle de Cultura\",\"description\":\"Entitat de car\u00e0cter privat i associatiu, independent, amb voluntat de participar en la vida p\u00fablica des de la pluralitat ideol\u00f2gica dels seus membres fundadors i futurs associats\",\"publisher\":{\"@id\":\"https:\\\/\\\/www.cercledecultura.org\\\/ca\\\/#organization\"},\"potentialAction\":[{\"@type\":\"SearchAction\",\"target\":{\"@type\":\"EntryPoint\",\"urlTemplate\":\"https:\\\/\\\/www.cercledecultura.org\\\/ca\\\/?s={search_term_string}\"},\"query-input\":{\"@type\":\"PropertyValueSpecification\",\"valueRequired\":true,\"valueName\":\"search_term_string\"}}],\"inLanguage\":\"ca\"},{\"@type\":\"Organization\",\"@id\":\"https:\\\/\\\/www.cercledecultura.org\\\/ca\\\/#organization\",\"name\":\"Cercle de Cultura\",\"url\":\"https:\\\/\\\/www.cercledecultura.org\\\/ca\\\/\",\"logo\":{\"@type\":\"ImageObject\",\"inLanguage\":\"ca\",\"@id\":\"https:\\\/\\\/www.cercledecultura.org\\\/ca\\\/#\\\/schema\\\/logo\\\/image\\\/\",\"url\":\"https:\\\/\\\/www.cercledecultura.org\\\/wp-content\\\/uploads\\\/2020\\\/01\\\/logo-cercle-de-cultura.png\",\"contentUrl\":\"https:\\\/\\\/www.cercledecultura.org\\\/wp-content\\\/uploads\\\/2020\\\/01\\\/logo-cercle-de-cultura.png\",\"width\":350,\"height\":195,\"caption\":\"Cercle de Cultura\"},\"image\":{\"@id\":\"https:\\\/\\\/www.cercledecultura.org\\\/ca\\\/#\\\/schema\\\/logo\\\/image\\\/\"}},{\"@type\":\"Person\",\"@id\":\"https:\\\/\\\/www.cercledecultura.org\\\/ca\\\/#\\\/schema\\\/person\\\/269db25cfadcb4bd2e41781c819942f9\",\"name\":\"admin\",\"image\":{\"@type\":\"ImageObject\",\"inLanguage\":\"ca\",\"@id\":\"https:\\\/\\\/secure.gravatar.com\\\/avatar\\\/e88a8bb50a361c6d45c4709770a3d765016be4b5d85313447b91d0d707434ad9?s=96&d=mm&r=g\",\"url\":\"https:\\\/\\\/secure.gravatar.com\\\/avatar\\\/e88a8bb50a361c6d45c4709770a3d765016be4b5d85313447b91d0d707434ad9?s=96&d=mm&r=g\",\"contentUrl\":\"https:\\\/\\\/secure.gravatar.com\\\/avatar\\\/e88a8bb50a361c6d45c4709770a3d765016be4b5d85313447b91d0d707434ad9?s=96&d=mm&r=g\",\"caption\":\"admin\"},\"url\":\"https:\\\/\\\/www.cercledecultura.org\\\/ca\\\/author\\\/seic_trzh7tdr\\\/\"}]}<\/script>\n<!-- \/ Yoast SEO plugin. -->","yoast_head_json":{"title":"Contra una nova agressi\u00f3 a la cultura - Cercle de Cultura","robots":{"index":"index","follow":"follow","max-snippet":"max-snippet:-1","max-image-preview":"max-image-preview:large","max-video-preview":"max-video-preview:-1"},"canonical":"https:\/\/www.cercledecultura.org\/ca\/120\/","og_locale":"ca_ES","og_type":"article","og_title":"Contra una nova agressi\u00f3 a la cultura - Cercle de Cultura","og_description":"Comunicat del Cercle de Cultura contra l'increment de l'IVA i les retallades del govern espanyol als equipaments i institucions culturals","og_url":"https:\/\/www.cercledecultura.org\/ca\/120\/","og_site_name":"Cercle de Cultura","article_published_time":"2012-10-08T06:29:00+00:00","article_modified_time":"2021-02-23T10:07:11+00:00","og_image":[{"width":450,"height":225,"url":"https:\/\/www.cercledecultura.org\/wp-content\/uploads\/2021\/02\/uzMUQo4H8kqAL6Ci6Ukz3Q.jpg","type":"image\/jpeg"}],"author":"admin","twitter_card":"summary_large_image","twitter_misc":{"Escrit per":"admin","Temps estimat de lectura":"2 minuts"},"schema":{"@context":"https:\/\/schema.org","@graph":[{"@type":"Article","@id":"https:\/\/www.cercledecultura.org\/ca\/120\/#article","isPartOf":{"@id":"https:\/\/www.cercledecultura.org\/ca\/120\/"},"author":{"name":"admin","@id":"https:\/\/www.cercledecultura.org\/ca\/#\/schema\/person\/269db25cfadcb4bd2e41781c819942f9"},"headline":"Contra una nova agressi\u00f3 a la cultura","datePublished":"2012-10-08T06:29:00+00:00","dateModified":"2021-02-23T10:07:11+00:00","mainEntityOfPage":{"@id":"https:\/\/www.cercledecultura.org\/ca\/120\/"},"wordCount":457,"commentCount":0,"publisher":{"@id":"https:\/\/www.cercledecultura.org\/ca\/#organization"},"image":{"@id":"https:\/\/www.cercledecultura.org\/ca\/120\/#primaryimage"},"thumbnailUrl":"https:\/\/www.cercledecultura.org\/wp-content\/uploads\/2021\/02\/uzMUQo4H8kqAL6Ci6Ukz3Q.jpg","keywords":["fiscalitat","govern espanyol","IVA","ministeri de cultura","Pol\u00edtica Cultural"],"articleSection":["Manifest"],"inLanguage":"ca","potentialAction":[{"@type":"CommentAction","name":"Comment","target":["https:\/\/www.cercledecultura.org\/ca\/120\/#respond"]}]},{"@type":"WebPage","@id":"https:\/\/www.cercledecultura.org\/ca\/120\/","url":"https:\/\/www.cercledecultura.org\/ca\/120\/","name":"Contra una nova agressi\u00f3 a la cultura - Cercle de Cultura","isPartOf":{"@id":"https:\/\/www.cercledecultura.org\/ca\/#website"},"primaryImageOfPage":{"@id":"https:\/\/www.cercledecultura.org\/ca\/120\/#primaryimage"},"image":{"@id":"https:\/\/www.cercledecultura.org\/ca\/120\/#primaryimage"},"thumbnailUrl":"https:\/\/www.cercledecultura.org\/wp-content\/uploads\/2021\/02\/uzMUQo4H8kqAL6Ci6Ukz3Q.jpg","datePublished":"2012-10-08T06:29:00+00:00","dateModified":"2021-02-23T10:07:11+00:00","breadcrumb":{"@id":"https:\/\/www.cercledecultura.org\/ca\/120\/#breadcrumb"},"inLanguage":"ca","potentialAction":[{"@type":"ReadAction","target":["https:\/\/www.cercledecultura.org\/ca\/120\/"]}]},{"@type":"ImageObject","inLanguage":"ca","@id":"https:\/\/www.cercledecultura.org\/ca\/120\/#primaryimage","url":"https:\/\/www.cercledecultura.org\/wp-content\/uploads\/2021\/02\/uzMUQo4H8kqAL6Ci6Ukz3Q.jpg","contentUrl":"https:\/\/www.cercledecultura.org\/wp-content\/uploads\/2021\/02\/uzMUQo4H8kqAL6Ci6Ukz3Q.jpg","width":450,"height":225},{"@type":"BreadcrumbList","@id":"https:\/\/www.cercledecultura.org\/ca\/120\/#breadcrumb","itemListElement":[{"@type":"ListItem","position":1,"name":"Portada","item":"https:\/\/www.cercledecultura.org\/ca\/"},{"@type":"ListItem","position":2,"name":"Contra una nova agressi\u00f3 a la cultura"}]},{"@type":"WebSite","@id":"https:\/\/www.cercledecultura.org\/ca\/#website","url":"https:\/\/www.cercledecultura.org\/ca\/","name":"Cercle de Cultura","description":"Entitat de car\u00e0cter privat i associatiu, independent, amb voluntat de participar en la vida p\u00fablica des de la pluralitat ideol\u00f2gica dels seus membres fundadors i futurs associats","publisher":{"@id":"https:\/\/www.cercledecultura.org\/ca\/#organization"},"potentialAction":[{"@type":"SearchAction","target":{"@type":"EntryPoint","urlTemplate":"https:\/\/www.cercledecultura.org\/ca\/?s={search_term_string}"},"query-input":{"@type":"PropertyValueSpecification","valueRequired":true,"valueName":"search_term_string"}}],"inLanguage":"ca"},{"@type":"Organization","@id":"https:\/\/www.cercledecultura.org\/ca\/#organization","name":"Cercle de Cultura","url":"https:\/\/www.cercledecultura.org\/ca\/","logo":{"@type":"ImageObject","inLanguage":"ca","@id":"https:\/\/www.cercledecultura.org\/ca\/#\/schema\/logo\/image\/","url":"https:\/\/www.cercledecultura.org\/wp-content\/uploads\/2020\/01\/logo-cercle-de-cultura.png","contentUrl":"https:\/\/www.cercledecultura.org\/wp-content\/uploads\/2020\/01\/logo-cercle-de-cultura.png","width":350,"height":195,"caption":"Cercle de Cultura"},"image":{"@id":"https:\/\/www.cercledecultura.org\/ca\/#\/schema\/logo\/image\/"}},{"@type":"Person","@id":"https:\/\/www.cercledecultura.org\/ca\/#\/schema\/person\/269db25cfadcb4bd2e41781c819942f9","name":"admin","image":{"@type":"ImageObject","inLanguage":"ca","@id":"https:\/\/secure.gravatar.com\/avatar\/e88a8bb50a361c6d45c4709770a3d765016be4b5d85313447b91d0d707434ad9?s=96&d=mm&r=g","url":"https:\/\/secure.gravatar.com\/avatar\/e88a8bb50a361c6d45c4709770a3d765016be4b5d85313447b91d0d707434ad9?s=96&d=mm&r=g","contentUrl":"https:\/\/secure.gravatar.com\/avatar\/e88a8bb50a361c6d45c4709770a3d765016be4b5d85313447b91d0d707434ad9?s=96&d=mm&r=g","caption":"admin"},"url":"https:\/\/www.cercledecultura.org\/ca\/author\/seic_trzh7tdr\/"}]}},"_links":{"self":[{"href":"https:\/\/www.cercledecultura.org\/ca\/wp-json\/wp\/v2\/posts\/573","targetHints":{"allow":["GET"]}}],"collection":[{"href":"https:\/\/www.cercledecultura.org\/ca\/wp-json\/wp\/v2\/posts"}],"about":[{"href":"https:\/\/www.cercledecultura.org\/ca\/wp-json\/wp\/v2\/types\/post"}],"author":[{"embeddable":true,"href":"https:\/\/www.cercledecultura.org\/ca\/wp-json\/wp\/v2\/users\/1"}],"replies":[{"embeddable":true,"href":"https:\/\/www.cercledecultura.org\/ca\/wp-json\/wp\/v2\/comments?post=573"}],"version-history":[{"count":1,"href":"https:\/\/www.cercledecultura.org\/ca\/wp-json\/wp\/v2\/posts\/573\/revisions"}],"predecessor-version":[{"id":1042,"href":"https:\/\/www.cercledecultura.org\/ca\/wp-json\/wp\/v2\/posts\/573\/revisions\/1042"}],"wp:featuredmedia":[{"embeddable":true,"href":"https:\/\/www.cercledecultura.org\/ca\/wp-json\/wp\/v2\/media\/574"}],"wp:attachment":[{"href":"https:\/\/www.cercledecultura.org\/ca\/wp-json\/wp\/v2\/media?parent=573"}],"wp:term":[{"taxonomy":"category","embeddable":true,"href":"https:\/\/www.cercledecultura.org\/ca\/wp-json\/wp\/v2\/categories?post=573"},{"taxonomy":"post_tag","embeddable":true,"href":"https:\/\/www.cercledecultura.org\/ca\/wp-json\/wp\/v2\/tags?post=573"}],"curies":[{"name":"wp","href":"https:\/\/api.w.org\/{rel}","templated":true}]}}