{"id":541,"date":"2015-10-24T08:55:00","date_gmt":"2015-10-24T08:55:00","guid":{"rendered":"https:\/\/pre.cercledecultura.org\/104\/"},"modified":"2021-02-23T09:39:58","modified_gmt":"2021-02-23T09:39:58","slug":"104","status":"publish","type":"post","link":"https:\/\/www.cercledecultura.org\/ca\/104\/","title":{"rendered":"Sofisticar les pol\u00edtiques culturals"},"content":{"rendered":"<p>Ara que la crisi ha posat en q\u00fcesti\u00f3 les repartidores de subvencions, caldr\u00e0 que entre els requisits imprescindibles per ser conseller o ministre d&#8217;economia hi figuri una acreditada sensibilitat cultural. Mentre els anglesos destinen a la cultura beneficis de la loteria i Espanya els entafora al tresor sense contemplacions, a la Catalunya tripartida o convergent la cultura queda expressament i follament exclosa de les finalitats socials d&#8217;aquests beneficis. A veure si els artistes de les llistes guanyadores, des de Ra\u00fcl Romeva, novel\u00b7lista novell, fins a Juli\u00e0 de J\u00f2dar, sis\u00e8 per la CUP, mestre i gat vell, no distingit amb el Premi d&#8217;Honor per m\u00e9s vergonya del jurat, passant pel compositor de Verges, aix\u00ed mateix novel\u00b7lista, \u00a1i els que em deixo!, fan pressi\u00f3 de la bona en aquest sentit. \u00bfUn esl\u00f2gan? Catalunya ser\u00e0 culturalista o ser\u00e0 una merda de pa\u00eds (i nosaltres uns passerells).  Com que hem de suposar el lector assabentat de la conveni\u00e8ncia d&#8217;una llei de mecenatge a la francesa i dels incentius al consum cultural que proposa Mascarell (el lector assabentat, vull dir, no com els artistes, sobretot els genials, que es rabegen en la ignor\u00e0ncia i la indifer\u00e8ncia sobre la q\u00fcesti\u00f3, i en aix\u00f2 s&#8217;agermanen als pol\u00edtics mediocres i als que figura que no ho s\u00f3n), reportarem l&#8217;exist\u00e8ncia exitosa i singular de les SOFICA, el m\u00e9s sofisticat dels sistemes de finan\u00e7ament de la cultura.  Gr\u00e0cies als bons oficis del productor Paco Poch, la Fundaci\u00f3 Catalunya Europa i el Cercle de Cultura, la bona nova de les SOFICA s&#8217;escampa entre nosaltres. \u00bfQu\u00e8 \u00e9s aix\u00f2? Les SOFICA s\u00f3n societats tutelades d&#8217;inversi\u00f3 cultural que han saltat del win-win al win-win-win. Hi guanyen els inversors particulars, un 25% si comptem les fortes desgravacions. Hi guanya per descomptat la producci\u00f3 cultural, que multiplica les fonts de finan\u00e7ament. I, oh prodigi, \u00a1tamb\u00e9 hi guanya, i for\u00e7a, la dura comptabilitat de la hisenda p\u00fablica!<\/p>\n","protected":false},"excerpt":{"rendered":"<p>De Xavier Bru de Sala, publicat a E Peri\u00f3dico el 20 d&#8217;octubre de 2015<\/p>\n","protected":false},"author":1,"featured_media":542,"comment_status":"open","ping_status":"closed","sticky":false,"template":"","format":"standard","meta":{"footnotes":""},"categories":[24],"tags":[86,4,87],"class_list":["post-541","post","type-post","status-publish","format-standard","has-post-thumbnail","hentry","category-opinio","tag-el-periodico","tag-politica-cultural","tag-xavier-bru-de-sala"],"yoast_head":"<!-- This site is optimized with the Yoast SEO plugin v27.5 - https:\/\/yoast.com\/product\/yoast-seo-wordpress\/ -->\n<title>Sofisticar les pol\u00edtiques culturals - Cercle de Cultura<\/title>\n<meta name=\"robots\" content=\"index, follow, max-snippet:-1, max-image-preview:large, max-video-preview:-1\" \/>\n<link rel=\"canonical\" href=\"https:\/\/www.cercledecultura.org\/ca\/104\/\" \/>\n<meta property=\"og:locale\" content=\"ca_ES\" \/>\n<meta property=\"og:type\" content=\"article\" \/>\n<meta property=\"og:title\" content=\"Sofisticar les pol\u00edtiques culturals - Cercle de Cultura\" \/>\n<meta property=\"og:description\" content=\"De Xavier Bru de Sala, publicat a E Peri\u00f3dico el 20 d&#039;octubre de 2015\" \/>\n<meta property=\"og:url\" content=\"https:\/\/www.cercledecultura.org\/ca\/104\/\" \/>\n<meta property=\"og:site_name\" content=\"Cercle de Cultura\" \/>\n<meta property=\"article:published_time\" content=\"2015-10-24T08:55:00+00:00\" \/>\n<meta property=\"article:modified_time\" content=\"2021-02-23T09:39:58+00:00\" \/>\n<meta property=\"og:image\" content=\"https:\/\/www.cercledecultura.org\/wp-content\/uploads\/2021\/02\/Y2D7kAEM7kFXsh3tTpw.jpg\" \/>\n\t<meta property=\"og:image:width\" content=\"480\" \/>\n\t<meta property=\"og:image:height\" content=\"320\" \/>\n\t<meta property=\"og:image:type\" content=\"image\/jpeg\" \/>\n<meta name=\"author\" content=\"admin\" \/>\n<meta name=\"twitter:card\" content=\"summary_large_image\" \/>\n<meta name=\"twitter:label1\" content=\"Escrit per\" \/>\n\t<meta name=\"twitter:data1\" content=\"admin\" \/>\n\t<meta name=\"twitter:label2\" content=\"Temps estimat de lectura\" \/>\n\t<meta name=\"twitter:data2\" content=\"2 minuts\" \/>\n<script type=\"application\/ld+json\" class=\"yoast-schema-graph\">{\"@context\":\"https:\\\/\\\/schema.org\",\"@graph\":[{\"@type\":\"Article\",\"@id\":\"https:\\\/\\\/www.cercledecultura.org\\\/ca\\\/104\\\/#article\",\"isPartOf\":{\"@id\":\"https:\\\/\\\/www.cercledecultura.org\\\/ca\\\/104\\\/\"},\"author\":{\"name\":\"admin\",\"@id\":\"https:\\\/\\\/www.cercledecultura.org\\\/ca\\\/#\\\/schema\\\/person\\\/269db25cfadcb4bd2e41781c819942f9\"},\"headline\":\"Sofisticar les pol\u00edtiques culturals\",\"datePublished\":\"2015-10-24T08:55:00+00:00\",\"dateModified\":\"2021-02-23T09:39:58+00:00\",\"mainEntityOfPage\":{\"@id\":\"https:\\\/\\\/www.cercledecultura.org\\\/ca\\\/104\\\/\"},\"wordCount\":344,\"commentCount\":0,\"publisher\":{\"@id\":\"https:\\\/\\\/www.cercledecultura.org\\\/ca\\\/#organization\"},\"image\":{\"@id\":\"https:\\\/\\\/www.cercledecultura.org\\\/ca\\\/104\\\/#primaryimage\"},\"thumbnailUrl\":\"https:\\\/\\\/www.cercledecultura.org\\\/wp-content\\\/uploads\\\/2021\\\/02\\\/Y2D7kAEM7kFXsh3tTpw.jpg\",\"keywords\":[\"El Peri\u00f3dico\",\"Pol\u00edtica Cultural\",\"Xavier Bru de Sala\"],\"articleSection\":[\"Opini\u00f3\"],\"inLanguage\":\"ca\",\"potentialAction\":[{\"@type\":\"CommentAction\",\"name\":\"Comment\",\"target\":[\"https:\\\/\\\/www.cercledecultura.org\\\/ca\\\/104\\\/#respond\"]}]},{\"@type\":\"WebPage\",\"@id\":\"https:\\\/\\\/www.cercledecultura.org\\\/ca\\\/104\\\/\",\"url\":\"https:\\\/\\\/www.cercledecultura.org\\\/ca\\\/104\\\/\",\"name\":\"Sofisticar les pol\u00edtiques culturals - Cercle de Cultura\",\"isPartOf\":{\"@id\":\"https:\\\/\\\/www.cercledecultura.org\\\/ca\\\/#website\"},\"primaryImageOfPage\":{\"@id\":\"https:\\\/\\\/www.cercledecultura.org\\\/ca\\\/104\\\/#primaryimage\"},\"image\":{\"@id\":\"https:\\\/\\\/www.cercledecultura.org\\\/ca\\\/104\\\/#primaryimage\"},\"thumbnailUrl\":\"https:\\\/\\\/www.cercledecultura.org\\\/wp-content\\\/uploads\\\/2021\\\/02\\\/Y2D7kAEM7kFXsh3tTpw.jpg\",\"datePublished\":\"2015-10-24T08:55:00+00:00\",\"dateModified\":\"2021-02-23T09:39:58+00:00\",\"breadcrumb\":{\"@id\":\"https:\\\/\\\/www.cercledecultura.org\\\/ca\\\/104\\\/#breadcrumb\"},\"inLanguage\":\"ca\",\"potentialAction\":[{\"@type\":\"ReadAction\",\"target\":[\"https:\\\/\\\/www.cercledecultura.org\\\/ca\\\/104\\\/\"]}]},{\"@type\":\"ImageObject\",\"inLanguage\":\"ca\",\"@id\":\"https:\\\/\\\/www.cercledecultura.org\\\/ca\\\/104\\\/#primaryimage\",\"url\":\"https:\\\/\\\/www.cercledecultura.org\\\/wp-content\\\/uploads\\\/2021\\\/02\\\/Y2D7kAEM7kFXsh3tTpw.jpg\",\"contentUrl\":\"https:\\\/\\\/www.cercledecultura.org\\\/wp-content\\\/uploads\\\/2021\\\/02\\\/Y2D7kAEM7kFXsh3tTpw.jpg\",\"width\":480,\"height\":320},{\"@type\":\"BreadcrumbList\",\"@id\":\"https:\\\/\\\/www.cercledecultura.org\\\/ca\\\/104\\\/#breadcrumb\",\"itemListElement\":[{\"@type\":\"ListItem\",\"position\":1,\"name\":\"Portada\",\"item\":\"https:\\\/\\\/www.cercledecultura.org\\\/ca\\\/\"},{\"@type\":\"ListItem\",\"position\":2,\"name\":\"Sofisticar les pol\u00edtiques culturals\"}]},{\"@type\":\"WebSite\",\"@id\":\"https:\\\/\\\/www.cercledecultura.org\\\/ca\\\/#website\",\"url\":\"https:\\\/\\\/www.cercledecultura.org\\\/ca\\\/\",\"name\":\"Cercle de Cultura\",\"description\":\"Entitat de car\u00e0cter privat i associatiu, independent, amb voluntat de participar en la vida p\u00fablica des de la pluralitat ideol\u00f2gica dels seus membres fundadors i futurs associats\",\"publisher\":{\"@id\":\"https:\\\/\\\/www.cercledecultura.org\\\/ca\\\/#organization\"},\"potentialAction\":[{\"@type\":\"SearchAction\",\"target\":{\"@type\":\"EntryPoint\",\"urlTemplate\":\"https:\\\/\\\/www.cercledecultura.org\\\/ca\\\/?s={search_term_string}\"},\"query-input\":{\"@type\":\"PropertyValueSpecification\",\"valueRequired\":true,\"valueName\":\"search_term_string\"}}],\"inLanguage\":\"ca\"},{\"@type\":\"Organization\",\"@id\":\"https:\\\/\\\/www.cercledecultura.org\\\/ca\\\/#organization\",\"name\":\"Cercle de Cultura\",\"url\":\"https:\\\/\\\/www.cercledecultura.org\\\/ca\\\/\",\"logo\":{\"@type\":\"ImageObject\",\"inLanguage\":\"ca\",\"@id\":\"https:\\\/\\\/www.cercledecultura.org\\\/ca\\\/#\\\/schema\\\/logo\\\/image\\\/\",\"url\":\"https:\\\/\\\/www.cercledecultura.org\\\/wp-content\\\/uploads\\\/2020\\\/01\\\/logo-cercle-de-cultura.png\",\"contentUrl\":\"https:\\\/\\\/www.cercledecultura.org\\\/wp-content\\\/uploads\\\/2020\\\/01\\\/logo-cercle-de-cultura.png\",\"width\":350,\"height\":195,\"caption\":\"Cercle de Cultura\"},\"image\":{\"@id\":\"https:\\\/\\\/www.cercledecultura.org\\\/ca\\\/#\\\/schema\\\/logo\\\/image\\\/\"}},{\"@type\":\"Person\",\"@id\":\"https:\\\/\\\/www.cercledecultura.org\\\/ca\\\/#\\\/schema\\\/person\\\/269db25cfadcb4bd2e41781c819942f9\",\"name\":\"admin\",\"image\":{\"@type\":\"ImageObject\",\"inLanguage\":\"ca\",\"@id\":\"https:\\\/\\\/secure.gravatar.com\\\/avatar\\\/e88a8bb50a361c6d45c4709770a3d765016be4b5d85313447b91d0d707434ad9?s=96&d=mm&r=g\",\"url\":\"https:\\\/\\\/secure.gravatar.com\\\/avatar\\\/e88a8bb50a361c6d45c4709770a3d765016be4b5d85313447b91d0d707434ad9?s=96&d=mm&r=g\",\"contentUrl\":\"https:\\\/\\\/secure.gravatar.com\\\/avatar\\\/e88a8bb50a361c6d45c4709770a3d765016be4b5d85313447b91d0d707434ad9?s=96&d=mm&r=g\",\"caption\":\"admin\"},\"url\":\"https:\\\/\\\/www.cercledecultura.org\\\/ca\\\/author\\\/seic_trzh7tdr\\\/\"}]}<\/script>\n<!-- \/ Yoast SEO plugin. -->","yoast_head_json":{"title":"Sofisticar les pol\u00edtiques culturals - Cercle de Cultura","robots":{"index":"index","follow":"follow","max-snippet":"max-snippet:-1","max-image-preview":"max-image-preview:large","max-video-preview":"max-video-preview:-1"},"canonical":"https:\/\/www.cercledecultura.org\/ca\/104\/","og_locale":"ca_ES","og_type":"article","og_title":"Sofisticar les pol\u00edtiques culturals - Cercle de Cultura","og_description":"De Xavier Bru de Sala, publicat a E Peri\u00f3dico el 20 d'octubre de 2015","og_url":"https:\/\/www.cercledecultura.org\/ca\/104\/","og_site_name":"Cercle de Cultura","article_published_time":"2015-10-24T08:55:00+00:00","article_modified_time":"2021-02-23T09:39:58+00:00","og_image":[{"width":480,"height":320,"url":"https:\/\/www.cercledecultura.org\/wp-content\/uploads\/2021\/02\/Y2D7kAEM7kFXsh3tTpw.jpg","type":"image\/jpeg"}],"author":"admin","twitter_card":"summary_large_image","twitter_misc":{"Escrit per":"admin","Temps estimat de lectura":"2 minuts"},"schema":{"@context":"https:\/\/schema.org","@graph":[{"@type":"Article","@id":"https:\/\/www.cercledecultura.org\/ca\/104\/#article","isPartOf":{"@id":"https:\/\/www.cercledecultura.org\/ca\/104\/"},"author":{"name":"admin","@id":"https:\/\/www.cercledecultura.org\/ca\/#\/schema\/person\/269db25cfadcb4bd2e41781c819942f9"},"headline":"Sofisticar les pol\u00edtiques culturals","datePublished":"2015-10-24T08:55:00+00:00","dateModified":"2021-02-23T09:39:58+00:00","mainEntityOfPage":{"@id":"https:\/\/www.cercledecultura.org\/ca\/104\/"},"wordCount":344,"commentCount":0,"publisher":{"@id":"https:\/\/www.cercledecultura.org\/ca\/#organization"},"image":{"@id":"https:\/\/www.cercledecultura.org\/ca\/104\/#primaryimage"},"thumbnailUrl":"https:\/\/www.cercledecultura.org\/wp-content\/uploads\/2021\/02\/Y2D7kAEM7kFXsh3tTpw.jpg","keywords":["El Peri\u00f3dico","Pol\u00edtica Cultural","Xavier Bru de Sala"],"articleSection":["Opini\u00f3"],"inLanguage":"ca","potentialAction":[{"@type":"CommentAction","name":"Comment","target":["https:\/\/www.cercledecultura.org\/ca\/104\/#respond"]}]},{"@type":"WebPage","@id":"https:\/\/www.cercledecultura.org\/ca\/104\/","url":"https:\/\/www.cercledecultura.org\/ca\/104\/","name":"Sofisticar les pol\u00edtiques culturals - Cercle de Cultura","isPartOf":{"@id":"https:\/\/www.cercledecultura.org\/ca\/#website"},"primaryImageOfPage":{"@id":"https:\/\/www.cercledecultura.org\/ca\/104\/#primaryimage"},"image":{"@id":"https:\/\/www.cercledecultura.org\/ca\/104\/#primaryimage"},"thumbnailUrl":"https:\/\/www.cercledecultura.org\/wp-content\/uploads\/2021\/02\/Y2D7kAEM7kFXsh3tTpw.jpg","datePublished":"2015-10-24T08:55:00+00:00","dateModified":"2021-02-23T09:39:58+00:00","breadcrumb":{"@id":"https:\/\/www.cercledecultura.org\/ca\/104\/#breadcrumb"},"inLanguage":"ca","potentialAction":[{"@type":"ReadAction","target":["https:\/\/www.cercledecultura.org\/ca\/104\/"]}]},{"@type":"ImageObject","inLanguage":"ca","@id":"https:\/\/www.cercledecultura.org\/ca\/104\/#primaryimage","url":"https:\/\/www.cercledecultura.org\/wp-content\/uploads\/2021\/02\/Y2D7kAEM7kFXsh3tTpw.jpg","contentUrl":"https:\/\/www.cercledecultura.org\/wp-content\/uploads\/2021\/02\/Y2D7kAEM7kFXsh3tTpw.jpg","width":480,"height":320},{"@type":"BreadcrumbList","@id":"https:\/\/www.cercledecultura.org\/ca\/104\/#breadcrumb","itemListElement":[{"@type":"ListItem","position":1,"name":"Portada","item":"https:\/\/www.cercledecultura.org\/ca\/"},{"@type":"ListItem","position":2,"name":"Sofisticar les pol\u00edtiques culturals"}]},{"@type":"WebSite","@id":"https:\/\/www.cercledecultura.org\/ca\/#website","url":"https:\/\/www.cercledecultura.org\/ca\/","name":"Cercle de Cultura","description":"Entitat de car\u00e0cter privat i associatiu, independent, amb voluntat de participar en la vida p\u00fablica des de la pluralitat ideol\u00f2gica dels seus membres fundadors i futurs associats","publisher":{"@id":"https:\/\/www.cercledecultura.org\/ca\/#organization"},"potentialAction":[{"@type":"SearchAction","target":{"@type":"EntryPoint","urlTemplate":"https:\/\/www.cercledecultura.org\/ca\/?s={search_term_string}"},"query-input":{"@type":"PropertyValueSpecification","valueRequired":true,"valueName":"search_term_string"}}],"inLanguage":"ca"},{"@type":"Organization","@id":"https:\/\/www.cercledecultura.org\/ca\/#organization","name":"Cercle de Cultura","url":"https:\/\/www.cercledecultura.org\/ca\/","logo":{"@type":"ImageObject","inLanguage":"ca","@id":"https:\/\/www.cercledecultura.org\/ca\/#\/schema\/logo\/image\/","url":"https:\/\/www.cercledecultura.org\/wp-content\/uploads\/2020\/01\/logo-cercle-de-cultura.png","contentUrl":"https:\/\/www.cercledecultura.org\/wp-content\/uploads\/2020\/01\/logo-cercle-de-cultura.png","width":350,"height":195,"caption":"Cercle de Cultura"},"image":{"@id":"https:\/\/www.cercledecultura.org\/ca\/#\/schema\/logo\/image\/"}},{"@type":"Person","@id":"https:\/\/www.cercledecultura.org\/ca\/#\/schema\/person\/269db25cfadcb4bd2e41781c819942f9","name":"admin","image":{"@type":"ImageObject","inLanguage":"ca","@id":"https:\/\/secure.gravatar.com\/avatar\/e88a8bb50a361c6d45c4709770a3d765016be4b5d85313447b91d0d707434ad9?s=96&d=mm&r=g","url":"https:\/\/secure.gravatar.com\/avatar\/e88a8bb50a361c6d45c4709770a3d765016be4b5d85313447b91d0d707434ad9?s=96&d=mm&r=g","contentUrl":"https:\/\/secure.gravatar.com\/avatar\/e88a8bb50a361c6d45c4709770a3d765016be4b5d85313447b91d0d707434ad9?s=96&d=mm&r=g","caption":"admin"},"url":"https:\/\/www.cercledecultura.org\/ca\/author\/seic_trzh7tdr\/"}]}},"_links":{"self":[{"href":"https:\/\/www.cercledecultura.org\/ca\/wp-json\/wp\/v2\/posts\/541","targetHints":{"allow":["GET"]}}],"collection":[{"href":"https:\/\/www.cercledecultura.org\/ca\/wp-json\/wp\/v2\/posts"}],"about":[{"href":"https:\/\/www.cercledecultura.org\/ca\/wp-json\/wp\/v2\/types\/post"}],"author":[{"embeddable":true,"href":"https:\/\/www.cercledecultura.org\/ca\/wp-json\/wp\/v2\/users\/1"}],"replies":[{"embeddable":true,"href":"https:\/\/www.cercledecultura.org\/ca\/wp-json\/wp\/v2\/comments?post=541"}],"version-history":[{"count":1,"href":"https:\/\/www.cercledecultura.org\/ca\/wp-json\/wp\/v2\/posts\/541\/revisions"}],"predecessor-version":[{"id":1023,"href":"https:\/\/www.cercledecultura.org\/ca\/wp-json\/wp\/v2\/posts\/541\/revisions\/1023"}],"wp:featuredmedia":[{"embeddable":true,"href":"https:\/\/www.cercledecultura.org\/ca\/wp-json\/wp\/v2\/media\/542"}],"wp:attachment":[{"href":"https:\/\/www.cercledecultura.org\/ca\/wp-json\/wp\/v2\/media?parent=541"}],"wp:term":[{"taxonomy":"category","embeddable":true,"href":"https:\/\/www.cercledecultura.org\/ca\/wp-json\/wp\/v2\/categories?post=541"},{"taxonomy":"post_tag","embeddable":true,"href":"https:\/\/www.cercledecultura.org\/ca\/wp-json\/wp\/v2\/tags?post=541"}],"curies":[{"name":"wp","href":"https:\/\/api.w.org\/{rel}","templated":true}]}}