{"id":536,"date":"2015-11-07T05:06:00","date_gmt":"2015-11-07T05:06:00","guid":{"rendered":"https:\/\/pre.cercledecultura.org\/101-2\/"},"modified":"2021-02-23T09:48:52","modified_gmt":"2021-02-23T09:48:52","slug":"101-2","status":"publish","type":"post","link":"https:\/\/www.cercledecultura.org\/ca\/101-2\/","title":{"rendered":"Noves formes de ser m\u00fasic i de fer m\u00fasica en l&#8217;era digital"},"content":{"rendered":"<p>El Cercle de Cultura organitza un nou debat-tem\u00e0tic, aquest dedicat a la transformaci\u00f3 de la creaci\u00f3 musical davant les noves tecnologies i, en especial internet. L&#8217;acte se celebrar\u00e0 el proper dijous 19 de novembre, a les 19h. a la sala d&#8217;acte del Cercle de Cultura (Proven\u00e7a, 298, de Barcelona).  Un dels grans reptes que afronta la m\u00fasica cl\u00e0ssica al segle XXI est\u00e0 relacionat amb la seva difusi\u00f3 i amb el desenvolupament de noves audi\u00e8ncies.\u00a0 L&#8217;espai d&#8217;execuci\u00f3-difusi\u00f3 de la m\u00fasica s&#8217;amplia per incloure el m\u00f3n virtual, podent atreure comunitats que comparteixen interessos similars o trets identitaris comuns. Amb internet \u00e9s possible el desenvolupament d&#8217;un nou paradigma en el qual l&#8217;audi\u00e8ncia i els m\u00fasics participen de manera activa i simult\u00e0nia. Aquest context obliga les institucions d&#8217;educaci\u00f3 musical a repensar els seus curr\u00edculums,\u00a0 i els m\u00fasics a desenvolupar noves eines i habilitats.  El debat comptar\u00e0 amb dos grans experts en la mat\u00e8ria, Patr\u00edcia Caicedo i Artur Serra. Patr\u00edcia Caicedo \u00e9s soprano, metgessa i music\u00f2loga, fundadora del Barcelona Festival of Song i de l&#8217;empresa Mundo Arts, i directora d&#8217;EYECatalunya. Artur Serra \u00e9s especialista en sinergies entre internet i les arts esc\u00e8niques, director adjunt de la Fundaci\u00f3 i2cat i vicepresident de l&#8217;European Network of Living Labs.  Per a poder-hi participar, cal enviar un correu a info@cercledecultura.org.<\/p>\n","protected":false},"excerpt":{"rendered":"<p>Dijous, 19 de novembre, a les 19h. se celebrar\u00e0, a la sala d&#8217;actes del Cercle de Cultura, el debat tem\u00e0tic Noves formes de ser m\u00fasic i de fer m\u00fasica en l&#8217;era digital, amb Patr\u00edcia Caicedo i Artur Serra.<\/p>\n","protected":false},"author":1,"featured_media":535,"comment_status":"open","ping_status":"closed","sticky":false,"template":"","format":"standard","meta":{"footnotes":""},"categories":[3,26],"tags":[76,72,78,79,18,14,77],"class_list":["post-536","post","type-post","status-publish","format-standard","has-post-thumbnail","hentry","category-activitats","category-noticies","tag-caicedo","tag-debat","tag-eyecatalunya","tag-i2cat","tag-internet","tag-musica","tag-serra"],"yoast_head":"<!-- This site is optimized with the Yoast SEO plugin v27.5 - https:\/\/yoast.com\/product\/yoast-seo-wordpress\/ -->\n<title>Noves formes de ser m\u00fasic i de fer m\u00fasica en l&#039;era digital - Cercle de Cultura<\/title>\n<meta name=\"robots\" content=\"index, follow, max-snippet:-1, max-image-preview:large, max-video-preview:-1\" \/>\n<link rel=\"canonical\" href=\"https:\/\/www.cercledecultura.org\/ca\/101-2\/\" \/>\n<meta property=\"og:locale\" content=\"ca_ES\" \/>\n<meta property=\"og:type\" content=\"article\" \/>\n<meta property=\"og:title\" content=\"Noves formes de ser m\u00fasic i de fer m\u00fasica en l&#039;era digital - Cercle de Cultura\" \/>\n<meta property=\"og:description\" content=\"Dijous, 19 de novembre, a les 19h. se celebrar\u00e0, a la sala d&#039;actes del Cercle de Cultura, el debat tem\u00e0tic Noves formes de ser m\u00fasic i de fer m\u00fasica en l&#039;era digital, amb Patr\u00edcia Caicedo i Artur Serra.\" \/>\n<meta property=\"og:url\" content=\"https:\/\/www.cercledecultura.org\/ca\/101-2\/\" \/>\n<meta property=\"og:site_name\" content=\"Cercle de Cultura\" \/>\n<meta property=\"article:published_time\" content=\"2015-11-07T05:06:00+00:00\" \/>\n<meta property=\"article:modified_time\" content=\"2021-02-23T09:48:52+00:00\" \/>\n<meta property=\"og:image\" content=\"https:\/\/www.cercledecultura.org\/wp-content\/uploads\/2021\/02\/oiqsPC5FXUyKHyav2YZCFg.png\" \/>\n\t<meta property=\"og:image:width\" content=\"1462\" \/>\n\t<meta property=\"og:image:height\" content=\"737\" \/>\n\t<meta property=\"og:image:type\" content=\"image\/png\" \/>\n<meta name=\"author\" content=\"admin\" \/>\n<meta name=\"twitter:card\" content=\"summary_large_image\" \/>\n<meta name=\"twitter:label1\" content=\"Escrit per\" \/>\n\t<meta name=\"twitter:data1\" content=\"admin\" \/>\n\t<meta name=\"twitter:label2\" content=\"Temps estimat de lectura\" \/>\n\t<meta name=\"twitter:data2\" content=\"1 minut\" \/>\n<script type=\"application\/ld+json\" class=\"yoast-schema-graph\">{\"@context\":\"https:\\\/\\\/schema.org\",\"@graph\":[{\"@type\":\"Article\",\"@id\":\"https:\\\/\\\/www.cercledecultura.org\\\/ca\\\/101-2\\\/#article\",\"isPartOf\":{\"@id\":\"https:\\\/\\\/www.cercledecultura.org\\\/ca\\\/101-2\\\/\"},\"author\":{\"name\":\"admin\",\"@id\":\"https:\\\/\\\/www.cercledecultura.org\\\/ca\\\/#\\\/schema\\\/person\\\/269db25cfadcb4bd2e41781c819942f9\"},\"headline\":\"Noves formes de ser m\u00fasic i de fer m\u00fasica en l&#8217;era digital\",\"datePublished\":\"2015-11-07T05:06:00+00:00\",\"dateModified\":\"2021-02-23T09:48:52+00:00\",\"mainEntityOfPage\":{\"@id\":\"https:\\\/\\\/www.cercledecultura.org\\\/ca\\\/101-2\\\/\"},\"wordCount\":256,\"commentCount\":0,\"publisher\":{\"@id\":\"https:\\\/\\\/www.cercledecultura.org\\\/ca\\\/#organization\"},\"image\":{\"@id\":\"https:\\\/\\\/www.cercledecultura.org\\\/ca\\\/101-2\\\/#primaryimage\"},\"thumbnailUrl\":\"https:\\\/\\\/www.cercledecultura.org\\\/wp-content\\\/uploads\\\/2021\\\/02\\\/oiqsPC5FXUyKHyav2YZCFg.png\",\"keywords\":[\"Caicedo\",\"debat\",\"EYECatalunya\",\"i2Cat\",\"Internet\",\"M\u00fasica\",\"Serra\"],\"articleSection\":[\"Activitats\",\"Not\u00edcies\"],\"inLanguage\":\"ca\",\"potentialAction\":[{\"@type\":\"CommentAction\",\"name\":\"Comment\",\"target\":[\"https:\\\/\\\/www.cercledecultura.org\\\/ca\\\/101-2\\\/#respond\"]}]},{\"@type\":\"WebPage\",\"@id\":\"https:\\\/\\\/www.cercledecultura.org\\\/ca\\\/101-2\\\/\",\"url\":\"https:\\\/\\\/www.cercledecultura.org\\\/ca\\\/101-2\\\/\",\"name\":\"Noves formes de ser m\u00fasic i de fer m\u00fasica en l'era digital - Cercle de Cultura\",\"isPartOf\":{\"@id\":\"https:\\\/\\\/www.cercledecultura.org\\\/ca\\\/#website\"},\"primaryImageOfPage\":{\"@id\":\"https:\\\/\\\/www.cercledecultura.org\\\/ca\\\/101-2\\\/#primaryimage\"},\"image\":{\"@id\":\"https:\\\/\\\/www.cercledecultura.org\\\/ca\\\/101-2\\\/#primaryimage\"},\"thumbnailUrl\":\"https:\\\/\\\/www.cercledecultura.org\\\/wp-content\\\/uploads\\\/2021\\\/02\\\/oiqsPC5FXUyKHyav2YZCFg.png\",\"datePublished\":\"2015-11-07T05:06:00+00:00\",\"dateModified\":\"2021-02-23T09:48:52+00:00\",\"breadcrumb\":{\"@id\":\"https:\\\/\\\/www.cercledecultura.org\\\/ca\\\/101-2\\\/#breadcrumb\"},\"inLanguage\":\"ca\",\"potentialAction\":[{\"@type\":\"ReadAction\",\"target\":[\"https:\\\/\\\/www.cercledecultura.org\\\/ca\\\/101-2\\\/\"]}]},{\"@type\":\"ImageObject\",\"inLanguage\":\"ca\",\"@id\":\"https:\\\/\\\/www.cercledecultura.org\\\/ca\\\/101-2\\\/#primaryimage\",\"url\":\"https:\\\/\\\/www.cercledecultura.org\\\/wp-content\\\/uploads\\\/2021\\\/02\\\/oiqsPC5FXUyKHyav2YZCFg.png\",\"contentUrl\":\"https:\\\/\\\/www.cercledecultura.org\\\/wp-content\\\/uploads\\\/2021\\\/02\\\/oiqsPC5FXUyKHyav2YZCFg.png\",\"width\":1462,\"height\":737},{\"@type\":\"BreadcrumbList\",\"@id\":\"https:\\\/\\\/www.cercledecultura.org\\\/ca\\\/101-2\\\/#breadcrumb\",\"itemListElement\":[{\"@type\":\"ListItem\",\"position\":1,\"name\":\"Portada\",\"item\":\"https:\\\/\\\/www.cercledecultura.org\\\/ca\\\/\"},{\"@type\":\"ListItem\",\"position\":2,\"name\":\"Noves formes de ser m\u00fasic i de fer m\u00fasica en l&#8217;era digital\"}]},{\"@type\":\"WebSite\",\"@id\":\"https:\\\/\\\/www.cercledecultura.org\\\/ca\\\/#website\",\"url\":\"https:\\\/\\\/www.cercledecultura.org\\\/ca\\\/\",\"name\":\"Cercle de Cultura\",\"description\":\"Entitat de car\u00e0cter privat i associatiu, independent, amb voluntat de participar en la vida p\u00fablica des de la pluralitat ideol\u00f2gica dels seus membres fundadors i futurs associats\",\"publisher\":{\"@id\":\"https:\\\/\\\/www.cercledecultura.org\\\/ca\\\/#organization\"},\"potentialAction\":[{\"@type\":\"SearchAction\",\"target\":{\"@type\":\"EntryPoint\",\"urlTemplate\":\"https:\\\/\\\/www.cercledecultura.org\\\/ca\\\/?s={search_term_string}\"},\"query-input\":{\"@type\":\"PropertyValueSpecification\",\"valueRequired\":true,\"valueName\":\"search_term_string\"}}],\"inLanguage\":\"ca\"},{\"@type\":\"Organization\",\"@id\":\"https:\\\/\\\/www.cercledecultura.org\\\/ca\\\/#organization\",\"name\":\"Cercle de Cultura\",\"url\":\"https:\\\/\\\/www.cercledecultura.org\\\/ca\\\/\",\"logo\":{\"@type\":\"ImageObject\",\"inLanguage\":\"ca\",\"@id\":\"https:\\\/\\\/www.cercledecultura.org\\\/ca\\\/#\\\/schema\\\/logo\\\/image\\\/\",\"url\":\"https:\\\/\\\/www.cercledecultura.org\\\/wp-content\\\/uploads\\\/2020\\\/01\\\/logo-cercle-de-cultura.png\",\"contentUrl\":\"https:\\\/\\\/www.cercledecultura.org\\\/wp-content\\\/uploads\\\/2020\\\/01\\\/logo-cercle-de-cultura.png\",\"width\":350,\"height\":195,\"caption\":\"Cercle de Cultura\"},\"image\":{\"@id\":\"https:\\\/\\\/www.cercledecultura.org\\\/ca\\\/#\\\/schema\\\/logo\\\/image\\\/\"}},{\"@type\":\"Person\",\"@id\":\"https:\\\/\\\/www.cercledecultura.org\\\/ca\\\/#\\\/schema\\\/person\\\/269db25cfadcb4bd2e41781c819942f9\",\"name\":\"admin\",\"image\":{\"@type\":\"ImageObject\",\"inLanguage\":\"ca\",\"@id\":\"https:\\\/\\\/secure.gravatar.com\\\/avatar\\\/e88a8bb50a361c6d45c4709770a3d765016be4b5d85313447b91d0d707434ad9?s=96&d=mm&r=g\",\"url\":\"https:\\\/\\\/secure.gravatar.com\\\/avatar\\\/e88a8bb50a361c6d45c4709770a3d765016be4b5d85313447b91d0d707434ad9?s=96&d=mm&r=g\",\"contentUrl\":\"https:\\\/\\\/secure.gravatar.com\\\/avatar\\\/e88a8bb50a361c6d45c4709770a3d765016be4b5d85313447b91d0d707434ad9?s=96&d=mm&r=g\",\"caption\":\"admin\"},\"url\":\"https:\\\/\\\/www.cercledecultura.org\\\/ca\\\/author\\\/seic_trzh7tdr\\\/\"}]}<\/script>\n<!-- \/ Yoast SEO plugin. -->","yoast_head_json":{"title":"Noves formes de ser m\u00fasic i de fer m\u00fasica en l'era digital - Cercle de Cultura","robots":{"index":"index","follow":"follow","max-snippet":"max-snippet:-1","max-image-preview":"max-image-preview:large","max-video-preview":"max-video-preview:-1"},"canonical":"https:\/\/www.cercledecultura.org\/ca\/101-2\/","og_locale":"ca_ES","og_type":"article","og_title":"Noves formes de ser m\u00fasic i de fer m\u00fasica en l'era digital - Cercle de Cultura","og_description":"Dijous, 19 de novembre, a les 19h. se celebrar\u00e0, a la sala d'actes del Cercle de Cultura, el debat tem\u00e0tic Noves formes de ser m\u00fasic i de fer m\u00fasica en l'era digital, amb Patr\u00edcia Caicedo i Artur Serra.","og_url":"https:\/\/www.cercledecultura.org\/ca\/101-2\/","og_site_name":"Cercle de Cultura","article_published_time":"2015-11-07T05:06:00+00:00","article_modified_time":"2021-02-23T09:48:52+00:00","og_image":[{"width":1462,"height":737,"url":"https:\/\/www.cercledecultura.org\/wp-content\/uploads\/2021\/02\/oiqsPC5FXUyKHyav2YZCFg.png","type":"image\/png"}],"author":"admin","twitter_card":"summary_large_image","twitter_misc":{"Escrit per":"admin","Temps estimat de lectura":"1 minut"},"schema":{"@context":"https:\/\/schema.org","@graph":[{"@type":"Article","@id":"https:\/\/www.cercledecultura.org\/ca\/101-2\/#article","isPartOf":{"@id":"https:\/\/www.cercledecultura.org\/ca\/101-2\/"},"author":{"name":"admin","@id":"https:\/\/www.cercledecultura.org\/ca\/#\/schema\/person\/269db25cfadcb4bd2e41781c819942f9"},"headline":"Noves formes de ser m\u00fasic i de fer m\u00fasica en l&#8217;era digital","datePublished":"2015-11-07T05:06:00+00:00","dateModified":"2021-02-23T09:48:52+00:00","mainEntityOfPage":{"@id":"https:\/\/www.cercledecultura.org\/ca\/101-2\/"},"wordCount":256,"commentCount":0,"publisher":{"@id":"https:\/\/www.cercledecultura.org\/ca\/#organization"},"image":{"@id":"https:\/\/www.cercledecultura.org\/ca\/101-2\/#primaryimage"},"thumbnailUrl":"https:\/\/www.cercledecultura.org\/wp-content\/uploads\/2021\/02\/oiqsPC5FXUyKHyav2YZCFg.png","keywords":["Caicedo","debat","EYECatalunya","i2Cat","Internet","M\u00fasica","Serra"],"articleSection":["Activitats","Not\u00edcies"],"inLanguage":"ca","potentialAction":[{"@type":"CommentAction","name":"Comment","target":["https:\/\/www.cercledecultura.org\/ca\/101-2\/#respond"]}]},{"@type":"WebPage","@id":"https:\/\/www.cercledecultura.org\/ca\/101-2\/","url":"https:\/\/www.cercledecultura.org\/ca\/101-2\/","name":"Noves formes de ser m\u00fasic i de fer m\u00fasica en l'era digital - Cercle de Cultura","isPartOf":{"@id":"https:\/\/www.cercledecultura.org\/ca\/#website"},"primaryImageOfPage":{"@id":"https:\/\/www.cercledecultura.org\/ca\/101-2\/#primaryimage"},"image":{"@id":"https:\/\/www.cercledecultura.org\/ca\/101-2\/#primaryimage"},"thumbnailUrl":"https:\/\/www.cercledecultura.org\/wp-content\/uploads\/2021\/02\/oiqsPC5FXUyKHyav2YZCFg.png","datePublished":"2015-11-07T05:06:00+00:00","dateModified":"2021-02-23T09:48:52+00:00","breadcrumb":{"@id":"https:\/\/www.cercledecultura.org\/ca\/101-2\/#breadcrumb"},"inLanguage":"ca","potentialAction":[{"@type":"ReadAction","target":["https:\/\/www.cercledecultura.org\/ca\/101-2\/"]}]},{"@type":"ImageObject","inLanguage":"ca","@id":"https:\/\/www.cercledecultura.org\/ca\/101-2\/#primaryimage","url":"https:\/\/www.cercledecultura.org\/wp-content\/uploads\/2021\/02\/oiqsPC5FXUyKHyav2YZCFg.png","contentUrl":"https:\/\/www.cercledecultura.org\/wp-content\/uploads\/2021\/02\/oiqsPC5FXUyKHyav2YZCFg.png","width":1462,"height":737},{"@type":"BreadcrumbList","@id":"https:\/\/www.cercledecultura.org\/ca\/101-2\/#breadcrumb","itemListElement":[{"@type":"ListItem","position":1,"name":"Portada","item":"https:\/\/www.cercledecultura.org\/ca\/"},{"@type":"ListItem","position":2,"name":"Noves formes de ser m\u00fasic i de fer m\u00fasica en l&#8217;era digital"}]},{"@type":"WebSite","@id":"https:\/\/www.cercledecultura.org\/ca\/#website","url":"https:\/\/www.cercledecultura.org\/ca\/","name":"Cercle de Cultura","description":"Entitat de car\u00e0cter privat i associatiu, independent, amb voluntat de participar en la vida p\u00fablica des de la pluralitat ideol\u00f2gica dels seus membres fundadors i futurs associats","publisher":{"@id":"https:\/\/www.cercledecultura.org\/ca\/#organization"},"potentialAction":[{"@type":"SearchAction","target":{"@type":"EntryPoint","urlTemplate":"https:\/\/www.cercledecultura.org\/ca\/?s={search_term_string}"},"query-input":{"@type":"PropertyValueSpecification","valueRequired":true,"valueName":"search_term_string"}}],"inLanguage":"ca"},{"@type":"Organization","@id":"https:\/\/www.cercledecultura.org\/ca\/#organization","name":"Cercle de Cultura","url":"https:\/\/www.cercledecultura.org\/ca\/","logo":{"@type":"ImageObject","inLanguage":"ca","@id":"https:\/\/www.cercledecultura.org\/ca\/#\/schema\/logo\/image\/","url":"https:\/\/www.cercledecultura.org\/wp-content\/uploads\/2020\/01\/logo-cercle-de-cultura.png","contentUrl":"https:\/\/www.cercledecultura.org\/wp-content\/uploads\/2020\/01\/logo-cercle-de-cultura.png","width":350,"height":195,"caption":"Cercle de Cultura"},"image":{"@id":"https:\/\/www.cercledecultura.org\/ca\/#\/schema\/logo\/image\/"}},{"@type":"Person","@id":"https:\/\/www.cercledecultura.org\/ca\/#\/schema\/person\/269db25cfadcb4bd2e41781c819942f9","name":"admin","image":{"@type":"ImageObject","inLanguage":"ca","@id":"https:\/\/secure.gravatar.com\/avatar\/e88a8bb50a361c6d45c4709770a3d765016be4b5d85313447b91d0d707434ad9?s=96&d=mm&r=g","url":"https:\/\/secure.gravatar.com\/avatar\/e88a8bb50a361c6d45c4709770a3d765016be4b5d85313447b91d0d707434ad9?s=96&d=mm&r=g","contentUrl":"https:\/\/secure.gravatar.com\/avatar\/e88a8bb50a361c6d45c4709770a3d765016be4b5d85313447b91d0d707434ad9?s=96&d=mm&r=g","caption":"admin"},"url":"https:\/\/www.cercledecultura.org\/ca\/author\/seic_trzh7tdr\/"}]}},"_links":{"self":[{"href":"https:\/\/www.cercledecultura.org\/ca\/wp-json\/wp\/v2\/posts\/536","targetHints":{"allow":["GET"]}}],"collection":[{"href":"https:\/\/www.cercledecultura.org\/ca\/wp-json\/wp\/v2\/posts"}],"about":[{"href":"https:\/\/www.cercledecultura.org\/ca\/wp-json\/wp\/v2\/types\/post"}],"author":[{"embeddable":true,"href":"https:\/\/www.cercledecultura.org\/ca\/wp-json\/wp\/v2\/users\/1"}],"replies":[{"embeddable":true,"href":"https:\/\/www.cercledecultura.org\/ca\/wp-json\/wp\/v2\/comments?post=536"}],"version-history":[{"count":1,"href":"https:\/\/www.cercledecultura.org\/ca\/wp-json\/wp\/v2\/posts\/536\/revisions"}],"predecessor-version":[{"id":1020,"href":"https:\/\/www.cercledecultura.org\/ca\/wp-json\/wp\/v2\/posts\/536\/revisions\/1020"}],"wp:featuredmedia":[{"embeddable":true,"href":"https:\/\/www.cercledecultura.org\/ca\/wp-json\/wp\/v2\/media\/535"}],"wp:attachment":[{"href":"https:\/\/www.cercledecultura.org\/ca\/wp-json\/wp\/v2\/media?parent=536"}],"wp:term":[{"taxonomy":"category","embeddable":true,"href":"https:\/\/www.cercledecultura.org\/ca\/wp-json\/wp\/v2\/categories?post=536"},{"taxonomy":"post_tag","embeddable":true,"href":"https:\/\/www.cercledecultura.org\/ca\/wp-json\/wp\/v2\/tags?post=536"}],"curies":[{"name":"wp","href":"https:\/\/api.w.org\/{rel}","templated":true}]}}