{"id":3289,"date":"2025-10-21T18:30:07","date_gmt":"2025-10-21T16:30:07","guid":{"rendered":"https:\/\/www.cercledecultura.org\/?p=3289"},"modified":"2025-11-27T16:27:23","modified_gmt":"2025-11-27T14:27:23","slug":"la-cultura-vista-des-de-leconomia-i-leconomia-vista-des-de-la-cultura","status":"publish","type":"post","link":"https:\/\/www.cercledecultura.org\/ca\/la-cultura-vista-des-de-leconomia-i-leconomia-vista-des-de-la-cultura\/","title":{"rendered":"La Cultura vista des de l&#8217;Economia, i l&#8217;Economia vista des de la Cultura"},"content":{"rendered":"<p>El dijous 20 de novembre a les 19:30, va tenir lloc la conversa amb la<strong> consellera d\u2019Economia i Finances, H. Sra. Al\u00edcia Romero Llano<\/strong> i la <strong>consellera de Cultura, H. Sra. S\u00f2nia Hern\u00e1ndez Almod\u00f3var.<\/strong><\/p>\n<p>&nbsp;<\/p>\n<p><span data-contrast=\"auto\">En aquest di\u00e0leg amb la consellera de Cultura i la consellera d\u2019Economia i Finances, condu\u00eft per <\/span><b><span data-contrast=\"auto\">Guillem L\u00f3pez Casasnovas<\/span><\/b><span data-contrast=\"auto\">, Catedr\u00e0tic Em\u00e8rit d\u2019Economia de la UPF, i per <\/span><b><span data-contrast=\"auto\">Jordi Pardo<\/span><\/b><span data-contrast=\"auto\">, gestor cultural i president del Cercle de Cultura, es van compartir visions sobre el potencial de la cultura pel desenvolupament econ\u00f2mic, i sobre el paper de l\u2019economia en l\u2019enfortiment del sistema cultural com un \u00e0mbit fonamental per a la qualitat de vida, la cohesi\u00f3 social i el desenvolupament econ\u00f2mic sostenible. <\/span><span data-ccp-props=\"{&quot;335551550&quot;:6,&quot;335551620&quot;:6}\">\u00a0<\/span><\/p>\n<p>&nbsp;<\/p>\n<p><span data-contrast=\"auto\">Catalunya t\u00e9 un enorme potencial en l\u2019\u00e0mbit de la cultura que ha jugat un paper clau en el posicionament de l\u2019activitat econ\u00f2mica del pa\u00eds, especialment en la captaci\u00f3 de talent, inversions i activitats econ\u00f2miques relacionades amb la innovaci\u00f3, el turisme i l\u2019\u00e0mbit de l\u2019economia creativa. Per\u00f2 s\u2019hi afegeix tamb\u00e9 l\u2019enorme potencial de la cultura com a factor clau per a l\u2019impuls de la qualitat de vida i la cohesi\u00f3 social, i la competitivitat.<\/span><span data-ccp-props=\"{&quot;335551550&quot;:6,&quot;335551620&quot;:6}\">\u00a0<\/span><\/p>\n<p>&nbsp;<\/p>\n<p><span data-contrast=\"auto\">El proc\u00e9s de millora del pressupost de cultura, despr\u00e9s de molts anys de constricci\u00f3 comparativa, ha perm\u00e8s encarar amb major optimisme els reptes d\u2019aquests temps de grans canvis, comptant amb la cultura com un element clau.<\/span><span data-ccp-props=\"{&quot;335551550&quot;:6,&quot;335551620&quot;:6}\">\u00a0<\/span><\/p>\n<p>&nbsp;<\/p>\n<p><span data-contrast=\"auto\">Des d\u2019una perspectiva proactiva, i posant l\u2019\u00e8mfasi amb les grans oportunitats i potencials d\u2019una bona relaci\u00f3 entre l\u2019\u00e0mbit de la cultura i l\u2019economia, aquest acte t\u00e9 com a objectiu establir un di\u00e0leg enriquidor sobre dues mirades estrat\u00e8giques: l\u2019economia vista des de la cultura, i la cultura vista des de l\u2019economia.<\/span><span data-ccp-props=\"{&quot;335551550&quot;:6,&quot;335551620&quot;:6}\">\u00a0<\/span><\/p>\n<p>&nbsp;<\/p>\n<p><span data-contrast=\"auto\">Despr\u00e9s del col\u00b7loqui, l\u2019acte va continuar amb una conversa informal tot prenent una copa de cava.<\/span><span data-ccp-props=\"{&quot;335551550&quot;:6,&quot;335551620&quot;:6}\">\u00a0<\/span><\/p>\n<p>&nbsp;<\/p>\n<p><span data-contrast=\"auto\">Podeu recuperar l&#8217;enregistrament sencer de la sessi\u00f3 a trav\u00e9s del <a href=\"https:\/\/youtu.be\/poqSmVblnlI\">seg\u00fcent enlla\u00e7<\/a>.<\/span><span data-ccp-props=\"{&quot;335551550&quot;:6,&quot;335551620&quot;:6}\">\u00a0<\/span><\/p>\n<p>&nbsp;<\/p>\n<p><span data-contrast=\"auto\">La trobada organitzada pel Cercle de Cultura, dirigida a tot l&#8217;ecosistema cultural, va tenir lloc el <strong>dijous 20 de novembre a les 19:30 h a l\u2019auditori del Cercle d\u2019Economia<\/strong> (Proven\u00e7a, 298).\u00a0<\/span><\/p>\n","protected":false},"excerpt":{"rendered":"<p>El dijous 20 de novembre a les 19:30, va tenir lloc la conversa amb la consellera d\u2019Economia i Finances, H. Sra. Al\u00edcia Romero Llano i la consellera de Cultura, H. Sra. S\u00f2nia Hern\u00e1ndez Almod\u00f3var. &nbsp; En aquest di\u00e0leg amb la consellera de Cultura i la consellera d\u2019Economia i Finances, condu\u00eft per Guillem L\u00f3pez Casasnovas, Catedr\u00e0tic [&hellip;]<\/p>\n","protected":false},"author":2,"featured_media":3293,"comment_status":"closed","ping_status":"closed","sticky":false,"template":"","format":"standard","meta":{"footnotes":""},"categories":[3,26],"tags":[],"class_list":["post-3289","post","type-post","status-publish","format-standard","has-post-thumbnail","hentry","category-activitats","category-noticies"],"yoast_head":"<!-- This site is optimized with the Yoast SEO plugin v27.4 - https:\/\/yoast.com\/product\/yoast-seo-wordpress\/ -->\n<title>La Cultura vista des de l&#039;Economia, i l&#039;Economia vista des de la Cultura - Cercle de Cultura<\/title>\n<meta name=\"robots\" content=\"index, follow, max-snippet:-1, max-image-preview:large, max-video-preview:-1\" \/>\n<link rel=\"canonical\" href=\"https:\/\/www.cercledecultura.org\/ca\/la-cultura-vista-des-de-leconomia-i-leconomia-vista-des-de-la-cultura\/\" \/>\n<meta property=\"og:locale\" content=\"ca_ES\" \/>\n<meta property=\"og:type\" content=\"article\" \/>\n<meta property=\"og:title\" content=\"La Cultura vista des de l&#039;Economia, i l&#039;Economia vista des de la Cultura - Cercle de Cultura\" \/>\n<meta property=\"og:description\" content=\"El dijous 20 de novembre a les 19:30, va tenir lloc la conversa amb la consellera d\u2019Economia i Finances, H. Sra. Al\u00edcia Romero Llano i la consellera de Cultura, H. Sra. S\u00f2nia Hern\u00e1ndez Almod\u00f3var. &nbsp; En aquest di\u00e0leg amb la consellera de Cultura i la consellera d\u2019Economia i Finances, condu\u00eft per Guillem L\u00f3pez Casasnovas, Catedr\u00e0tic [&hellip;]\" \/>\n<meta property=\"og:url\" content=\"https:\/\/www.cercledecultura.org\/ca\/la-cultura-vista-des-de-leconomia-i-leconomia-vista-des-de-la-cultura\/\" \/>\n<meta property=\"og:site_name\" content=\"Cercle de Cultura\" \/>\n<meta property=\"article:published_time\" content=\"2025-10-21T16:30:07+00:00\" \/>\n<meta property=\"article:modified_time\" content=\"2025-11-27T14:27:23+00:00\" \/>\n<meta property=\"og:image\" content=\"https:\/\/www.cercledecultura.org\/wp-content\/uploads\/2025\/10\/Collage-xarxes-acte-20-novembre-CC-v2-2.jpg\" \/>\n\t<meta property=\"og:image:width\" content=\"1600\" \/>\n\t<meta property=\"og:image:height\" content=\"900\" \/>\n\t<meta property=\"og:image:type\" content=\"image\/jpeg\" \/>\n<meta name=\"author\" content=\"Comunicaci\u00f3 Cercle de Cultura\" \/>\n<meta name=\"twitter:card\" content=\"summary_large_image\" \/>\n<meta name=\"twitter:label1\" content=\"Escrit per\" \/>\n\t<meta name=\"twitter:data1\" content=\"Comunicaci\u00f3 Cercle de Cultura\" \/>\n\t<meta name=\"twitter:label2\" content=\"Temps estimat de lectura\" \/>\n\t<meta name=\"twitter:data2\" content=\"3 minuts\" \/>\n<script type=\"application\/ld+json\" class=\"yoast-schema-graph\">{\"@context\":\"https:\\\/\\\/schema.org\",\"@graph\":[{\"@type\":\"Article\",\"@id\":\"https:\\\/\\\/www.cercledecultura.org\\\/ca\\\/la-cultura-vista-des-de-leconomia-i-leconomia-vista-des-de-la-cultura\\\/#article\",\"isPartOf\":{\"@id\":\"https:\\\/\\\/www.cercledecultura.org\\\/ca\\\/la-cultura-vista-des-de-leconomia-i-leconomia-vista-des-de-la-cultura\\\/\"},\"author\":{\"name\":\"Comunicaci\u00f3 Cercle de Cultura\",\"@id\":\"https:\\\/\\\/www.cercledecultura.org\\\/ca\\\/#\\\/schema\\\/person\\\/931e40c1179ecf352012690d06c032f4\"},\"headline\":\"La Cultura vista des de l&#8217;Economia, i l&#8217;Economia vista des de la Cultura\",\"datePublished\":\"2025-10-21T16:30:07+00:00\",\"dateModified\":\"2025-11-27T14:27:23+00:00\",\"mainEntityOfPage\":{\"@id\":\"https:\\\/\\\/www.cercledecultura.org\\\/ca\\\/la-cultura-vista-des-de-leconomia-i-leconomia-vista-des-de-la-cultura\\\/\"},\"wordCount\":397,\"publisher\":{\"@id\":\"https:\\\/\\\/www.cercledecultura.org\\\/ca\\\/#organization\"},\"image\":{\"@id\":\"https:\\\/\\\/www.cercledecultura.org\\\/ca\\\/la-cultura-vista-des-de-leconomia-i-leconomia-vista-des-de-la-cultura\\\/#primaryimage\"},\"thumbnailUrl\":\"https:\\\/\\\/www.cercledecultura.org\\\/wp-content\\\/uploads\\\/2025\\\/10\\\/Collage-xarxes-acte-20-novembre-CC-v2-2.jpg\",\"articleSection\":[\"Activitats\",\"Not\u00edcies\"],\"inLanguage\":\"ca\"},{\"@type\":\"WebPage\",\"@id\":\"https:\\\/\\\/www.cercledecultura.org\\\/ca\\\/la-cultura-vista-des-de-leconomia-i-leconomia-vista-des-de-la-cultura\\\/\",\"url\":\"https:\\\/\\\/www.cercledecultura.org\\\/ca\\\/la-cultura-vista-des-de-leconomia-i-leconomia-vista-des-de-la-cultura\\\/\",\"name\":\"La Cultura vista des de l'Economia, i l'Economia vista des de la Cultura - Cercle de Cultura\",\"isPartOf\":{\"@id\":\"https:\\\/\\\/www.cercledecultura.org\\\/ca\\\/#website\"},\"primaryImageOfPage\":{\"@id\":\"https:\\\/\\\/www.cercledecultura.org\\\/ca\\\/la-cultura-vista-des-de-leconomia-i-leconomia-vista-des-de-la-cultura\\\/#primaryimage\"},\"image\":{\"@id\":\"https:\\\/\\\/www.cercledecultura.org\\\/ca\\\/la-cultura-vista-des-de-leconomia-i-leconomia-vista-des-de-la-cultura\\\/#primaryimage\"},\"thumbnailUrl\":\"https:\\\/\\\/www.cercledecultura.org\\\/wp-content\\\/uploads\\\/2025\\\/10\\\/Collage-xarxes-acte-20-novembre-CC-v2-2.jpg\",\"datePublished\":\"2025-10-21T16:30:07+00:00\",\"dateModified\":\"2025-11-27T14:27:23+00:00\",\"breadcrumb\":{\"@id\":\"https:\\\/\\\/www.cercledecultura.org\\\/ca\\\/la-cultura-vista-des-de-leconomia-i-leconomia-vista-des-de-la-cultura\\\/#breadcrumb\"},\"inLanguage\":\"ca\",\"potentialAction\":[{\"@type\":\"ReadAction\",\"target\":[\"https:\\\/\\\/www.cercledecultura.org\\\/ca\\\/la-cultura-vista-des-de-leconomia-i-leconomia-vista-des-de-la-cultura\\\/\"]}]},{\"@type\":\"ImageObject\",\"inLanguage\":\"ca\",\"@id\":\"https:\\\/\\\/www.cercledecultura.org\\\/ca\\\/la-cultura-vista-des-de-leconomia-i-leconomia-vista-des-de-la-cultura\\\/#primaryimage\",\"url\":\"https:\\\/\\\/www.cercledecultura.org\\\/wp-content\\\/uploads\\\/2025\\\/10\\\/Collage-xarxes-acte-20-novembre-CC-v2-2.jpg\",\"contentUrl\":\"https:\\\/\\\/www.cercledecultura.org\\\/wp-content\\\/uploads\\\/2025\\\/10\\\/Collage-xarxes-acte-20-novembre-CC-v2-2.jpg\",\"width\":1600,\"height\":900},{\"@type\":\"BreadcrumbList\",\"@id\":\"https:\\\/\\\/www.cercledecultura.org\\\/ca\\\/la-cultura-vista-des-de-leconomia-i-leconomia-vista-des-de-la-cultura\\\/#breadcrumb\",\"itemListElement\":[{\"@type\":\"ListItem\",\"position\":1,\"name\":\"Portada\",\"item\":\"https:\\\/\\\/www.cercledecultura.org\\\/ca\\\/\"},{\"@type\":\"ListItem\",\"position\":2,\"name\":\"La Cultura vista des de l&#8217;Economia, i l&#8217;Economia vista des de la Cultura\"}]},{\"@type\":\"WebSite\",\"@id\":\"https:\\\/\\\/www.cercledecultura.org\\\/ca\\\/#website\",\"url\":\"https:\\\/\\\/www.cercledecultura.org\\\/ca\\\/\",\"name\":\"Cercle de Cultura\",\"description\":\"Entitat de car\u00e0cter privat i associatiu, independent, amb voluntat de participar en la vida p\u00fablica des de la pluralitat ideol\u00f2gica dels seus membres fundadors i futurs associats\",\"publisher\":{\"@id\":\"https:\\\/\\\/www.cercledecultura.org\\\/ca\\\/#organization\"},\"potentialAction\":[{\"@type\":\"SearchAction\",\"target\":{\"@type\":\"EntryPoint\",\"urlTemplate\":\"https:\\\/\\\/www.cercledecultura.org\\\/ca\\\/?s={search_term_string}\"},\"query-input\":{\"@type\":\"PropertyValueSpecification\",\"valueRequired\":true,\"valueName\":\"search_term_string\"}}],\"inLanguage\":\"ca\"},{\"@type\":\"Organization\",\"@id\":\"https:\\\/\\\/www.cercledecultura.org\\\/ca\\\/#organization\",\"name\":\"Cercle de Cultura\",\"url\":\"https:\\\/\\\/www.cercledecultura.org\\\/ca\\\/\",\"logo\":{\"@type\":\"ImageObject\",\"inLanguage\":\"ca\",\"@id\":\"https:\\\/\\\/www.cercledecultura.org\\\/ca\\\/#\\\/schema\\\/logo\\\/image\\\/\",\"url\":\"https:\\\/\\\/www.cercledecultura.org\\\/wp-content\\\/uploads\\\/2020\\\/01\\\/logo-cercle-de-cultura.png\",\"contentUrl\":\"https:\\\/\\\/www.cercledecultura.org\\\/wp-content\\\/uploads\\\/2020\\\/01\\\/logo-cercle-de-cultura.png\",\"width\":350,\"height\":195,\"caption\":\"Cercle de Cultura\"},\"image\":{\"@id\":\"https:\\\/\\\/www.cercledecultura.org\\\/ca\\\/#\\\/schema\\\/logo\\\/image\\\/\"}},{\"@type\":\"Person\",\"@id\":\"https:\\\/\\\/www.cercledecultura.org\\\/ca\\\/#\\\/schema\\\/person\\\/931e40c1179ecf352012690d06c032f4\",\"name\":\"Comunicaci\u00f3 Cercle de Cultura\",\"image\":{\"@type\":\"ImageObject\",\"inLanguage\":\"ca\",\"@id\":\"https:\\\/\\\/secure.gravatar.com\\\/avatar\\\/46c76410f5e9186d043ead05387a12bf4af192b9a85fac81aaa84c02b822a715?s=96&d=mm&r=g\",\"url\":\"https:\\\/\\\/secure.gravatar.com\\\/avatar\\\/46c76410f5e9186d043ead05387a12bf4af192b9a85fac81aaa84c02b822a715?s=96&d=mm&r=g\",\"contentUrl\":\"https:\\\/\\\/secure.gravatar.com\\\/avatar\\\/46c76410f5e9186d043ead05387a12bf4af192b9a85fac81aaa84c02b822a715?s=96&d=mm&r=g\",\"caption\":\"Comunicaci\u00f3 Cercle de Cultura\"},\"sameAs\":[\"https:\\\/\\\/www.cercledecultura.org\"],\"url\":\"https:\\\/\\\/www.cercledecultura.org\\\/ca\\\/author\\\/secretaria\\\/\"}]}<\/script>\n<!-- \/ Yoast SEO plugin. -->","yoast_head_json":{"title":"La Cultura vista des de l'Economia, i l'Economia vista des de la Cultura - Cercle de Cultura","robots":{"index":"index","follow":"follow","max-snippet":"max-snippet:-1","max-image-preview":"max-image-preview:large","max-video-preview":"max-video-preview:-1"},"canonical":"https:\/\/www.cercledecultura.org\/ca\/la-cultura-vista-des-de-leconomia-i-leconomia-vista-des-de-la-cultura\/","og_locale":"ca_ES","og_type":"article","og_title":"La Cultura vista des de l'Economia, i l'Economia vista des de la Cultura - Cercle de Cultura","og_description":"El dijous 20 de novembre a les 19:30, va tenir lloc la conversa amb la consellera d\u2019Economia i Finances, H. Sra. Al\u00edcia Romero Llano i la consellera de Cultura, H. Sra. S\u00f2nia Hern\u00e1ndez Almod\u00f3var. &nbsp; En aquest di\u00e0leg amb la consellera de Cultura i la consellera d\u2019Economia i Finances, condu\u00eft per Guillem L\u00f3pez Casasnovas, Catedr\u00e0tic [&hellip;]","og_url":"https:\/\/www.cercledecultura.org\/ca\/la-cultura-vista-des-de-leconomia-i-leconomia-vista-des-de-la-cultura\/","og_site_name":"Cercle de Cultura","article_published_time":"2025-10-21T16:30:07+00:00","article_modified_time":"2025-11-27T14:27:23+00:00","og_image":[{"width":1600,"height":900,"url":"https:\/\/www.cercledecultura.org\/wp-content\/uploads\/2025\/10\/Collage-xarxes-acte-20-novembre-CC-v2-2.jpg","type":"image\/jpeg"}],"author":"Comunicaci\u00f3 Cercle de Cultura","twitter_card":"summary_large_image","twitter_misc":{"Escrit per":"Comunicaci\u00f3 Cercle de Cultura","Temps estimat de lectura":"3 minuts"},"schema":{"@context":"https:\/\/schema.org","@graph":[{"@type":"Article","@id":"https:\/\/www.cercledecultura.org\/ca\/la-cultura-vista-des-de-leconomia-i-leconomia-vista-des-de-la-cultura\/#article","isPartOf":{"@id":"https:\/\/www.cercledecultura.org\/ca\/la-cultura-vista-des-de-leconomia-i-leconomia-vista-des-de-la-cultura\/"},"author":{"name":"Comunicaci\u00f3 Cercle de Cultura","@id":"https:\/\/www.cercledecultura.org\/ca\/#\/schema\/person\/931e40c1179ecf352012690d06c032f4"},"headline":"La Cultura vista des de l&#8217;Economia, i l&#8217;Economia vista des de la Cultura","datePublished":"2025-10-21T16:30:07+00:00","dateModified":"2025-11-27T14:27:23+00:00","mainEntityOfPage":{"@id":"https:\/\/www.cercledecultura.org\/ca\/la-cultura-vista-des-de-leconomia-i-leconomia-vista-des-de-la-cultura\/"},"wordCount":397,"publisher":{"@id":"https:\/\/www.cercledecultura.org\/ca\/#organization"},"image":{"@id":"https:\/\/www.cercledecultura.org\/ca\/la-cultura-vista-des-de-leconomia-i-leconomia-vista-des-de-la-cultura\/#primaryimage"},"thumbnailUrl":"https:\/\/www.cercledecultura.org\/wp-content\/uploads\/2025\/10\/Collage-xarxes-acte-20-novembre-CC-v2-2.jpg","articleSection":["Activitats","Not\u00edcies"],"inLanguage":"ca"},{"@type":"WebPage","@id":"https:\/\/www.cercledecultura.org\/ca\/la-cultura-vista-des-de-leconomia-i-leconomia-vista-des-de-la-cultura\/","url":"https:\/\/www.cercledecultura.org\/ca\/la-cultura-vista-des-de-leconomia-i-leconomia-vista-des-de-la-cultura\/","name":"La Cultura vista des de l'Economia, i l'Economia vista des de la Cultura - Cercle de Cultura","isPartOf":{"@id":"https:\/\/www.cercledecultura.org\/ca\/#website"},"primaryImageOfPage":{"@id":"https:\/\/www.cercledecultura.org\/ca\/la-cultura-vista-des-de-leconomia-i-leconomia-vista-des-de-la-cultura\/#primaryimage"},"image":{"@id":"https:\/\/www.cercledecultura.org\/ca\/la-cultura-vista-des-de-leconomia-i-leconomia-vista-des-de-la-cultura\/#primaryimage"},"thumbnailUrl":"https:\/\/www.cercledecultura.org\/wp-content\/uploads\/2025\/10\/Collage-xarxes-acte-20-novembre-CC-v2-2.jpg","datePublished":"2025-10-21T16:30:07+00:00","dateModified":"2025-11-27T14:27:23+00:00","breadcrumb":{"@id":"https:\/\/www.cercledecultura.org\/ca\/la-cultura-vista-des-de-leconomia-i-leconomia-vista-des-de-la-cultura\/#breadcrumb"},"inLanguage":"ca","potentialAction":[{"@type":"ReadAction","target":["https:\/\/www.cercledecultura.org\/ca\/la-cultura-vista-des-de-leconomia-i-leconomia-vista-des-de-la-cultura\/"]}]},{"@type":"ImageObject","inLanguage":"ca","@id":"https:\/\/www.cercledecultura.org\/ca\/la-cultura-vista-des-de-leconomia-i-leconomia-vista-des-de-la-cultura\/#primaryimage","url":"https:\/\/www.cercledecultura.org\/wp-content\/uploads\/2025\/10\/Collage-xarxes-acte-20-novembre-CC-v2-2.jpg","contentUrl":"https:\/\/www.cercledecultura.org\/wp-content\/uploads\/2025\/10\/Collage-xarxes-acte-20-novembre-CC-v2-2.jpg","width":1600,"height":900},{"@type":"BreadcrumbList","@id":"https:\/\/www.cercledecultura.org\/ca\/la-cultura-vista-des-de-leconomia-i-leconomia-vista-des-de-la-cultura\/#breadcrumb","itemListElement":[{"@type":"ListItem","position":1,"name":"Portada","item":"https:\/\/www.cercledecultura.org\/ca\/"},{"@type":"ListItem","position":2,"name":"La Cultura vista des de l&#8217;Economia, i l&#8217;Economia vista des de la Cultura"}]},{"@type":"WebSite","@id":"https:\/\/www.cercledecultura.org\/ca\/#website","url":"https:\/\/www.cercledecultura.org\/ca\/","name":"Cercle de Cultura","description":"Entitat de car\u00e0cter privat i associatiu, independent, amb voluntat de participar en la vida p\u00fablica des de la pluralitat ideol\u00f2gica dels seus membres fundadors i futurs associats","publisher":{"@id":"https:\/\/www.cercledecultura.org\/ca\/#organization"},"potentialAction":[{"@type":"SearchAction","target":{"@type":"EntryPoint","urlTemplate":"https:\/\/www.cercledecultura.org\/ca\/?s={search_term_string}"},"query-input":{"@type":"PropertyValueSpecification","valueRequired":true,"valueName":"search_term_string"}}],"inLanguage":"ca"},{"@type":"Organization","@id":"https:\/\/www.cercledecultura.org\/ca\/#organization","name":"Cercle de Cultura","url":"https:\/\/www.cercledecultura.org\/ca\/","logo":{"@type":"ImageObject","inLanguage":"ca","@id":"https:\/\/www.cercledecultura.org\/ca\/#\/schema\/logo\/image\/","url":"https:\/\/www.cercledecultura.org\/wp-content\/uploads\/2020\/01\/logo-cercle-de-cultura.png","contentUrl":"https:\/\/www.cercledecultura.org\/wp-content\/uploads\/2020\/01\/logo-cercle-de-cultura.png","width":350,"height":195,"caption":"Cercle de Cultura"},"image":{"@id":"https:\/\/www.cercledecultura.org\/ca\/#\/schema\/logo\/image\/"}},{"@type":"Person","@id":"https:\/\/www.cercledecultura.org\/ca\/#\/schema\/person\/931e40c1179ecf352012690d06c032f4","name":"Comunicaci\u00f3 Cercle de Cultura","image":{"@type":"ImageObject","inLanguage":"ca","@id":"https:\/\/secure.gravatar.com\/avatar\/46c76410f5e9186d043ead05387a12bf4af192b9a85fac81aaa84c02b822a715?s=96&d=mm&r=g","url":"https:\/\/secure.gravatar.com\/avatar\/46c76410f5e9186d043ead05387a12bf4af192b9a85fac81aaa84c02b822a715?s=96&d=mm&r=g","contentUrl":"https:\/\/secure.gravatar.com\/avatar\/46c76410f5e9186d043ead05387a12bf4af192b9a85fac81aaa84c02b822a715?s=96&d=mm&r=g","caption":"Comunicaci\u00f3 Cercle de Cultura"},"sameAs":["https:\/\/www.cercledecultura.org"],"url":"https:\/\/www.cercledecultura.org\/ca\/author\/secretaria\/"}]}},"_links":{"self":[{"href":"https:\/\/www.cercledecultura.org\/ca\/wp-json\/wp\/v2\/posts\/3289","targetHints":{"allow":["GET"]}}],"collection":[{"href":"https:\/\/www.cercledecultura.org\/ca\/wp-json\/wp\/v2\/posts"}],"about":[{"href":"https:\/\/www.cercledecultura.org\/ca\/wp-json\/wp\/v2\/types\/post"}],"author":[{"embeddable":true,"href":"https:\/\/www.cercledecultura.org\/ca\/wp-json\/wp\/v2\/users\/2"}],"replies":[{"embeddable":true,"href":"https:\/\/www.cercledecultura.org\/ca\/wp-json\/wp\/v2\/comments?post=3289"}],"version-history":[{"count":4,"href":"https:\/\/www.cercledecultura.org\/ca\/wp-json\/wp\/v2\/posts\/3289\/revisions"}],"predecessor-version":[{"id":3310,"href":"https:\/\/www.cercledecultura.org\/ca\/wp-json\/wp\/v2\/posts\/3289\/revisions\/3310"}],"wp:featuredmedia":[{"embeddable":true,"href":"https:\/\/www.cercledecultura.org\/ca\/wp-json\/wp\/v2\/media\/3293"}],"wp:attachment":[{"href":"https:\/\/www.cercledecultura.org\/ca\/wp-json\/wp\/v2\/media?parent=3289"}],"wp:term":[{"taxonomy":"category","embeddable":true,"href":"https:\/\/www.cercledecultura.org\/ca\/wp-json\/wp\/v2\/categories?post=3289"},{"taxonomy":"post_tag","embeddable":true,"href":"https:\/\/www.cercledecultura.org\/ca\/wp-json\/wp\/v2\/tags?post=3289"}],"curies":[{"name":"wp","href":"https:\/\/api.w.org\/{rel}","templated":true}]}}