{"id":3140,"date":"2025-02-17T13:37:03","date_gmt":"2025-02-17T11:37:03","guid":{"rendered":"https:\/\/www.cercledecultura.org\/?p=3140"},"modified":"2025-03-27T12:27:29","modified_gmt":"2025-03-27T10:27:29","slug":"els-reptes-de-lassociacionisme-cultural-el-segle-xxi","status":"publish","type":"post","link":"https:\/\/www.cercledecultura.org\/ca\/els-reptes-de-lassociacionisme-cultural-el-segle-xxi\/","title":{"rendered":"Els reptes de l&#8217;associacionisme cultural al segle XXI"},"content":{"rendered":"<p>El dijous 13 de mar\u00e7, des del Cercle de Cultura i Amics de les Arts i Joventuts Musicals de Terrassa us convidem a la taula rodona <b><i>&#8220;<\/i><\/b><i>Els reptes de l&#8217;associacionisme cultural al segle XXI&#8221;<\/i>,\u00a0on debatrem sobre les principals prioritats culturals de l&#8217;associacionisme catal\u00e0, considerant els canvis i transformacions socials del segle XXI. Alguns dels reptes que ressonaran s\u00f3n el relleu generacional, l&#8217;adaptaci\u00f3 als nous models de socialitzaci\u00f3, i la navegaci\u00f3 entre la precarietat i la maquin\u00e0ria burocr\u00e0tica.<\/p>\n<p>&nbsp;<\/p>\n<p>Despr\u00e9s de la benvinguda de\u00a0<b>Maria Miralda<\/b>, presidenta d&#8217;Amics de les Arts i Joventuts Musicals,\u00a0<b>Jordi Pardo<\/b>,\u00a0president del Cercle de Cultura, far\u00e0 una breu presentaci\u00f3 del valor estrat\u00e8gic de la cultura a la nostra societat contempor\u00e0nia. A part de ser un factor de desenvolupament econ\u00f2mic sostenible i qualitat de vida, la cultura \u00e9s fonamental per a la cohesi\u00f3 social. La implicaci\u00f3 de les noves generacions en el m\u00f3n associatiu \u00e9s un tema de gran prioritat.<\/p>\n<p>&nbsp;<\/p>\n<p>En el debat participaran\u00a0<b>Marta Buch<\/b>, directora executiva dels Llu\u00efsos de Gr\u00e0cia,\u00a0<b>Adela Farr\u00e9<\/b>, expresidenta dels AAiJM,\u00a0<b>Manu Fuster<\/b>, t\u00e8cnic municipal de cultura de l&#8217;Ajuntament de Terrassa, i\u00a0<b>\u00c0ngels Torras<\/b>, membre de la junta directiva del Cercle de Cultura. Modera la taula\u00a0<b>Marcel Tal\u00f3<\/b>, president del Centre d&#8217;Estudis Hist\u00f2rics de Terrassa.<\/p>\n<p>&nbsp;<\/p>\n<p>L\u2019acte tindr\u00e0 lloc el<b>\u00a0dijous 13 de mar\u00e7 a les 19:00 h al teatre d&#8217;Amics de les Arts i Joventuts Musicals (carrer del Teatre, 2 Terrassa)<\/b>.<\/p>\n<p>&nbsp;<\/p>\n<p>Aforament limitat, cal reservar seient. La reserva es mantindr\u00e0 fins 10 minuts abans de l&#8217;inici de l&#8217;acte.<\/p>\n<p>&nbsp;<\/p>\n<p>Podeu recuperar l&#8217;enregistrament sencer de l&#8217;acte <a href=\"https:\/\/www.youtube.com\/watch?v=oSCPQqJIRcs\">aqu\u00ed<\/a>.<\/p>\n","protected":false},"excerpt":{"rendered":"<p>El dijous 13 de mar\u00e7, des del Cercle de Cultura i Amics de les Arts i Joventuts Musicals de Terrassa us convidem a la taula rodona &#8220;Els reptes de l&#8217;associacionisme cultural al segle XXI&#8221;,\u00a0on debatrem sobre les principals prioritats culturals de l&#8217;associacionisme catal\u00e0, considerant els canvis i transformacions socials del segle XXI. Alguns dels reptes [&hellip;]<\/p>\n","protected":false},"author":2,"featured_media":3141,"comment_status":"closed","ping_status":"closed","sticky":false,"template":"","format":"standard","meta":{"footnotes":""},"categories":[3,26],"tags":[],"class_list":["post-3140","post","type-post","status-publish","format-standard","has-post-thumbnail","hentry","category-activitats","category-noticies"],"yoast_head":"<!-- This site is optimized with the Yoast SEO plugin v27.4 - https:\/\/yoast.com\/product\/yoast-seo-wordpress\/ -->\n<title>Els reptes de l&#039;associacionisme cultural al segle XXI - Cercle de Cultura<\/title>\n<meta name=\"description\" content=\"Des del\u00a0Cercle de Cultura i Amics de les Arts i Joventuts Musicals\u00a0us convidem a la taula rodona\u00a0&quot;Els reptes de l&#039;associacionisme cultural el segle XXI&quot;,\" \/>\n<meta name=\"robots\" content=\"index, follow, max-snippet:-1, max-image-preview:large, max-video-preview:-1\" \/>\n<link rel=\"canonical\" href=\"https:\/\/www.cercledecultura.org\/ca\/els-reptes-de-lassociacionisme-cultural-el-segle-xxi\/\" \/>\n<meta property=\"og:locale\" content=\"ca_ES\" \/>\n<meta property=\"og:type\" content=\"article\" \/>\n<meta property=\"og:title\" content=\"Els reptes de l&#039;associacionisme cultural al segle XXI - Cercle de Cultura\" \/>\n<meta property=\"og:description\" content=\"Des del\u00a0Cercle de Cultura i Amics de les Arts i Joventuts Musicals\u00a0us convidem a la taula rodona\u00a0&quot;Els reptes de l&#039;associacionisme cultural el segle XXI&quot;,\" \/>\n<meta property=\"og:url\" content=\"https:\/\/www.cercledecultura.org\/ca\/els-reptes-de-lassociacionisme-cultural-el-segle-xxi\/\" \/>\n<meta property=\"og:site_name\" content=\"Cercle de Cultura\" \/>\n<meta property=\"article:published_time\" content=\"2025-02-17T11:37:03+00:00\" \/>\n<meta property=\"article:modified_time\" content=\"2025-03-27T10:27:29+00:00\" \/>\n<meta property=\"og:image\" content=\"https:\/\/www.cercledecultura.org\/wp-content\/uploads\/2025\/02\/1B-1-e1739792118560.png\" \/>\n\t<meta property=\"og:image:width\" content=\"1413\" \/>\n\t<meta property=\"og:image:height\" content=\"1213\" \/>\n\t<meta property=\"og:image:type\" content=\"image\/png\" \/>\n<meta name=\"author\" content=\"Comunicaci\u00f3 Cercle de Cultura\" \/>\n<meta name=\"twitter:card\" content=\"summary_large_image\" \/>\n<meta name=\"twitter:label1\" content=\"Escrit per\" \/>\n\t<meta name=\"twitter:data1\" content=\"Comunicaci\u00f3 Cercle de Cultura\" \/>\n\t<meta name=\"twitter:label2\" content=\"Temps estimat de lectura\" \/>\n\t<meta name=\"twitter:data2\" content=\"2 minuts\" \/>\n<script type=\"application\/ld+json\" class=\"yoast-schema-graph\">{\"@context\":\"https:\\\/\\\/schema.org\",\"@graph\":[{\"@type\":\"Article\",\"@id\":\"https:\\\/\\\/www.cercledecultura.org\\\/ca\\\/els-reptes-de-lassociacionisme-cultural-el-segle-xxi\\\/#article\",\"isPartOf\":{\"@id\":\"https:\\\/\\\/www.cercledecultura.org\\\/ca\\\/els-reptes-de-lassociacionisme-cultural-el-segle-xxi\\\/\"},\"author\":{\"name\":\"Comunicaci\u00f3 Cercle de Cultura\",\"@id\":\"https:\\\/\\\/www.cercledecultura.org\\\/ca\\\/#\\\/schema\\\/person\\\/931e40c1179ecf352012690d06c032f4\"},\"headline\":\"Els reptes de l&#8217;associacionisme cultural al segle XXI\",\"datePublished\":\"2025-02-17T11:37:03+00:00\",\"dateModified\":\"2025-03-27T10:27:29+00:00\",\"mainEntityOfPage\":{\"@id\":\"https:\\\/\\\/www.cercledecultura.org\\\/ca\\\/els-reptes-de-lassociacionisme-cultural-el-segle-xxi\\\/\"},\"wordCount\":288,\"publisher\":{\"@id\":\"https:\\\/\\\/www.cercledecultura.org\\\/ca\\\/#organization\"},\"image\":{\"@id\":\"https:\\\/\\\/www.cercledecultura.org\\\/ca\\\/els-reptes-de-lassociacionisme-cultural-el-segle-xxi\\\/#primaryimage\"},\"thumbnailUrl\":\"https:\\\/\\\/www.cercledecultura.org\\\/wp-content\\\/uploads\\\/2025\\\/02\\\/1B-1-e1739792118560.png\",\"articleSection\":[\"Activitats\",\"Not\u00edcies\"],\"inLanguage\":\"ca\"},{\"@type\":\"WebPage\",\"@id\":\"https:\\\/\\\/www.cercledecultura.org\\\/ca\\\/els-reptes-de-lassociacionisme-cultural-el-segle-xxi\\\/\",\"url\":\"https:\\\/\\\/www.cercledecultura.org\\\/ca\\\/els-reptes-de-lassociacionisme-cultural-el-segle-xxi\\\/\",\"name\":\"Els reptes de l'associacionisme cultural al segle XXI - Cercle de Cultura\",\"isPartOf\":{\"@id\":\"https:\\\/\\\/www.cercledecultura.org\\\/ca\\\/#website\"},\"primaryImageOfPage\":{\"@id\":\"https:\\\/\\\/www.cercledecultura.org\\\/ca\\\/els-reptes-de-lassociacionisme-cultural-el-segle-xxi\\\/#primaryimage\"},\"image\":{\"@id\":\"https:\\\/\\\/www.cercledecultura.org\\\/ca\\\/els-reptes-de-lassociacionisme-cultural-el-segle-xxi\\\/#primaryimage\"},\"thumbnailUrl\":\"https:\\\/\\\/www.cercledecultura.org\\\/wp-content\\\/uploads\\\/2025\\\/02\\\/1B-1-e1739792118560.png\",\"datePublished\":\"2025-02-17T11:37:03+00:00\",\"dateModified\":\"2025-03-27T10:27:29+00:00\",\"description\":\"Des del\u00a0Cercle de Cultura i Amics de les Arts i Joventuts Musicals\u00a0us convidem a la taula rodona\u00a0\\\"Els reptes de l'associacionisme cultural el segle XXI\\\",\",\"breadcrumb\":{\"@id\":\"https:\\\/\\\/www.cercledecultura.org\\\/ca\\\/els-reptes-de-lassociacionisme-cultural-el-segle-xxi\\\/#breadcrumb\"},\"inLanguage\":\"ca\",\"potentialAction\":[{\"@type\":\"ReadAction\",\"target\":[\"https:\\\/\\\/www.cercledecultura.org\\\/ca\\\/els-reptes-de-lassociacionisme-cultural-el-segle-xxi\\\/\"]}]},{\"@type\":\"ImageObject\",\"inLanguage\":\"ca\",\"@id\":\"https:\\\/\\\/www.cercledecultura.org\\\/ca\\\/els-reptes-de-lassociacionisme-cultural-el-segle-xxi\\\/#primaryimage\",\"url\":\"https:\\\/\\\/www.cercledecultura.org\\\/wp-content\\\/uploads\\\/2025\\\/02\\\/1B-1-e1739792118560.png\",\"contentUrl\":\"https:\\\/\\\/www.cercledecultura.org\\\/wp-content\\\/uploads\\\/2025\\\/02\\\/1B-1-e1739792118560.png\",\"width\":1413,\"height\":1213},{\"@type\":\"BreadcrumbList\",\"@id\":\"https:\\\/\\\/www.cercledecultura.org\\\/ca\\\/els-reptes-de-lassociacionisme-cultural-el-segle-xxi\\\/#breadcrumb\",\"itemListElement\":[{\"@type\":\"ListItem\",\"position\":1,\"name\":\"Portada\",\"item\":\"https:\\\/\\\/www.cercledecultura.org\\\/ca\\\/\"},{\"@type\":\"ListItem\",\"position\":2,\"name\":\"Els reptes de l&#8217;associacionisme cultural al segle XXI\"}]},{\"@type\":\"WebSite\",\"@id\":\"https:\\\/\\\/www.cercledecultura.org\\\/ca\\\/#website\",\"url\":\"https:\\\/\\\/www.cercledecultura.org\\\/ca\\\/\",\"name\":\"Cercle de Cultura\",\"description\":\"Entitat de car\u00e0cter privat i associatiu, independent, amb voluntat de participar en la vida p\u00fablica des de la pluralitat ideol\u00f2gica dels seus membres fundadors i futurs associats\",\"publisher\":{\"@id\":\"https:\\\/\\\/www.cercledecultura.org\\\/ca\\\/#organization\"},\"potentialAction\":[{\"@type\":\"SearchAction\",\"target\":{\"@type\":\"EntryPoint\",\"urlTemplate\":\"https:\\\/\\\/www.cercledecultura.org\\\/ca\\\/?s={search_term_string}\"},\"query-input\":{\"@type\":\"PropertyValueSpecification\",\"valueRequired\":true,\"valueName\":\"search_term_string\"}}],\"inLanguage\":\"ca\"},{\"@type\":\"Organization\",\"@id\":\"https:\\\/\\\/www.cercledecultura.org\\\/ca\\\/#organization\",\"name\":\"Cercle de Cultura\",\"url\":\"https:\\\/\\\/www.cercledecultura.org\\\/ca\\\/\",\"logo\":{\"@type\":\"ImageObject\",\"inLanguage\":\"ca\",\"@id\":\"https:\\\/\\\/www.cercledecultura.org\\\/ca\\\/#\\\/schema\\\/logo\\\/image\\\/\",\"url\":\"https:\\\/\\\/www.cercledecultura.org\\\/wp-content\\\/uploads\\\/2020\\\/01\\\/logo-cercle-de-cultura.png\",\"contentUrl\":\"https:\\\/\\\/www.cercledecultura.org\\\/wp-content\\\/uploads\\\/2020\\\/01\\\/logo-cercle-de-cultura.png\",\"width\":350,\"height\":195,\"caption\":\"Cercle de Cultura\"},\"image\":{\"@id\":\"https:\\\/\\\/www.cercledecultura.org\\\/ca\\\/#\\\/schema\\\/logo\\\/image\\\/\"}},{\"@type\":\"Person\",\"@id\":\"https:\\\/\\\/www.cercledecultura.org\\\/ca\\\/#\\\/schema\\\/person\\\/931e40c1179ecf352012690d06c032f4\",\"name\":\"Comunicaci\u00f3 Cercle de Cultura\",\"image\":{\"@type\":\"ImageObject\",\"inLanguage\":\"ca\",\"@id\":\"https:\\\/\\\/secure.gravatar.com\\\/avatar\\\/46c76410f5e9186d043ead05387a12bf4af192b9a85fac81aaa84c02b822a715?s=96&d=mm&r=g\",\"url\":\"https:\\\/\\\/secure.gravatar.com\\\/avatar\\\/46c76410f5e9186d043ead05387a12bf4af192b9a85fac81aaa84c02b822a715?s=96&d=mm&r=g\",\"contentUrl\":\"https:\\\/\\\/secure.gravatar.com\\\/avatar\\\/46c76410f5e9186d043ead05387a12bf4af192b9a85fac81aaa84c02b822a715?s=96&d=mm&r=g\",\"caption\":\"Comunicaci\u00f3 Cercle de Cultura\"},\"sameAs\":[\"https:\\\/\\\/www.cercledecultura.org\"],\"url\":\"https:\\\/\\\/www.cercledecultura.org\\\/ca\\\/author\\\/secretaria\\\/\"}]}<\/script>\n<!-- \/ Yoast SEO plugin. -->","yoast_head_json":{"title":"Els reptes de l'associacionisme cultural al segle XXI - Cercle de Cultura","description":"Des del\u00a0Cercle de Cultura i Amics de les Arts i Joventuts Musicals\u00a0us convidem a la taula rodona\u00a0\"Els reptes de l'associacionisme cultural el segle XXI\",","robots":{"index":"index","follow":"follow","max-snippet":"max-snippet:-1","max-image-preview":"max-image-preview:large","max-video-preview":"max-video-preview:-1"},"canonical":"https:\/\/www.cercledecultura.org\/ca\/els-reptes-de-lassociacionisme-cultural-el-segle-xxi\/","og_locale":"ca_ES","og_type":"article","og_title":"Els reptes de l'associacionisme cultural al segle XXI - Cercle de Cultura","og_description":"Des del\u00a0Cercle de Cultura i Amics de les Arts i Joventuts Musicals\u00a0us convidem a la taula rodona\u00a0\"Els reptes de l'associacionisme cultural el segle XXI\",","og_url":"https:\/\/www.cercledecultura.org\/ca\/els-reptes-de-lassociacionisme-cultural-el-segle-xxi\/","og_site_name":"Cercle de Cultura","article_published_time":"2025-02-17T11:37:03+00:00","article_modified_time":"2025-03-27T10:27:29+00:00","og_image":[{"width":1413,"height":1213,"url":"https:\/\/www.cercledecultura.org\/wp-content\/uploads\/2025\/02\/1B-1-e1739792118560.png","type":"image\/png"}],"author":"Comunicaci\u00f3 Cercle de Cultura","twitter_card":"summary_large_image","twitter_misc":{"Escrit per":"Comunicaci\u00f3 Cercle de Cultura","Temps estimat de lectura":"2 minuts"},"schema":{"@context":"https:\/\/schema.org","@graph":[{"@type":"Article","@id":"https:\/\/www.cercledecultura.org\/ca\/els-reptes-de-lassociacionisme-cultural-el-segle-xxi\/#article","isPartOf":{"@id":"https:\/\/www.cercledecultura.org\/ca\/els-reptes-de-lassociacionisme-cultural-el-segle-xxi\/"},"author":{"name":"Comunicaci\u00f3 Cercle de Cultura","@id":"https:\/\/www.cercledecultura.org\/ca\/#\/schema\/person\/931e40c1179ecf352012690d06c032f4"},"headline":"Els reptes de l&#8217;associacionisme cultural al segle XXI","datePublished":"2025-02-17T11:37:03+00:00","dateModified":"2025-03-27T10:27:29+00:00","mainEntityOfPage":{"@id":"https:\/\/www.cercledecultura.org\/ca\/els-reptes-de-lassociacionisme-cultural-el-segle-xxi\/"},"wordCount":288,"publisher":{"@id":"https:\/\/www.cercledecultura.org\/ca\/#organization"},"image":{"@id":"https:\/\/www.cercledecultura.org\/ca\/els-reptes-de-lassociacionisme-cultural-el-segle-xxi\/#primaryimage"},"thumbnailUrl":"https:\/\/www.cercledecultura.org\/wp-content\/uploads\/2025\/02\/1B-1-e1739792118560.png","articleSection":["Activitats","Not\u00edcies"],"inLanguage":"ca"},{"@type":"WebPage","@id":"https:\/\/www.cercledecultura.org\/ca\/els-reptes-de-lassociacionisme-cultural-el-segle-xxi\/","url":"https:\/\/www.cercledecultura.org\/ca\/els-reptes-de-lassociacionisme-cultural-el-segle-xxi\/","name":"Els reptes de l'associacionisme cultural al segle XXI - Cercle de Cultura","isPartOf":{"@id":"https:\/\/www.cercledecultura.org\/ca\/#website"},"primaryImageOfPage":{"@id":"https:\/\/www.cercledecultura.org\/ca\/els-reptes-de-lassociacionisme-cultural-el-segle-xxi\/#primaryimage"},"image":{"@id":"https:\/\/www.cercledecultura.org\/ca\/els-reptes-de-lassociacionisme-cultural-el-segle-xxi\/#primaryimage"},"thumbnailUrl":"https:\/\/www.cercledecultura.org\/wp-content\/uploads\/2025\/02\/1B-1-e1739792118560.png","datePublished":"2025-02-17T11:37:03+00:00","dateModified":"2025-03-27T10:27:29+00:00","description":"Des del\u00a0Cercle de Cultura i Amics de les Arts i Joventuts Musicals\u00a0us convidem a la taula rodona\u00a0\"Els reptes de l'associacionisme cultural el segle XXI\",","breadcrumb":{"@id":"https:\/\/www.cercledecultura.org\/ca\/els-reptes-de-lassociacionisme-cultural-el-segle-xxi\/#breadcrumb"},"inLanguage":"ca","potentialAction":[{"@type":"ReadAction","target":["https:\/\/www.cercledecultura.org\/ca\/els-reptes-de-lassociacionisme-cultural-el-segle-xxi\/"]}]},{"@type":"ImageObject","inLanguage":"ca","@id":"https:\/\/www.cercledecultura.org\/ca\/els-reptes-de-lassociacionisme-cultural-el-segle-xxi\/#primaryimage","url":"https:\/\/www.cercledecultura.org\/wp-content\/uploads\/2025\/02\/1B-1-e1739792118560.png","contentUrl":"https:\/\/www.cercledecultura.org\/wp-content\/uploads\/2025\/02\/1B-1-e1739792118560.png","width":1413,"height":1213},{"@type":"BreadcrumbList","@id":"https:\/\/www.cercledecultura.org\/ca\/els-reptes-de-lassociacionisme-cultural-el-segle-xxi\/#breadcrumb","itemListElement":[{"@type":"ListItem","position":1,"name":"Portada","item":"https:\/\/www.cercledecultura.org\/ca\/"},{"@type":"ListItem","position":2,"name":"Els reptes de l&#8217;associacionisme cultural al segle XXI"}]},{"@type":"WebSite","@id":"https:\/\/www.cercledecultura.org\/ca\/#website","url":"https:\/\/www.cercledecultura.org\/ca\/","name":"Cercle de Cultura","description":"Entitat de car\u00e0cter privat i associatiu, independent, amb voluntat de participar en la vida p\u00fablica des de la pluralitat ideol\u00f2gica dels seus membres fundadors i futurs associats","publisher":{"@id":"https:\/\/www.cercledecultura.org\/ca\/#organization"},"potentialAction":[{"@type":"SearchAction","target":{"@type":"EntryPoint","urlTemplate":"https:\/\/www.cercledecultura.org\/ca\/?s={search_term_string}"},"query-input":{"@type":"PropertyValueSpecification","valueRequired":true,"valueName":"search_term_string"}}],"inLanguage":"ca"},{"@type":"Organization","@id":"https:\/\/www.cercledecultura.org\/ca\/#organization","name":"Cercle de Cultura","url":"https:\/\/www.cercledecultura.org\/ca\/","logo":{"@type":"ImageObject","inLanguage":"ca","@id":"https:\/\/www.cercledecultura.org\/ca\/#\/schema\/logo\/image\/","url":"https:\/\/www.cercledecultura.org\/wp-content\/uploads\/2020\/01\/logo-cercle-de-cultura.png","contentUrl":"https:\/\/www.cercledecultura.org\/wp-content\/uploads\/2020\/01\/logo-cercle-de-cultura.png","width":350,"height":195,"caption":"Cercle de Cultura"},"image":{"@id":"https:\/\/www.cercledecultura.org\/ca\/#\/schema\/logo\/image\/"}},{"@type":"Person","@id":"https:\/\/www.cercledecultura.org\/ca\/#\/schema\/person\/931e40c1179ecf352012690d06c032f4","name":"Comunicaci\u00f3 Cercle de Cultura","image":{"@type":"ImageObject","inLanguage":"ca","@id":"https:\/\/secure.gravatar.com\/avatar\/46c76410f5e9186d043ead05387a12bf4af192b9a85fac81aaa84c02b822a715?s=96&d=mm&r=g","url":"https:\/\/secure.gravatar.com\/avatar\/46c76410f5e9186d043ead05387a12bf4af192b9a85fac81aaa84c02b822a715?s=96&d=mm&r=g","contentUrl":"https:\/\/secure.gravatar.com\/avatar\/46c76410f5e9186d043ead05387a12bf4af192b9a85fac81aaa84c02b822a715?s=96&d=mm&r=g","caption":"Comunicaci\u00f3 Cercle de Cultura"},"sameAs":["https:\/\/www.cercledecultura.org"],"url":"https:\/\/www.cercledecultura.org\/ca\/author\/secretaria\/"}]}},"_links":{"self":[{"href":"https:\/\/www.cercledecultura.org\/ca\/wp-json\/wp\/v2\/posts\/3140","targetHints":{"allow":["GET"]}}],"collection":[{"href":"https:\/\/www.cercledecultura.org\/ca\/wp-json\/wp\/v2\/posts"}],"about":[{"href":"https:\/\/www.cercledecultura.org\/ca\/wp-json\/wp\/v2\/types\/post"}],"author":[{"embeddable":true,"href":"https:\/\/www.cercledecultura.org\/ca\/wp-json\/wp\/v2\/users\/2"}],"replies":[{"embeddable":true,"href":"https:\/\/www.cercledecultura.org\/ca\/wp-json\/wp\/v2\/comments?post=3140"}],"version-history":[{"count":4,"href":"https:\/\/www.cercledecultura.org\/ca\/wp-json\/wp\/v2\/posts\/3140\/revisions"}],"predecessor-version":[{"id":3171,"href":"https:\/\/www.cercledecultura.org\/ca\/wp-json\/wp\/v2\/posts\/3140\/revisions\/3171"}],"wp:featuredmedia":[{"embeddable":true,"href":"https:\/\/www.cercledecultura.org\/ca\/wp-json\/wp\/v2\/media\/3141"}],"wp:attachment":[{"href":"https:\/\/www.cercledecultura.org\/ca\/wp-json\/wp\/v2\/media?parent=3140"}],"wp:term":[{"taxonomy":"category","embeddable":true,"href":"https:\/\/www.cercledecultura.org\/ca\/wp-json\/wp\/v2\/categories?post=3140"},{"taxonomy":"post_tag","embeddable":true,"href":"https:\/\/www.cercledecultura.org\/ca\/wp-json\/wp\/v2\/tags?post=3140"}],"curies":[{"name":"wp","href":"https:\/\/api.w.org\/{rel}","templated":true}]}}