{"id":3129,"date":"2025-01-21T13:39:06","date_gmt":"2025-01-21T11:39:06","guid":{"rendered":"https:\/\/www.cercledecultura.org\/?p=3129"},"modified":"2025-02-18T16:13:40","modified_gmt":"2025-02-18T14:13:40","slug":"educacio-i-cultura-dialegs-que-transformen","status":"publish","type":"post","link":"https:\/\/www.cercledecultura.org\/ca\/educacio-i-cultura-dialegs-que-transformen\/","title":{"rendered":"Educaci\u00f3 i Cultura: di\u00e0legs que transformen"},"content":{"rendered":"<p><span data-contrast=\"none\">El pr\u00f2xim dijous, 13 de febrer, des del Cercle de Cultura us convidem a l\u2019acte <\/span><b><i><span data-contrast=\"none\">\u201cEducaci\u00f3 i cultura: di\u00e0legs que transformen\u201d<\/span><\/i><\/b><span data-contrast=\"none\">, un di\u00e0leg entre <\/span><b><span data-contrast=\"none\">Eul\u00e0lia Bosch<\/span><\/b><span data-contrast=\"none\">, professora de filosofia, curadora d\u2019exposicions i creadora de projectes que connecten la cultura i la vida quotidiana, i <\/span><b><span data-contrast=\"none\">Joan Manuel del Pozo<\/span><\/b><span data-contrast=\"none\">, professor de filosofia, expert en educaci\u00f3 i exconseller d\u2019Educaci\u00f3 i Universitats, condu\u00eft per <\/span><b><span data-contrast=\"none\">Imma Bu\u00f1uel<\/span><\/b><span data-contrast=\"none\">, directora de l\u2019equip de Llengua, interculturalitat i cohesi\u00f3 social al <\/span><span data-contrast=\"auto\">Servei Territorial al Maresme i Vall\u00e8s Oriental<\/span><span data-contrast=\"none\"> del Departament d\u2019Educaci\u00f3 i Formaci\u00f3 Professional i membre de la Junta Directiva del Cercle de Cultura.\u00a0<\/span><span data-ccp-props=\"{&quot;134233117&quot;:false,&quot;134233118&quot;:false,&quot;201341983&quot;:0,&quot;335559738&quot;:0,&quot;335559739&quot;:160,&quot;335559740&quot;:257}\">\u00a0<\/span><\/p>\n<p>&nbsp;<\/p>\n<p><span data-contrast=\"none\">En aquest di\u00e0leg inspirador reflexionarem sobre les profundes connexions entre l\u2019educaci\u00f3 i cultura: com poden nodrir-se m\u00fatuament?, quins impactes generen quan treballen en sinergia?, quins reptes cal superar per maximitzar el seu potencial transformador? Despr\u00e9s del di\u00e0leg entre els dos experts convidats, les persones assistents podran intervenir i aportar pr\u00e0ctiques i accions concretes que puguin activar un proc\u00e9s de canvi i millora.\u00a0<\/span><\/p>\n<p>&nbsp;<\/p>\n<p><span data-contrast=\"none\">L\u2019acte tindr\u00e0 lloc el <strong>dijous 13 de febrer a les 18:00 h a l\u2019auditori del Cercle d\u2019Economia (Carrer de Proven\u00e7a, 298)<\/strong>. Acte obert a socis del Cercle de Cultura i a persones o professionals que treballen en els \u00e0mbits de l\u2019educaci\u00f3 i la cultura.\u00a0<\/span><span data-ccp-props=\"{&quot;134233117&quot;:false,&quot;134233118&quot;:false,&quot;201341983&quot;:0,&quot;335559738&quot;:0,&quot;335559739&quot;:160,&quot;335559740&quot;:257}\">\u00a0<\/span><\/p>\n<p>&nbsp;<\/p>\n<p><span data-contrast=\"none\">\u00a0Podeu recuperar l&#8217;enregistrament de la sessi\u00f3 <a href=\"https:\/\/youtu.be\/KaQYTWYIL94\">aqu\u00ed<\/a><\/span><span data-contrast=\"none\">.<\/span><span data-ccp-props=\"{&quot;134233117&quot;:false,&quot;134233118&quot;:false,&quot;201341983&quot;:0,&quot;335559738&quot;:0,&quot;335559739&quot;:160,&quot;335559740&quot;:257}\">\u00a0<\/span><\/p>\n<p><span data-ccp-props=\"{}\">\u00a0<\/span><\/p>\n","protected":false},"excerpt":{"rendered":"<p>El pr\u00f2xim dijous, 13 de febrer, des del Cercle de Cultura us convidem a l\u2019acte \u201cEducaci\u00f3 i cultura: di\u00e0legs que transformen\u201d, un di\u00e0leg entre Eul\u00e0lia Bosch, professora de filosofia, curadora d\u2019exposicions i creadora de projectes que connecten la cultura i la vida quotidiana, i Joan Manuel del Pozo, professor de filosofia, expert en educaci\u00f3 i [&hellip;]<\/p>\n","protected":false},"author":2,"featured_media":3130,"comment_status":"closed","ping_status":"closed","sticky":false,"template":"","format":"standard","meta":{"footnotes":""},"categories":[3,26],"tags":[],"class_list":["post-3129","post","type-post","status-publish","format-standard","has-post-thumbnail","hentry","category-activitats","category-noticies"],"yoast_head":"<!-- This site is optimized with the Yoast SEO plugin v27.4 - https:\/\/yoast.com\/product\/yoast-seo-wordpress\/ -->\n<title>Educaci\u00f3 i Cultura: di\u00e0legs que transformen - Cercle de Cultura<\/title>\n<meta name=\"description\" content=\"Des del Cercle de Cultura us convidem a l\u2019acte del 13 de febrer \u201cEducaci\u00f3 i cultura: di\u00e0legs que transformen\u201d, un di\u00e0leg entre Eul\u00e0lia Bosch i Joan Manuel del Pozo.\" \/>\n<meta name=\"robots\" content=\"index, follow, max-snippet:-1, max-image-preview:large, max-video-preview:-1\" \/>\n<link rel=\"canonical\" href=\"https:\/\/www.cercledecultura.org\/ca\/educacio-i-cultura-dialegs-que-transformen\/\" \/>\n<meta property=\"og:locale\" content=\"ca_ES\" \/>\n<meta property=\"og:type\" content=\"article\" \/>\n<meta property=\"og:title\" content=\"Educaci\u00f3 i Cultura: di\u00e0legs que transformen - Cercle de Cultura\" \/>\n<meta property=\"og:description\" content=\"Des del Cercle de Cultura us convidem a l\u2019acte del 13 de febrer \u201cEducaci\u00f3 i cultura: di\u00e0legs que transformen\u201d, un di\u00e0leg entre Eul\u00e0lia Bosch i Joan Manuel del Pozo.\" \/>\n<meta property=\"og:url\" content=\"https:\/\/www.cercledecultura.org\/ca\/educacio-i-cultura-dialegs-que-transformen\/\" \/>\n<meta property=\"og:site_name\" content=\"Cercle de Cultura\" \/>\n<meta property=\"article:published_time\" content=\"2025-01-21T11:39:06+00:00\" \/>\n<meta property=\"article:modified_time\" content=\"2025-02-18T14:13:40+00:00\" \/>\n<meta property=\"og:image\" content=\"https:\/\/www.cercledecultura.org\/wp-content\/uploads\/2025\/01\/Dialeg-Eulalia-Bosch-i-Joan-Manuel-del-Pozo.jpg\" \/>\n\t<meta property=\"og:image:width\" content=\"1748\" \/>\n\t<meta property=\"og:image:height\" content=\"1240\" \/>\n\t<meta property=\"og:image:type\" content=\"image\/jpeg\" \/>\n<meta name=\"author\" content=\"Comunicaci\u00f3 Cercle de Cultura\" \/>\n<meta name=\"twitter:card\" content=\"summary_large_image\" \/>\n<meta name=\"twitter:label1\" content=\"Escrit per\" \/>\n\t<meta name=\"twitter:data1\" content=\"Comunicaci\u00f3 Cercle de Cultura\" \/>\n\t<meta name=\"twitter:label2\" content=\"Temps estimat de lectura\" \/>\n\t<meta name=\"twitter:data2\" content=\"2 minuts\" \/>\n<script type=\"application\/ld+json\" class=\"yoast-schema-graph\">{\"@context\":\"https:\\\/\\\/schema.org\",\"@graph\":[{\"@type\":\"Article\",\"@id\":\"https:\\\/\\\/www.cercledecultura.org\\\/ca\\\/educacio-i-cultura-dialegs-que-transformen\\\/#article\",\"isPartOf\":{\"@id\":\"https:\\\/\\\/www.cercledecultura.org\\\/ca\\\/educacio-i-cultura-dialegs-que-transformen\\\/\"},\"author\":{\"name\":\"Comunicaci\u00f3 Cercle de Cultura\",\"@id\":\"https:\\\/\\\/www.cercledecultura.org\\\/ca\\\/#\\\/schema\\\/person\\\/931e40c1179ecf352012690d06c032f4\"},\"headline\":\"Educaci\u00f3 i Cultura: di\u00e0legs que transformen\",\"datePublished\":\"2025-01-21T11:39:06+00:00\",\"dateModified\":\"2025-02-18T14:13:40+00:00\",\"mainEntityOfPage\":{\"@id\":\"https:\\\/\\\/www.cercledecultura.org\\\/ca\\\/educacio-i-cultura-dialegs-que-transformen\\\/\"},\"wordCount\":240,\"publisher\":{\"@id\":\"https:\\\/\\\/www.cercledecultura.org\\\/ca\\\/#organization\"},\"image\":{\"@id\":\"https:\\\/\\\/www.cercledecultura.org\\\/ca\\\/educacio-i-cultura-dialegs-que-transformen\\\/#primaryimage\"},\"thumbnailUrl\":\"https:\\\/\\\/www.cercledecultura.org\\\/wp-content\\\/uploads\\\/2025\\\/01\\\/Dialeg-Eulalia-Bosch-i-Joan-Manuel-del-Pozo.jpg\",\"articleSection\":[\"Activitats\",\"Not\u00edcies\"],\"inLanguage\":\"ca\"},{\"@type\":\"WebPage\",\"@id\":\"https:\\\/\\\/www.cercledecultura.org\\\/ca\\\/educacio-i-cultura-dialegs-que-transformen\\\/\",\"url\":\"https:\\\/\\\/www.cercledecultura.org\\\/ca\\\/educacio-i-cultura-dialegs-que-transformen\\\/\",\"name\":\"Educaci\u00f3 i Cultura: di\u00e0legs que transformen - Cercle de Cultura\",\"isPartOf\":{\"@id\":\"https:\\\/\\\/www.cercledecultura.org\\\/ca\\\/#website\"},\"primaryImageOfPage\":{\"@id\":\"https:\\\/\\\/www.cercledecultura.org\\\/ca\\\/educacio-i-cultura-dialegs-que-transformen\\\/#primaryimage\"},\"image\":{\"@id\":\"https:\\\/\\\/www.cercledecultura.org\\\/ca\\\/educacio-i-cultura-dialegs-que-transformen\\\/#primaryimage\"},\"thumbnailUrl\":\"https:\\\/\\\/www.cercledecultura.org\\\/wp-content\\\/uploads\\\/2025\\\/01\\\/Dialeg-Eulalia-Bosch-i-Joan-Manuel-del-Pozo.jpg\",\"datePublished\":\"2025-01-21T11:39:06+00:00\",\"dateModified\":\"2025-02-18T14:13:40+00:00\",\"description\":\"Des del Cercle de Cultura us convidem a l\u2019acte del 13 de febrer \u201cEducaci\u00f3 i cultura: di\u00e0legs que transformen\u201d, un di\u00e0leg entre Eul\u00e0lia Bosch i Joan Manuel del Pozo.\",\"breadcrumb\":{\"@id\":\"https:\\\/\\\/www.cercledecultura.org\\\/ca\\\/educacio-i-cultura-dialegs-que-transformen\\\/#breadcrumb\"},\"inLanguage\":\"ca\",\"potentialAction\":[{\"@type\":\"ReadAction\",\"target\":[\"https:\\\/\\\/www.cercledecultura.org\\\/ca\\\/educacio-i-cultura-dialegs-que-transformen\\\/\"]}]},{\"@type\":\"ImageObject\",\"inLanguage\":\"ca\",\"@id\":\"https:\\\/\\\/www.cercledecultura.org\\\/ca\\\/educacio-i-cultura-dialegs-que-transformen\\\/#primaryimage\",\"url\":\"https:\\\/\\\/www.cercledecultura.org\\\/wp-content\\\/uploads\\\/2025\\\/01\\\/Dialeg-Eulalia-Bosch-i-Joan-Manuel-del-Pozo.jpg\",\"contentUrl\":\"https:\\\/\\\/www.cercledecultura.org\\\/wp-content\\\/uploads\\\/2025\\\/01\\\/Dialeg-Eulalia-Bosch-i-Joan-Manuel-del-Pozo.jpg\",\"width\":1748,\"height\":1240},{\"@type\":\"BreadcrumbList\",\"@id\":\"https:\\\/\\\/www.cercledecultura.org\\\/ca\\\/educacio-i-cultura-dialegs-que-transformen\\\/#breadcrumb\",\"itemListElement\":[{\"@type\":\"ListItem\",\"position\":1,\"name\":\"Portada\",\"item\":\"https:\\\/\\\/www.cercledecultura.org\\\/ca\\\/\"},{\"@type\":\"ListItem\",\"position\":2,\"name\":\"Educaci\u00f3 i Cultura: di\u00e0legs que transformen\"}]},{\"@type\":\"WebSite\",\"@id\":\"https:\\\/\\\/www.cercledecultura.org\\\/ca\\\/#website\",\"url\":\"https:\\\/\\\/www.cercledecultura.org\\\/ca\\\/\",\"name\":\"Cercle de Cultura\",\"description\":\"Entitat de car\u00e0cter privat i associatiu, independent, amb voluntat de participar en la vida p\u00fablica des de la pluralitat ideol\u00f2gica dels seus membres fundadors i futurs associats\",\"publisher\":{\"@id\":\"https:\\\/\\\/www.cercledecultura.org\\\/ca\\\/#organization\"},\"potentialAction\":[{\"@type\":\"SearchAction\",\"target\":{\"@type\":\"EntryPoint\",\"urlTemplate\":\"https:\\\/\\\/www.cercledecultura.org\\\/ca\\\/?s={search_term_string}\"},\"query-input\":{\"@type\":\"PropertyValueSpecification\",\"valueRequired\":true,\"valueName\":\"search_term_string\"}}],\"inLanguage\":\"ca\"},{\"@type\":\"Organization\",\"@id\":\"https:\\\/\\\/www.cercledecultura.org\\\/ca\\\/#organization\",\"name\":\"Cercle de Cultura\",\"url\":\"https:\\\/\\\/www.cercledecultura.org\\\/ca\\\/\",\"logo\":{\"@type\":\"ImageObject\",\"inLanguage\":\"ca\",\"@id\":\"https:\\\/\\\/www.cercledecultura.org\\\/ca\\\/#\\\/schema\\\/logo\\\/image\\\/\",\"url\":\"https:\\\/\\\/www.cercledecultura.org\\\/wp-content\\\/uploads\\\/2020\\\/01\\\/logo-cercle-de-cultura.png\",\"contentUrl\":\"https:\\\/\\\/www.cercledecultura.org\\\/wp-content\\\/uploads\\\/2020\\\/01\\\/logo-cercle-de-cultura.png\",\"width\":350,\"height\":195,\"caption\":\"Cercle de Cultura\"},\"image\":{\"@id\":\"https:\\\/\\\/www.cercledecultura.org\\\/ca\\\/#\\\/schema\\\/logo\\\/image\\\/\"}},{\"@type\":\"Person\",\"@id\":\"https:\\\/\\\/www.cercledecultura.org\\\/ca\\\/#\\\/schema\\\/person\\\/931e40c1179ecf352012690d06c032f4\",\"name\":\"Comunicaci\u00f3 Cercle de Cultura\",\"image\":{\"@type\":\"ImageObject\",\"inLanguage\":\"ca\",\"@id\":\"https:\\\/\\\/secure.gravatar.com\\\/avatar\\\/46c76410f5e9186d043ead05387a12bf4af192b9a85fac81aaa84c02b822a715?s=96&d=mm&r=g\",\"url\":\"https:\\\/\\\/secure.gravatar.com\\\/avatar\\\/46c76410f5e9186d043ead05387a12bf4af192b9a85fac81aaa84c02b822a715?s=96&d=mm&r=g\",\"contentUrl\":\"https:\\\/\\\/secure.gravatar.com\\\/avatar\\\/46c76410f5e9186d043ead05387a12bf4af192b9a85fac81aaa84c02b822a715?s=96&d=mm&r=g\",\"caption\":\"Comunicaci\u00f3 Cercle de Cultura\"},\"sameAs\":[\"https:\\\/\\\/www.cercledecultura.org\"],\"url\":\"https:\\\/\\\/www.cercledecultura.org\\\/ca\\\/author\\\/secretaria\\\/\"}]}<\/script>\n<!-- \/ Yoast SEO plugin. -->","yoast_head_json":{"title":"Educaci\u00f3 i Cultura: di\u00e0legs que transformen - Cercle de Cultura","description":"Des del Cercle de Cultura us convidem a l\u2019acte del 13 de febrer \u201cEducaci\u00f3 i cultura: di\u00e0legs que transformen\u201d, un di\u00e0leg entre Eul\u00e0lia Bosch i Joan Manuel del Pozo.","robots":{"index":"index","follow":"follow","max-snippet":"max-snippet:-1","max-image-preview":"max-image-preview:large","max-video-preview":"max-video-preview:-1"},"canonical":"https:\/\/www.cercledecultura.org\/ca\/educacio-i-cultura-dialegs-que-transformen\/","og_locale":"ca_ES","og_type":"article","og_title":"Educaci\u00f3 i Cultura: di\u00e0legs que transformen - Cercle de Cultura","og_description":"Des del Cercle de Cultura us convidem a l\u2019acte del 13 de febrer \u201cEducaci\u00f3 i cultura: di\u00e0legs que transformen\u201d, un di\u00e0leg entre Eul\u00e0lia Bosch i Joan Manuel del Pozo.","og_url":"https:\/\/www.cercledecultura.org\/ca\/educacio-i-cultura-dialegs-que-transformen\/","og_site_name":"Cercle de Cultura","article_published_time":"2025-01-21T11:39:06+00:00","article_modified_time":"2025-02-18T14:13:40+00:00","og_image":[{"width":1748,"height":1240,"url":"https:\/\/www.cercledecultura.org\/wp-content\/uploads\/2025\/01\/Dialeg-Eulalia-Bosch-i-Joan-Manuel-del-Pozo.jpg","type":"image\/jpeg"}],"author":"Comunicaci\u00f3 Cercle de Cultura","twitter_card":"summary_large_image","twitter_misc":{"Escrit per":"Comunicaci\u00f3 Cercle de Cultura","Temps estimat de lectura":"2 minuts"},"schema":{"@context":"https:\/\/schema.org","@graph":[{"@type":"Article","@id":"https:\/\/www.cercledecultura.org\/ca\/educacio-i-cultura-dialegs-que-transformen\/#article","isPartOf":{"@id":"https:\/\/www.cercledecultura.org\/ca\/educacio-i-cultura-dialegs-que-transformen\/"},"author":{"name":"Comunicaci\u00f3 Cercle de Cultura","@id":"https:\/\/www.cercledecultura.org\/ca\/#\/schema\/person\/931e40c1179ecf352012690d06c032f4"},"headline":"Educaci\u00f3 i Cultura: di\u00e0legs que transformen","datePublished":"2025-01-21T11:39:06+00:00","dateModified":"2025-02-18T14:13:40+00:00","mainEntityOfPage":{"@id":"https:\/\/www.cercledecultura.org\/ca\/educacio-i-cultura-dialegs-que-transformen\/"},"wordCount":240,"publisher":{"@id":"https:\/\/www.cercledecultura.org\/ca\/#organization"},"image":{"@id":"https:\/\/www.cercledecultura.org\/ca\/educacio-i-cultura-dialegs-que-transformen\/#primaryimage"},"thumbnailUrl":"https:\/\/www.cercledecultura.org\/wp-content\/uploads\/2025\/01\/Dialeg-Eulalia-Bosch-i-Joan-Manuel-del-Pozo.jpg","articleSection":["Activitats","Not\u00edcies"],"inLanguage":"ca"},{"@type":"WebPage","@id":"https:\/\/www.cercledecultura.org\/ca\/educacio-i-cultura-dialegs-que-transformen\/","url":"https:\/\/www.cercledecultura.org\/ca\/educacio-i-cultura-dialegs-que-transformen\/","name":"Educaci\u00f3 i Cultura: di\u00e0legs que transformen - Cercle de Cultura","isPartOf":{"@id":"https:\/\/www.cercledecultura.org\/ca\/#website"},"primaryImageOfPage":{"@id":"https:\/\/www.cercledecultura.org\/ca\/educacio-i-cultura-dialegs-que-transformen\/#primaryimage"},"image":{"@id":"https:\/\/www.cercledecultura.org\/ca\/educacio-i-cultura-dialegs-que-transformen\/#primaryimage"},"thumbnailUrl":"https:\/\/www.cercledecultura.org\/wp-content\/uploads\/2025\/01\/Dialeg-Eulalia-Bosch-i-Joan-Manuel-del-Pozo.jpg","datePublished":"2025-01-21T11:39:06+00:00","dateModified":"2025-02-18T14:13:40+00:00","description":"Des del Cercle de Cultura us convidem a l\u2019acte del 13 de febrer \u201cEducaci\u00f3 i cultura: di\u00e0legs que transformen\u201d, un di\u00e0leg entre Eul\u00e0lia Bosch i Joan Manuel del Pozo.","breadcrumb":{"@id":"https:\/\/www.cercledecultura.org\/ca\/educacio-i-cultura-dialegs-que-transformen\/#breadcrumb"},"inLanguage":"ca","potentialAction":[{"@type":"ReadAction","target":["https:\/\/www.cercledecultura.org\/ca\/educacio-i-cultura-dialegs-que-transformen\/"]}]},{"@type":"ImageObject","inLanguage":"ca","@id":"https:\/\/www.cercledecultura.org\/ca\/educacio-i-cultura-dialegs-que-transformen\/#primaryimage","url":"https:\/\/www.cercledecultura.org\/wp-content\/uploads\/2025\/01\/Dialeg-Eulalia-Bosch-i-Joan-Manuel-del-Pozo.jpg","contentUrl":"https:\/\/www.cercledecultura.org\/wp-content\/uploads\/2025\/01\/Dialeg-Eulalia-Bosch-i-Joan-Manuel-del-Pozo.jpg","width":1748,"height":1240},{"@type":"BreadcrumbList","@id":"https:\/\/www.cercledecultura.org\/ca\/educacio-i-cultura-dialegs-que-transformen\/#breadcrumb","itemListElement":[{"@type":"ListItem","position":1,"name":"Portada","item":"https:\/\/www.cercledecultura.org\/ca\/"},{"@type":"ListItem","position":2,"name":"Educaci\u00f3 i Cultura: di\u00e0legs que transformen"}]},{"@type":"WebSite","@id":"https:\/\/www.cercledecultura.org\/ca\/#website","url":"https:\/\/www.cercledecultura.org\/ca\/","name":"Cercle de Cultura","description":"Entitat de car\u00e0cter privat i associatiu, independent, amb voluntat de participar en la vida p\u00fablica des de la pluralitat ideol\u00f2gica dels seus membres fundadors i futurs associats","publisher":{"@id":"https:\/\/www.cercledecultura.org\/ca\/#organization"},"potentialAction":[{"@type":"SearchAction","target":{"@type":"EntryPoint","urlTemplate":"https:\/\/www.cercledecultura.org\/ca\/?s={search_term_string}"},"query-input":{"@type":"PropertyValueSpecification","valueRequired":true,"valueName":"search_term_string"}}],"inLanguage":"ca"},{"@type":"Organization","@id":"https:\/\/www.cercledecultura.org\/ca\/#organization","name":"Cercle de Cultura","url":"https:\/\/www.cercledecultura.org\/ca\/","logo":{"@type":"ImageObject","inLanguage":"ca","@id":"https:\/\/www.cercledecultura.org\/ca\/#\/schema\/logo\/image\/","url":"https:\/\/www.cercledecultura.org\/wp-content\/uploads\/2020\/01\/logo-cercle-de-cultura.png","contentUrl":"https:\/\/www.cercledecultura.org\/wp-content\/uploads\/2020\/01\/logo-cercle-de-cultura.png","width":350,"height":195,"caption":"Cercle de Cultura"},"image":{"@id":"https:\/\/www.cercledecultura.org\/ca\/#\/schema\/logo\/image\/"}},{"@type":"Person","@id":"https:\/\/www.cercledecultura.org\/ca\/#\/schema\/person\/931e40c1179ecf352012690d06c032f4","name":"Comunicaci\u00f3 Cercle de Cultura","image":{"@type":"ImageObject","inLanguage":"ca","@id":"https:\/\/secure.gravatar.com\/avatar\/46c76410f5e9186d043ead05387a12bf4af192b9a85fac81aaa84c02b822a715?s=96&d=mm&r=g","url":"https:\/\/secure.gravatar.com\/avatar\/46c76410f5e9186d043ead05387a12bf4af192b9a85fac81aaa84c02b822a715?s=96&d=mm&r=g","contentUrl":"https:\/\/secure.gravatar.com\/avatar\/46c76410f5e9186d043ead05387a12bf4af192b9a85fac81aaa84c02b822a715?s=96&d=mm&r=g","caption":"Comunicaci\u00f3 Cercle de Cultura"},"sameAs":["https:\/\/www.cercledecultura.org"],"url":"https:\/\/www.cercledecultura.org\/ca\/author\/secretaria\/"}]}},"_links":{"self":[{"href":"https:\/\/www.cercledecultura.org\/ca\/wp-json\/wp\/v2\/posts\/3129","targetHints":{"allow":["GET"]}}],"collection":[{"href":"https:\/\/www.cercledecultura.org\/ca\/wp-json\/wp\/v2\/posts"}],"about":[{"href":"https:\/\/www.cercledecultura.org\/ca\/wp-json\/wp\/v2\/types\/post"}],"author":[{"embeddable":true,"href":"https:\/\/www.cercledecultura.org\/ca\/wp-json\/wp\/v2\/users\/2"}],"replies":[{"embeddable":true,"href":"https:\/\/www.cercledecultura.org\/ca\/wp-json\/wp\/v2\/comments?post=3129"}],"version-history":[{"count":4,"href":"https:\/\/www.cercledecultura.org\/ca\/wp-json\/wp\/v2\/posts\/3129\/revisions"}],"predecessor-version":[{"id":3150,"href":"https:\/\/www.cercledecultura.org\/ca\/wp-json\/wp\/v2\/posts\/3129\/revisions\/3150"}],"wp:featuredmedia":[{"embeddable":true,"href":"https:\/\/www.cercledecultura.org\/ca\/wp-json\/wp\/v2\/media\/3130"}],"wp:attachment":[{"href":"https:\/\/www.cercledecultura.org\/ca\/wp-json\/wp\/v2\/media?parent=3129"}],"wp:term":[{"taxonomy":"category","embeddable":true,"href":"https:\/\/www.cercledecultura.org\/ca\/wp-json\/wp\/v2\/categories?post=3129"},{"taxonomy":"post_tag","embeddable":true,"href":"https:\/\/www.cercledecultura.org\/ca\/wp-json\/wp\/v2\/tags?post=3129"}],"curies":[{"name":"wp","href":"https:\/\/api.w.org\/{rel}","templated":true}]}}