{"id":3064,"date":"2024-09-19T12:31:32","date_gmt":"2024-09-19T10:31:32","guid":{"rendered":"https:\/\/www.cercledecultura.org\/?p=3064"},"modified":"2024-10-04T16:04:31","modified_gmt":"2024-10-04T14:04:31","slug":"cultura-i-industries-creatives-a-barcelona-reptes-i-prioritats","status":"publish","type":"post","link":"https:\/\/www.cercledecultura.org\/ca\/cultura-i-industries-creatives-a-barcelona-reptes-i-prioritats\/","title":{"rendered":"Cultura i ind\u00fastries creatives a Barcelona: reptes i prioritats"},"content":{"rendered":"<p>El dimecres, <strong>2 d&#8217;octubre a les 19 h<\/strong>, t\u00e9 lloc l&#8217;acte <strong><em>&#8220;Cultura i ind\u00fastries creatives: reptes i prioritats&#8221;<\/em><\/strong>, a l&#8217;auditori del Cercle d&#8217;Economia (Proven\u00e7a, 298).<\/p>\n<p>&nbsp;<\/p>\n<p>Es tracta d&#8217;una presentaci\u00f3 i di\u00e0leg amb Xavier Marc\u00e9, regidor de Cultura i Ind\u00fastries Creatives de l&#8217;Ajuntament de Barcelona. <span class=\"OYPEnA font-feature-liga-off font-feature-clig-off font-feature-calt-off text-decoration-none text-strikethrough-none\">La trobada, adre\u00e7ada a professionals, institucions i operadors econ\u00f2mics de la cultura i les ind\u00fastries creatives, versa sobre els principals reptes i prioritats en mat\u00e8ria de cultura de l&#8217;Ajuntament de Barcelona.<\/span><\/p>\n<p>&nbsp;<\/p>\n<p>Seguint el format que ja s&#8217;ha anat reproduint diverses vegades, la presentaci\u00f3 del regidor va seguida d\u2019un espai de conversa amb dos professionals de la cultura, socis del Cercle de Cultura. Finalment, acaba l\u2019acte amb un espai de trobada informal acompanyat d\u2019una copa de cava.<\/p>\n<p>&nbsp;<\/p>\n<p>Podeu consultar l\u2019enregistrament sencer de l\u2019acte <a href=\"https:\/\/youtu.be\/lVwbwx1SPgc\">aqu\u00ed<\/a>.<\/p>\n<p>&nbsp;<\/p>\n<p><iframe loading=\"lazy\" title=\"Cultura i ind\u00fastries creatives a Barcelona: reptes i prioritats\" width=\"580\" height=\"326\" src=\"https:\/\/www.youtube.com\/embed\/lVwbwx1SPgc?feature=oembed\" frameborder=\"0\" allow=\"accelerometer; autoplay; clipboard-write; encrypted-media; gyroscope; picture-in-picture; web-share\" referrerpolicy=\"strict-origin-when-cross-origin\" allowfullscreen><\/iframe><\/p>\n<p>&nbsp;<\/p>\n","protected":false},"excerpt":{"rendered":"<p>El dimecres, 2 d&#8217;octubre a les 19 h, t\u00e9 lloc l&#8217;acte &#8220;Cultura i ind\u00fastries creatives: reptes i prioritats&#8221;, a l&#8217;auditori del Cercle d&#8217;Economia (Proven\u00e7a, 298). &nbsp; Es tracta d&#8217;una presentaci\u00f3 i di\u00e0leg amb Xavier Marc\u00e9, regidor de Cultura i Ind\u00fastries Creatives de l&#8217;Ajuntament de Barcelona. La trobada, adre\u00e7ada a professionals, institucions i operadors econ\u00f2mics de [&hellip;]<\/p>\n","protected":false},"author":2,"featured_media":3065,"comment_status":"closed","ping_status":"closed","sticky":false,"template":"","format":"standard","meta":{"footnotes":""},"categories":[3,26,32],"tags":[],"class_list":["post-3064","post","type-post","status-publish","format-standard","has-post-thumbnail","hentry","category-activitats","category-noticies","category-recent"],"yoast_head":"<!-- This site is optimized with the Yoast SEO plugin v27.5 - https:\/\/yoast.com\/product\/yoast-seo-wordpress\/ -->\n<title>Cultura i ind\u00fastries creatives a Barcelona: reptes i prioritats - Cercle de Cultura<\/title>\n<meta name=\"description\" content=\"El pr\u00f2xim dimecres, 2 d&#039;octubre a les 19 h, tindr\u00e0 lloc l&#039;acte &quot;Cultura i ind\u00fastries creatives: reptes i prioritats&quot;, a l&#039;auditori del Cercle d&#039;Economia (Proven\u00e7a, 298).\" \/>\n<meta name=\"robots\" content=\"index, follow, max-snippet:-1, max-image-preview:large, max-video-preview:-1\" \/>\n<link rel=\"canonical\" href=\"https:\/\/www.cercledecultura.org\/ca\/cultura-i-industries-creatives-a-barcelona-reptes-i-prioritats\/\" \/>\n<meta property=\"og:locale\" content=\"ca_ES\" \/>\n<meta property=\"og:type\" content=\"article\" \/>\n<meta property=\"og:title\" content=\"Cultura i ind\u00fastries creatives a Barcelona: reptes i prioritats - Cercle de Cultura\" \/>\n<meta property=\"og:description\" content=\"El pr\u00f2xim dimecres, 2 d&#039;octubre a les 19 h, tindr\u00e0 lloc l&#039;acte &quot;Cultura i ind\u00fastries creatives: reptes i prioritats&quot;, a l&#039;auditori del Cercle d&#039;Economia (Proven\u00e7a, 298).\" \/>\n<meta property=\"og:url\" content=\"https:\/\/www.cercledecultura.org\/ca\/cultura-i-industries-creatives-a-barcelona-reptes-i-prioritats\/\" \/>\n<meta property=\"og:site_name\" content=\"Cercle de Cultura\" \/>\n<meta property=\"article:published_time\" content=\"2024-09-19T10:31:32+00:00\" \/>\n<meta property=\"article:modified_time\" content=\"2024-10-04T14:04:31+00:00\" \/>\n<meta property=\"og:image\" content=\"https:\/\/www.cercledecultura.org\/wp-content\/uploads\/2024\/09\/xavier-marce.jpg\" \/>\n\t<meta property=\"og:image:width\" content=\"760\" \/>\n\t<meta property=\"og:image:height\" content=\"428\" \/>\n\t<meta property=\"og:image:type\" content=\"image\/jpeg\" \/>\n<meta name=\"author\" content=\"Comunicaci\u00f3 Cercle de Cultura\" \/>\n<meta name=\"twitter:card\" content=\"summary_large_image\" \/>\n<meta name=\"twitter:label1\" content=\"Escrit per\" \/>\n\t<meta name=\"twitter:data1\" content=\"Comunicaci\u00f3 Cercle de Cultura\" \/>\n\t<meta name=\"twitter:label2\" content=\"Temps estimat de lectura\" \/>\n\t<meta name=\"twitter:data2\" content=\"1 minut\" \/>\n<script type=\"application\/ld+json\" class=\"yoast-schema-graph\">{\"@context\":\"https:\\\/\\\/schema.org\",\"@graph\":[{\"@type\":\"Article\",\"@id\":\"https:\\\/\\\/www.cercledecultura.org\\\/ca\\\/cultura-i-industries-creatives-a-barcelona-reptes-i-prioritats\\\/#article\",\"isPartOf\":{\"@id\":\"https:\\\/\\\/www.cercledecultura.org\\\/ca\\\/cultura-i-industries-creatives-a-barcelona-reptes-i-prioritats\\\/\"},\"author\":{\"name\":\"Comunicaci\u00f3 Cercle de Cultura\",\"@id\":\"https:\\\/\\\/www.cercledecultura.org\\\/ca\\\/#\\\/schema\\\/person\\\/931e40c1179ecf352012690d06c032f4\"},\"headline\":\"Cultura i ind\u00fastries creatives a Barcelona: reptes i prioritats\",\"datePublished\":\"2024-09-19T10:31:32+00:00\",\"dateModified\":\"2024-10-04T14:04:31+00:00\",\"mainEntityOfPage\":{\"@id\":\"https:\\\/\\\/www.cercledecultura.org\\\/ca\\\/cultura-i-industries-creatives-a-barcelona-reptes-i-prioritats\\\/\"},\"wordCount\":167,\"publisher\":{\"@id\":\"https:\\\/\\\/www.cercledecultura.org\\\/ca\\\/#organization\"},\"image\":{\"@id\":\"https:\\\/\\\/www.cercledecultura.org\\\/ca\\\/cultura-i-industries-creatives-a-barcelona-reptes-i-prioritats\\\/#primaryimage\"},\"thumbnailUrl\":\"https:\\\/\\\/www.cercledecultura.org\\\/wp-content\\\/uploads\\\/2024\\\/09\\\/xavier-marce.jpg\",\"articleSection\":[\"Activitats\",\"Not\u00edcies\",\"Recent\"],\"inLanguage\":\"ca\"},{\"@type\":\"WebPage\",\"@id\":\"https:\\\/\\\/www.cercledecultura.org\\\/ca\\\/cultura-i-industries-creatives-a-barcelona-reptes-i-prioritats\\\/\",\"url\":\"https:\\\/\\\/www.cercledecultura.org\\\/ca\\\/cultura-i-industries-creatives-a-barcelona-reptes-i-prioritats\\\/\",\"name\":\"Cultura i ind\u00fastries creatives a Barcelona: reptes i prioritats - Cercle de Cultura\",\"isPartOf\":{\"@id\":\"https:\\\/\\\/www.cercledecultura.org\\\/ca\\\/#website\"},\"primaryImageOfPage\":{\"@id\":\"https:\\\/\\\/www.cercledecultura.org\\\/ca\\\/cultura-i-industries-creatives-a-barcelona-reptes-i-prioritats\\\/#primaryimage\"},\"image\":{\"@id\":\"https:\\\/\\\/www.cercledecultura.org\\\/ca\\\/cultura-i-industries-creatives-a-barcelona-reptes-i-prioritats\\\/#primaryimage\"},\"thumbnailUrl\":\"https:\\\/\\\/www.cercledecultura.org\\\/wp-content\\\/uploads\\\/2024\\\/09\\\/xavier-marce.jpg\",\"datePublished\":\"2024-09-19T10:31:32+00:00\",\"dateModified\":\"2024-10-04T14:04:31+00:00\",\"description\":\"El pr\u00f2xim dimecres, 2 d'octubre a les 19 h, tindr\u00e0 lloc l'acte \\\"Cultura i ind\u00fastries creatives: reptes i prioritats\\\", a l'auditori del Cercle d'Economia (Proven\u00e7a, 298).\",\"breadcrumb\":{\"@id\":\"https:\\\/\\\/www.cercledecultura.org\\\/ca\\\/cultura-i-industries-creatives-a-barcelona-reptes-i-prioritats\\\/#breadcrumb\"},\"inLanguage\":\"ca\",\"potentialAction\":[{\"@type\":\"ReadAction\",\"target\":[\"https:\\\/\\\/www.cercledecultura.org\\\/ca\\\/cultura-i-industries-creatives-a-barcelona-reptes-i-prioritats\\\/\"]}]},{\"@type\":\"ImageObject\",\"inLanguage\":\"ca\",\"@id\":\"https:\\\/\\\/www.cercledecultura.org\\\/ca\\\/cultura-i-industries-creatives-a-barcelona-reptes-i-prioritats\\\/#primaryimage\",\"url\":\"https:\\\/\\\/www.cercledecultura.org\\\/wp-content\\\/uploads\\\/2024\\\/09\\\/xavier-marce.jpg\",\"contentUrl\":\"https:\\\/\\\/www.cercledecultura.org\\\/wp-content\\\/uploads\\\/2024\\\/09\\\/xavier-marce.jpg\",\"width\":760,\"height\":428},{\"@type\":\"BreadcrumbList\",\"@id\":\"https:\\\/\\\/www.cercledecultura.org\\\/ca\\\/cultura-i-industries-creatives-a-barcelona-reptes-i-prioritats\\\/#breadcrumb\",\"itemListElement\":[{\"@type\":\"ListItem\",\"position\":1,\"name\":\"Portada\",\"item\":\"https:\\\/\\\/www.cercledecultura.org\\\/ca\\\/\"},{\"@type\":\"ListItem\",\"position\":2,\"name\":\"Cultura i ind\u00fastries creatives a Barcelona: reptes i prioritats\"}]},{\"@type\":\"WebSite\",\"@id\":\"https:\\\/\\\/www.cercledecultura.org\\\/ca\\\/#website\",\"url\":\"https:\\\/\\\/www.cercledecultura.org\\\/ca\\\/\",\"name\":\"Cercle de Cultura\",\"description\":\"Entitat de car\u00e0cter privat i associatiu, independent, amb voluntat de participar en la vida p\u00fablica des de la pluralitat ideol\u00f2gica dels seus membres fundadors i futurs associats\",\"publisher\":{\"@id\":\"https:\\\/\\\/www.cercledecultura.org\\\/ca\\\/#organization\"},\"potentialAction\":[{\"@type\":\"SearchAction\",\"target\":{\"@type\":\"EntryPoint\",\"urlTemplate\":\"https:\\\/\\\/www.cercledecultura.org\\\/ca\\\/?s={search_term_string}\"},\"query-input\":{\"@type\":\"PropertyValueSpecification\",\"valueRequired\":true,\"valueName\":\"search_term_string\"}}],\"inLanguage\":\"ca\"},{\"@type\":\"Organization\",\"@id\":\"https:\\\/\\\/www.cercledecultura.org\\\/ca\\\/#organization\",\"name\":\"Cercle de Cultura\",\"url\":\"https:\\\/\\\/www.cercledecultura.org\\\/ca\\\/\",\"logo\":{\"@type\":\"ImageObject\",\"inLanguage\":\"ca\",\"@id\":\"https:\\\/\\\/www.cercledecultura.org\\\/ca\\\/#\\\/schema\\\/logo\\\/image\\\/\",\"url\":\"https:\\\/\\\/www.cercledecultura.org\\\/wp-content\\\/uploads\\\/2020\\\/01\\\/logo-cercle-de-cultura.png\",\"contentUrl\":\"https:\\\/\\\/www.cercledecultura.org\\\/wp-content\\\/uploads\\\/2020\\\/01\\\/logo-cercle-de-cultura.png\",\"width\":350,\"height\":195,\"caption\":\"Cercle de Cultura\"},\"image\":{\"@id\":\"https:\\\/\\\/www.cercledecultura.org\\\/ca\\\/#\\\/schema\\\/logo\\\/image\\\/\"}},{\"@type\":\"Person\",\"@id\":\"https:\\\/\\\/www.cercledecultura.org\\\/ca\\\/#\\\/schema\\\/person\\\/931e40c1179ecf352012690d06c032f4\",\"name\":\"Comunicaci\u00f3 Cercle de Cultura\",\"image\":{\"@type\":\"ImageObject\",\"inLanguage\":\"ca\",\"@id\":\"https:\\\/\\\/secure.gravatar.com\\\/avatar\\\/46c76410f5e9186d043ead05387a12bf4af192b9a85fac81aaa84c02b822a715?s=96&d=mm&r=g\",\"url\":\"https:\\\/\\\/secure.gravatar.com\\\/avatar\\\/46c76410f5e9186d043ead05387a12bf4af192b9a85fac81aaa84c02b822a715?s=96&d=mm&r=g\",\"contentUrl\":\"https:\\\/\\\/secure.gravatar.com\\\/avatar\\\/46c76410f5e9186d043ead05387a12bf4af192b9a85fac81aaa84c02b822a715?s=96&d=mm&r=g\",\"caption\":\"Comunicaci\u00f3 Cercle de Cultura\"},\"sameAs\":[\"https:\\\/\\\/www.cercledecultura.org\"],\"url\":\"https:\\\/\\\/www.cercledecultura.org\\\/ca\\\/author\\\/secretaria\\\/\"}]}<\/script>\n<!-- \/ Yoast SEO plugin. -->","yoast_head_json":{"title":"Cultura i ind\u00fastries creatives a Barcelona: reptes i prioritats - Cercle de Cultura","description":"El pr\u00f2xim dimecres, 2 d'octubre a les 19 h, tindr\u00e0 lloc l'acte \"Cultura i ind\u00fastries creatives: reptes i prioritats\", a l'auditori del Cercle d'Economia (Proven\u00e7a, 298).","robots":{"index":"index","follow":"follow","max-snippet":"max-snippet:-1","max-image-preview":"max-image-preview:large","max-video-preview":"max-video-preview:-1"},"canonical":"https:\/\/www.cercledecultura.org\/ca\/cultura-i-industries-creatives-a-barcelona-reptes-i-prioritats\/","og_locale":"ca_ES","og_type":"article","og_title":"Cultura i ind\u00fastries creatives a Barcelona: reptes i prioritats - Cercle de Cultura","og_description":"El pr\u00f2xim dimecres, 2 d'octubre a les 19 h, tindr\u00e0 lloc l'acte \"Cultura i ind\u00fastries creatives: reptes i prioritats\", a l'auditori del Cercle d'Economia (Proven\u00e7a, 298).","og_url":"https:\/\/www.cercledecultura.org\/ca\/cultura-i-industries-creatives-a-barcelona-reptes-i-prioritats\/","og_site_name":"Cercle de Cultura","article_published_time":"2024-09-19T10:31:32+00:00","article_modified_time":"2024-10-04T14:04:31+00:00","og_image":[{"width":760,"height":428,"url":"https:\/\/www.cercledecultura.org\/wp-content\/uploads\/2024\/09\/xavier-marce.jpg","type":"image\/jpeg"}],"author":"Comunicaci\u00f3 Cercle de Cultura","twitter_card":"summary_large_image","twitter_misc":{"Escrit per":"Comunicaci\u00f3 Cercle de Cultura","Temps estimat de lectura":"1 minut"},"schema":{"@context":"https:\/\/schema.org","@graph":[{"@type":"Article","@id":"https:\/\/www.cercledecultura.org\/ca\/cultura-i-industries-creatives-a-barcelona-reptes-i-prioritats\/#article","isPartOf":{"@id":"https:\/\/www.cercledecultura.org\/ca\/cultura-i-industries-creatives-a-barcelona-reptes-i-prioritats\/"},"author":{"name":"Comunicaci\u00f3 Cercle de Cultura","@id":"https:\/\/www.cercledecultura.org\/ca\/#\/schema\/person\/931e40c1179ecf352012690d06c032f4"},"headline":"Cultura i ind\u00fastries creatives a Barcelona: reptes i prioritats","datePublished":"2024-09-19T10:31:32+00:00","dateModified":"2024-10-04T14:04:31+00:00","mainEntityOfPage":{"@id":"https:\/\/www.cercledecultura.org\/ca\/cultura-i-industries-creatives-a-barcelona-reptes-i-prioritats\/"},"wordCount":167,"publisher":{"@id":"https:\/\/www.cercledecultura.org\/ca\/#organization"},"image":{"@id":"https:\/\/www.cercledecultura.org\/ca\/cultura-i-industries-creatives-a-barcelona-reptes-i-prioritats\/#primaryimage"},"thumbnailUrl":"https:\/\/www.cercledecultura.org\/wp-content\/uploads\/2024\/09\/xavier-marce.jpg","articleSection":["Activitats","Not\u00edcies","Recent"],"inLanguage":"ca"},{"@type":"WebPage","@id":"https:\/\/www.cercledecultura.org\/ca\/cultura-i-industries-creatives-a-barcelona-reptes-i-prioritats\/","url":"https:\/\/www.cercledecultura.org\/ca\/cultura-i-industries-creatives-a-barcelona-reptes-i-prioritats\/","name":"Cultura i ind\u00fastries creatives a Barcelona: reptes i prioritats - Cercle de Cultura","isPartOf":{"@id":"https:\/\/www.cercledecultura.org\/ca\/#website"},"primaryImageOfPage":{"@id":"https:\/\/www.cercledecultura.org\/ca\/cultura-i-industries-creatives-a-barcelona-reptes-i-prioritats\/#primaryimage"},"image":{"@id":"https:\/\/www.cercledecultura.org\/ca\/cultura-i-industries-creatives-a-barcelona-reptes-i-prioritats\/#primaryimage"},"thumbnailUrl":"https:\/\/www.cercledecultura.org\/wp-content\/uploads\/2024\/09\/xavier-marce.jpg","datePublished":"2024-09-19T10:31:32+00:00","dateModified":"2024-10-04T14:04:31+00:00","description":"El pr\u00f2xim dimecres, 2 d'octubre a les 19 h, tindr\u00e0 lloc l'acte \"Cultura i ind\u00fastries creatives: reptes i prioritats\", a l'auditori del Cercle d'Economia (Proven\u00e7a, 298).","breadcrumb":{"@id":"https:\/\/www.cercledecultura.org\/ca\/cultura-i-industries-creatives-a-barcelona-reptes-i-prioritats\/#breadcrumb"},"inLanguage":"ca","potentialAction":[{"@type":"ReadAction","target":["https:\/\/www.cercledecultura.org\/ca\/cultura-i-industries-creatives-a-barcelona-reptes-i-prioritats\/"]}]},{"@type":"ImageObject","inLanguage":"ca","@id":"https:\/\/www.cercledecultura.org\/ca\/cultura-i-industries-creatives-a-barcelona-reptes-i-prioritats\/#primaryimage","url":"https:\/\/www.cercledecultura.org\/wp-content\/uploads\/2024\/09\/xavier-marce.jpg","contentUrl":"https:\/\/www.cercledecultura.org\/wp-content\/uploads\/2024\/09\/xavier-marce.jpg","width":760,"height":428},{"@type":"BreadcrumbList","@id":"https:\/\/www.cercledecultura.org\/ca\/cultura-i-industries-creatives-a-barcelona-reptes-i-prioritats\/#breadcrumb","itemListElement":[{"@type":"ListItem","position":1,"name":"Portada","item":"https:\/\/www.cercledecultura.org\/ca\/"},{"@type":"ListItem","position":2,"name":"Cultura i ind\u00fastries creatives a Barcelona: reptes i prioritats"}]},{"@type":"WebSite","@id":"https:\/\/www.cercledecultura.org\/ca\/#website","url":"https:\/\/www.cercledecultura.org\/ca\/","name":"Cercle de Cultura","description":"Entitat de car\u00e0cter privat i associatiu, independent, amb voluntat de participar en la vida p\u00fablica des de la pluralitat ideol\u00f2gica dels seus membres fundadors i futurs associats","publisher":{"@id":"https:\/\/www.cercledecultura.org\/ca\/#organization"},"potentialAction":[{"@type":"SearchAction","target":{"@type":"EntryPoint","urlTemplate":"https:\/\/www.cercledecultura.org\/ca\/?s={search_term_string}"},"query-input":{"@type":"PropertyValueSpecification","valueRequired":true,"valueName":"search_term_string"}}],"inLanguage":"ca"},{"@type":"Organization","@id":"https:\/\/www.cercledecultura.org\/ca\/#organization","name":"Cercle de Cultura","url":"https:\/\/www.cercledecultura.org\/ca\/","logo":{"@type":"ImageObject","inLanguage":"ca","@id":"https:\/\/www.cercledecultura.org\/ca\/#\/schema\/logo\/image\/","url":"https:\/\/www.cercledecultura.org\/wp-content\/uploads\/2020\/01\/logo-cercle-de-cultura.png","contentUrl":"https:\/\/www.cercledecultura.org\/wp-content\/uploads\/2020\/01\/logo-cercle-de-cultura.png","width":350,"height":195,"caption":"Cercle de Cultura"},"image":{"@id":"https:\/\/www.cercledecultura.org\/ca\/#\/schema\/logo\/image\/"}},{"@type":"Person","@id":"https:\/\/www.cercledecultura.org\/ca\/#\/schema\/person\/931e40c1179ecf352012690d06c032f4","name":"Comunicaci\u00f3 Cercle de Cultura","image":{"@type":"ImageObject","inLanguage":"ca","@id":"https:\/\/secure.gravatar.com\/avatar\/46c76410f5e9186d043ead05387a12bf4af192b9a85fac81aaa84c02b822a715?s=96&d=mm&r=g","url":"https:\/\/secure.gravatar.com\/avatar\/46c76410f5e9186d043ead05387a12bf4af192b9a85fac81aaa84c02b822a715?s=96&d=mm&r=g","contentUrl":"https:\/\/secure.gravatar.com\/avatar\/46c76410f5e9186d043ead05387a12bf4af192b9a85fac81aaa84c02b822a715?s=96&d=mm&r=g","caption":"Comunicaci\u00f3 Cercle de Cultura"},"sameAs":["https:\/\/www.cercledecultura.org"],"url":"https:\/\/www.cercledecultura.org\/ca\/author\/secretaria\/"}]}},"_links":{"self":[{"href":"https:\/\/www.cercledecultura.org\/ca\/wp-json\/wp\/v2\/posts\/3064","targetHints":{"allow":["GET"]}}],"collection":[{"href":"https:\/\/www.cercledecultura.org\/ca\/wp-json\/wp\/v2\/posts"}],"about":[{"href":"https:\/\/www.cercledecultura.org\/ca\/wp-json\/wp\/v2\/types\/post"}],"author":[{"embeddable":true,"href":"https:\/\/www.cercledecultura.org\/ca\/wp-json\/wp\/v2\/users\/2"}],"replies":[{"embeddable":true,"href":"https:\/\/www.cercledecultura.org\/ca\/wp-json\/wp\/v2\/comments?post=3064"}],"version-history":[{"count":3,"href":"https:\/\/www.cercledecultura.org\/ca\/wp-json\/wp\/v2\/posts\/3064\/revisions"}],"predecessor-version":[{"id":3087,"href":"https:\/\/www.cercledecultura.org\/ca\/wp-json\/wp\/v2\/posts\/3064\/revisions\/3087"}],"wp:featuredmedia":[{"embeddable":true,"href":"https:\/\/www.cercledecultura.org\/ca\/wp-json\/wp\/v2\/media\/3065"}],"wp:attachment":[{"href":"https:\/\/www.cercledecultura.org\/ca\/wp-json\/wp\/v2\/media?parent=3064"}],"wp:term":[{"taxonomy":"category","embeddable":true,"href":"https:\/\/www.cercledecultura.org\/ca\/wp-json\/wp\/v2\/categories?post=3064"},{"taxonomy":"post_tag","embeddable":true,"href":"https:\/\/www.cercledecultura.org\/ca\/wp-json\/wp\/v2\/tags?post=3064"}],"curies":[{"name":"wp","href":"https:\/\/api.w.org\/{rel}","templated":true}]}}