{"id":2988,"date":"2024-05-29T12:15:56","date_gmt":"2024-05-29T10:15:56","guid":{"rendered":"https:\/\/www.cercledecultura.org\/?p=2988"},"modified":"2024-06-20T14:52:01","modified_gmt":"2024-06-20T12:52:01","slug":"la-cultura-europea-a-debat","status":"publish","type":"post","link":"https:\/\/www.cercledecultura.org\/ca\/la-cultura-europea-a-debat\/","title":{"rendered":"La cultura europea a debat"},"content":{"rendered":"<p>Amb motiu de les eleccions al Parlament Europeu que se celebraran el pr\u00f2xim 9 de juny, us proposem un debat p\u00fablic sobre les pol\u00edtiques culturals amb representants dels principals grups pol\u00edtics que presenten candidatura.<\/p>\n<p>&nbsp;<\/p>\n<p>El debat tindr\u00e0 lloc el <strong>dimecres 5 de juny a les 18.30 h<\/strong> a l\u2019auditori del Cercle d\u2019Economia (Proven\u00e7a, 298, Barcelona), i hi participaran <strong>Enric L\u00f3pez Jurado (PSC-PSOE), Cinta Gonz\u00e1lez Sent\u00eds (Comuns Sumar), Fernando S\u00e1nchez Costa (PP) Oriol Izquierdo (Junts per Europa), Xiomara Villa P\u00e9rez (ERC \u2013 EH Bildu \u2013 BNG \u2013 Ara M\u00e9s) i Mart\u00edn Barra L\u00f3pez (Ciutadans)<\/strong>. Moderant el debat comptarem amb la periodista <strong>Montserrat Rigall<\/strong>.<\/p>\n<p>&nbsp;<\/p>\n<p>Acte organitzat per l&#8217;Associaci\u00f3 d\u2019Empreses de Teatre de Catalunya (ADETCA), l\u2019Associaci\u00f3 de Professionals de la Museologia de Catalunya (AMC), l\u2019Associaci\u00f3 de Professionals de la Gesti\u00f3 Cultural de Catalunya (APGCC), el Cercle de Cultura (CC), i la Federaci\u00f3 de Productores Audiovisuals (PROA).<\/p>\n<p>&nbsp;<\/p>\n<p>Aforament limitat, reserva la teva pla\u00e7a omplint el <a href=\"https:\/\/docs.google.com\/forms\/d\/e\/1FAIpQLSeiYrQb7ao1oEF0WJ8fyFBeIQtdQBpNrXHxIXngwKuO_lXzKQ\/viewform?usp=sharing\">seg\u00fcent formulari<\/a>.<\/p>\n","protected":false},"excerpt":{"rendered":"<p>Amb motiu de les eleccions al Parlament Europeu que se celebraran el pr\u00f2xim 9 de juny, us proposem un debat p\u00fablic sobre les pol\u00edtiques culturals amb representants dels principals grups pol\u00edtics que presenten candidatura. &nbsp; El debat tindr\u00e0 lloc el dimecres 5 de juny a les 18.30 h a l\u2019auditori del Cercle d\u2019Economia (Proven\u00e7a, 298, [&hellip;]<\/p>\n","protected":false},"author":2,"featured_media":2989,"comment_status":"closed","ping_status":"closed","sticky":false,"template":"","format":"standard","meta":{"footnotes":""},"categories":[3],"tags":[],"class_list":["post-2988","post","type-post","status-publish","format-standard","has-post-thumbnail","hentry","category-activitats"],"yoast_head":"<!-- This site is optimized with the Yoast SEO plugin v27.5 - https:\/\/yoast.com\/product\/yoast-seo-wordpress\/ -->\n<title>La cultura europea a debat - Cercle de Cultura<\/title>\n<meta name=\"robots\" content=\"index, follow, max-snippet:-1, max-image-preview:large, max-video-preview:-1\" \/>\n<link rel=\"canonical\" href=\"https:\/\/www.cercledecultura.org\/ca\/la-cultura-europea-a-debat\/\" \/>\n<meta property=\"og:locale\" content=\"ca_ES\" \/>\n<meta property=\"og:type\" content=\"article\" \/>\n<meta property=\"og:title\" content=\"La cultura europea a debat - Cercle de Cultura\" \/>\n<meta property=\"og:description\" content=\"Amb motiu de les eleccions al Parlament Europeu que se celebraran el pr\u00f2xim 9 de juny, us proposem un debat p\u00fablic sobre les pol\u00edtiques culturals amb representants dels principals grups pol\u00edtics que presenten candidatura. &nbsp; El debat tindr\u00e0 lloc el dimecres 5 de juny a les 18.30 h a l\u2019auditori del Cercle d\u2019Economia (Proven\u00e7a, 298, [&hellip;]\" \/>\n<meta property=\"og:url\" content=\"https:\/\/www.cercledecultura.org\/ca\/la-cultura-europea-a-debat\/\" \/>\n<meta property=\"og:site_name\" content=\"Cercle de Cultura\" \/>\n<meta property=\"article:published_time\" content=\"2024-05-29T10:15:56+00:00\" \/>\n<meta property=\"article:modified_time\" content=\"2024-06-20T12:52:01+00:00\" \/>\n<meta property=\"og:image\" content=\"https:\/\/www.cercledecultura.org\/wp-content\/uploads\/2024\/05\/La-Cultura-europea-a-Debat-1.png\" \/>\n\t<meta property=\"og:image:width\" content=\"2000\" \/>\n\t<meta property=\"og:image:height\" content=\"1097\" \/>\n\t<meta property=\"og:image:type\" content=\"image\/png\" \/>\n<meta name=\"author\" content=\"Comunicaci\u00f3 Cercle de Cultura\" \/>\n<meta name=\"twitter:card\" content=\"summary_large_image\" \/>\n<meta name=\"twitter:label1\" content=\"Escrit per\" \/>\n\t<meta name=\"twitter:data1\" content=\"Comunicaci\u00f3 Cercle de Cultura\" \/>\n\t<meta name=\"twitter:label2\" content=\"Temps estimat de lectura\" \/>\n\t<meta name=\"twitter:data2\" content=\"2 minuts\" \/>\n<script type=\"application\/ld+json\" class=\"yoast-schema-graph\">{\"@context\":\"https:\\\/\\\/schema.org\",\"@graph\":[{\"@type\":\"Article\",\"@id\":\"https:\\\/\\\/www.cercledecultura.org\\\/ca\\\/la-cultura-europea-a-debat\\\/#article\",\"isPartOf\":{\"@id\":\"https:\\\/\\\/www.cercledecultura.org\\\/ca\\\/la-cultura-europea-a-debat\\\/\"},\"author\":{\"name\":\"Comunicaci\u00f3 Cercle de Cultura\",\"@id\":\"https:\\\/\\\/www.cercledecultura.org\\\/ca\\\/#\\\/schema\\\/person\\\/931e40c1179ecf352012690d06c032f4\"},\"headline\":\"La cultura europea a debat\",\"datePublished\":\"2024-05-29T10:15:56+00:00\",\"dateModified\":\"2024-06-20T12:52:01+00:00\",\"mainEntityOfPage\":{\"@id\":\"https:\\\/\\\/www.cercledecultura.org\\\/ca\\\/la-cultura-europea-a-debat\\\/\"},\"wordCount\":175,\"publisher\":{\"@id\":\"https:\\\/\\\/www.cercledecultura.org\\\/ca\\\/#organization\"},\"image\":{\"@id\":\"https:\\\/\\\/www.cercledecultura.org\\\/ca\\\/la-cultura-europea-a-debat\\\/#primaryimage\"},\"thumbnailUrl\":\"https:\\\/\\\/www.cercledecultura.org\\\/wp-content\\\/uploads\\\/2024\\\/05\\\/La-Cultura-europea-a-Debat-1.png\",\"articleSection\":[\"Activitats\"],\"inLanguage\":\"ca\"},{\"@type\":\"WebPage\",\"@id\":\"https:\\\/\\\/www.cercledecultura.org\\\/ca\\\/la-cultura-europea-a-debat\\\/\",\"url\":\"https:\\\/\\\/www.cercledecultura.org\\\/ca\\\/la-cultura-europea-a-debat\\\/\",\"name\":\"La cultura europea a debat - Cercle de Cultura\",\"isPartOf\":{\"@id\":\"https:\\\/\\\/www.cercledecultura.org\\\/ca\\\/#website\"},\"primaryImageOfPage\":{\"@id\":\"https:\\\/\\\/www.cercledecultura.org\\\/ca\\\/la-cultura-europea-a-debat\\\/#primaryimage\"},\"image\":{\"@id\":\"https:\\\/\\\/www.cercledecultura.org\\\/ca\\\/la-cultura-europea-a-debat\\\/#primaryimage\"},\"thumbnailUrl\":\"https:\\\/\\\/www.cercledecultura.org\\\/wp-content\\\/uploads\\\/2024\\\/05\\\/La-Cultura-europea-a-Debat-1.png\",\"datePublished\":\"2024-05-29T10:15:56+00:00\",\"dateModified\":\"2024-06-20T12:52:01+00:00\",\"breadcrumb\":{\"@id\":\"https:\\\/\\\/www.cercledecultura.org\\\/ca\\\/la-cultura-europea-a-debat\\\/#breadcrumb\"},\"inLanguage\":\"ca\",\"potentialAction\":[{\"@type\":\"ReadAction\",\"target\":[\"https:\\\/\\\/www.cercledecultura.org\\\/ca\\\/la-cultura-europea-a-debat\\\/\"]}]},{\"@type\":\"ImageObject\",\"inLanguage\":\"ca\",\"@id\":\"https:\\\/\\\/www.cercledecultura.org\\\/ca\\\/la-cultura-europea-a-debat\\\/#primaryimage\",\"url\":\"https:\\\/\\\/www.cercledecultura.org\\\/wp-content\\\/uploads\\\/2024\\\/05\\\/La-Cultura-europea-a-Debat-1.png\",\"contentUrl\":\"https:\\\/\\\/www.cercledecultura.org\\\/wp-content\\\/uploads\\\/2024\\\/05\\\/La-Cultura-europea-a-Debat-1.png\",\"width\":2000,\"height\":1097},{\"@type\":\"BreadcrumbList\",\"@id\":\"https:\\\/\\\/www.cercledecultura.org\\\/ca\\\/la-cultura-europea-a-debat\\\/#breadcrumb\",\"itemListElement\":[{\"@type\":\"ListItem\",\"position\":1,\"name\":\"Portada\",\"item\":\"https:\\\/\\\/www.cercledecultura.org\\\/ca\\\/\"},{\"@type\":\"ListItem\",\"position\":2,\"name\":\"La cultura europea a debat\"}]},{\"@type\":\"WebSite\",\"@id\":\"https:\\\/\\\/www.cercledecultura.org\\\/ca\\\/#website\",\"url\":\"https:\\\/\\\/www.cercledecultura.org\\\/ca\\\/\",\"name\":\"Cercle de Cultura\",\"description\":\"Entitat de car\u00e0cter privat i associatiu, independent, amb voluntat de participar en la vida p\u00fablica des de la pluralitat ideol\u00f2gica dels seus membres fundadors i futurs associats\",\"publisher\":{\"@id\":\"https:\\\/\\\/www.cercledecultura.org\\\/ca\\\/#organization\"},\"potentialAction\":[{\"@type\":\"SearchAction\",\"target\":{\"@type\":\"EntryPoint\",\"urlTemplate\":\"https:\\\/\\\/www.cercledecultura.org\\\/ca\\\/?s={search_term_string}\"},\"query-input\":{\"@type\":\"PropertyValueSpecification\",\"valueRequired\":true,\"valueName\":\"search_term_string\"}}],\"inLanguage\":\"ca\"},{\"@type\":\"Organization\",\"@id\":\"https:\\\/\\\/www.cercledecultura.org\\\/ca\\\/#organization\",\"name\":\"Cercle de Cultura\",\"url\":\"https:\\\/\\\/www.cercledecultura.org\\\/ca\\\/\",\"logo\":{\"@type\":\"ImageObject\",\"inLanguage\":\"ca\",\"@id\":\"https:\\\/\\\/www.cercledecultura.org\\\/ca\\\/#\\\/schema\\\/logo\\\/image\\\/\",\"url\":\"https:\\\/\\\/www.cercledecultura.org\\\/wp-content\\\/uploads\\\/2020\\\/01\\\/logo-cercle-de-cultura.png\",\"contentUrl\":\"https:\\\/\\\/www.cercledecultura.org\\\/wp-content\\\/uploads\\\/2020\\\/01\\\/logo-cercle-de-cultura.png\",\"width\":350,\"height\":195,\"caption\":\"Cercle de Cultura\"},\"image\":{\"@id\":\"https:\\\/\\\/www.cercledecultura.org\\\/ca\\\/#\\\/schema\\\/logo\\\/image\\\/\"}},{\"@type\":\"Person\",\"@id\":\"https:\\\/\\\/www.cercledecultura.org\\\/ca\\\/#\\\/schema\\\/person\\\/931e40c1179ecf352012690d06c032f4\",\"name\":\"Comunicaci\u00f3 Cercle de Cultura\",\"image\":{\"@type\":\"ImageObject\",\"inLanguage\":\"ca\",\"@id\":\"https:\\\/\\\/secure.gravatar.com\\\/avatar\\\/46c76410f5e9186d043ead05387a12bf4af192b9a85fac81aaa84c02b822a715?s=96&d=mm&r=g\",\"url\":\"https:\\\/\\\/secure.gravatar.com\\\/avatar\\\/46c76410f5e9186d043ead05387a12bf4af192b9a85fac81aaa84c02b822a715?s=96&d=mm&r=g\",\"contentUrl\":\"https:\\\/\\\/secure.gravatar.com\\\/avatar\\\/46c76410f5e9186d043ead05387a12bf4af192b9a85fac81aaa84c02b822a715?s=96&d=mm&r=g\",\"caption\":\"Comunicaci\u00f3 Cercle de Cultura\"},\"sameAs\":[\"https:\\\/\\\/www.cercledecultura.org\"],\"url\":\"https:\\\/\\\/www.cercledecultura.org\\\/ca\\\/author\\\/secretaria\\\/\"}]}<\/script>\n<!-- \/ Yoast SEO plugin. -->","yoast_head_json":{"title":"La cultura europea a debat - Cercle de Cultura","robots":{"index":"index","follow":"follow","max-snippet":"max-snippet:-1","max-image-preview":"max-image-preview:large","max-video-preview":"max-video-preview:-1"},"canonical":"https:\/\/www.cercledecultura.org\/ca\/la-cultura-europea-a-debat\/","og_locale":"ca_ES","og_type":"article","og_title":"La cultura europea a debat - Cercle de Cultura","og_description":"Amb motiu de les eleccions al Parlament Europeu que se celebraran el pr\u00f2xim 9 de juny, us proposem un debat p\u00fablic sobre les pol\u00edtiques culturals amb representants dels principals grups pol\u00edtics que presenten candidatura. &nbsp; El debat tindr\u00e0 lloc el dimecres 5 de juny a les 18.30 h a l\u2019auditori del Cercle d\u2019Economia (Proven\u00e7a, 298, [&hellip;]","og_url":"https:\/\/www.cercledecultura.org\/ca\/la-cultura-europea-a-debat\/","og_site_name":"Cercle de Cultura","article_published_time":"2024-05-29T10:15:56+00:00","article_modified_time":"2024-06-20T12:52:01+00:00","og_image":[{"width":2000,"height":1097,"url":"https:\/\/www.cercledecultura.org\/wp-content\/uploads\/2024\/05\/La-Cultura-europea-a-Debat-1.png","type":"image\/png"}],"author":"Comunicaci\u00f3 Cercle de Cultura","twitter_card":"summary_large_image","twitter_misc":{"Escrit per":"Comunicaci\u00f3 Cercle de Cultura","Temps estimat de lectura":"2 minuts"},"schema":{"@context":"https:\/\/schema.org","@graph":[{"@type":"Article","@id":"https:\/\/www.cercledecultura.org\/ca\/la-cultura-europea-a-debat\/#article","isPartOf":{"@id":"https:\/\/www.cercledecultura.org\/ca\/la-cultura-europea-a-debat\/"},"author":{"name":"Comunicaci\u00f3 Cercle de Cultura","@id":"https:\/\/www.cercledecultura.org\/ca\/#\/schema\/person\/931e40c1179ecf352012690d06c032f4"},"headline":"La cultura europea a debat","datePublished":"2024-05-29T10:15:56+00:00","dateModified":"2024-06-20T12:52:01+00:00","mainEntityOfPage":{"@id":"https:\/\/www.cercledecultura.org\/ca\/la-cultura-europea-a-debat\/"},"wordCount":175,"publisher":{"@id":"https:\/\/www.cercledecultura.org\/ca\/#organization"},"image":{"@id":"https:\/\/www.cercledecultura.org\/ca\/la-cultura-europea-a-debat\/#primaryimage"},"thumbnailUrl":"https:\/\/www.cercledecultura.org\/wp-content\/uploads\/2024\/05\/La-Cultura-europea-a-Debat-1.png","articleSection":["Activitats"],"inLanguage":"ca"},{"@type":"WebPage","@id":"https:\/\/www.cercledecultura.org\/ca\/la-cultura-europea-a-debat\/","url":"https:\/\/www.cercledecultura.org\/ca\/la-cultura-europea-a-debat\/","name":"La cultura europea a debat - Cercle de Cultura","isPartOf":{"@id":"https:\/\/www.cercledecultura.org\/ca\/#website"},"primaryImageOfPage":{"@id":"https:\/\/www.cercledecultura.org\/ca\/la-cultura-europea-a-debat\/#primaryimage"},"image":{"@id":"https:\/\/www.cercledecultura.org\/ca\/la-cultura-europea-a-debat\/#primaryimage"},"thumbnailUrl":"https:\/\/www.cercledecultura.org\/wp-content\/uploads\/2024\/05\/La-Cultura-europea-a-Debat-1.png","datePublished":"2024-05-29T10:15:56+00:00","dateModified":"2024-06-20T12:52:01+00:00","breadcrumb":{"@id":"https:\/\/www.cercledecultura.org\/ca\/la-cultura-europea-a-debat\/#breadcrumb"},"inLanguage":"ca","potentialAction":[{"@type":"ReadAction","target":["https:\/\/www.cercledecultura.org\/ca\/la-cultura-europea-a-debat\/"]}]},{"@type":"ImageObject","inLanguage":"ca","@id":"https:\/\/www.cercledecultura.org\/ca\/la-cultura-europea-a-debat\/#primaryimage","url":"https:\/\/www.cercledecultura.org\/wp-content\/uploads\/2024\/05\/La-Cultura-europea-a-Debat-1.png","contentUrl":"https:\/\/www.cercledecultura.org\/wp-content\/uploads\/2024\/05\/La-Cultura-europea-a-Debat-1.png","width":2000,"height":1097},{"@type":"BreadcrumbList","@id":"https:\/\/www.cercledecultura.org\/ca\/la-cultura-europea-a-debat\/#breadcrumb","itemListElement":[{"@type":"ListItem","position":1,"name":"Portada","item":"https:\/\/www.cercledecultura.org\/ca\/"},{"@type":"ListItem","position":2,"name":"La cultura europea a debat"}]},{"@type":"WebSite","@id":"https:\/\/www.cercledecultura.org\/ca\/#website","url":"https:\/\/www.cercledecultura.org\/ca\/","name":"Cercle de Cultura","description":"Entitat de car\u00e0cter privat i associatiu, independent, amb voluntat de participar en la vida p\u00fablica des de la pluralitat ideol\u00f2gica dels seus membres fundadors i futurs associats","publisher":{"@id":"https:\/\/www.cercledecultura.org\/ca\/#organization"},"potentialAction":[{"@type":"SearchAction","target":{"@type":"EntryPoint","urlTemplate":"https:\/\/www.cercledecultura.org\/ca\/?s={search_term_string}"},"query-input":{"@type":"PropertyValueSpecification","valueRequired":true,"valueName":"search_term_string"}}],"inLanguage":"ca"},{"@type":"Organization","@id":"https:\/\/www.cercledecultura.org\/ca\/#organization","name":"Cercle de Cultura","url":"https:\/\/www.cercledecultura.org\/ca\/","logo":{"@type":"ImageObject","inLanguage":"ca","@id":"https:\/\/www.cercledecultura.org\/ca\/#\/schema\/logo\/image\/","url":"https:\/\/www.cercledecultura.org\/wp-content\/uploads\/2020\/01\/logo-cercle-de-cultura.png","contentUrl":"https:\/\/www.cercledecultura.org\/wp-content\/uploads\/2020\/01\/logo-cercle-de-cultura.png","width":350,"height":195,"caption":"Cercle de Cultura"},"image":{"@id":"https:\/\/www.cercledecultura.org\/ca\/#\/schema\/logo\/image\/"}},{"@type":"Person","@id":"https:\/\/www.cercledecultura.org\/ca\/#\/schema\/person\/931e40c1179ecf352012690d06c032f4","name":"Comunicaci\u00f3 Cercle de Cultura","image":{"@type":"ImageObject","inLanguage":"ca","@id":"https:\/\/secure.gravatar.com\/avatar\/46c76410f5e9186d043ead05387a12bf4af192b9a85fac81aaa84c02b822a715?s=96&d=mm&r=g","url":"https:\/\/secure.gravatar.com\/avatar\/46c76410f5e9186d043ead05387a12bf4af192b9a85fac81aaa84c02b822a715?s=96&d=mm&r=g","contentUrl":"https:\/\/secure.gravatar.com\/avatar\/46c76410f5e9186d043ead05387a12bf4af192b9a85fac81aaa84c02b822a715?s=96&d=mm&r=g","caption":"Comunicaci\u00f3 Cercle de Cultura"},"sameAs":["https:\/\/www.cercledecultura.org"],"url":"https:\/\/www.cercledecultura.org\/ca\/author\/secretaria\/"}]}},"_links":{"self":[{"href":"https:\/\/www.cercledecultura.org\/ca\/wp-json\/wp\/v2\/posts\/2988","targetHints":{"allow":["GET"]}}],"collection":[{"href":"https:\/\/www.cercledecultura.org\/ca\/wp-json\/wp\/v2\/posts"}],"about":[{"href":"https:\/\/www.cercledecultura.org\/ca\/wp-json\/wp\/v2\/types\/post"}],"author":[{"embeddable":true,"href":"https:\/\/www.cercledecultura.org\/ca\/wp-json\/wp\/v2\/users\/2"}],"replies":[{"embeddable":true,"href":"https:\/\/www.cercledecultura.org\/ca\/wp-json\/wp\/v2\/comments?post=2988"}],"version-history":[{"count":3,"href":"https:\/\/www.cercledecultura.org\/ca\/wp-json\/wp\/v2\/posts\/2988\/revisions"}],"predecessor-version":[{"id":2997,"href":"https:\/\/www.cercledecultura.org\/ca\/wp-json\/wp\/v2\/posts\/2988\/revisions\/2997"}],"wp:featuredmedia":[{"embeddable":true,"href":"https:\/\/www.cercledecultura.org\/ca\/wp-json\/wp\/v2\/media\/2989"}],"wp:attachment":[{"href":"https:\/\/www.cercledecultura.org\/ca\/wp-json\/wp\/v2\/media?parent=2988"}],"wp:term":[{"taxonomy":"category","embeddable":true,"href":"https:\/\/www.cercledecultura.org\/ca\/wp-json\/wp\/v2\/categories?post=2988"},{"taxonomy":"post_tag","embeddable":true,"href":"https:\/\/www.cercledecultura.org\/ca\/wp-json\/wp\/v2\/tags?post=2988"}],"curies":[{"name":"wp","href":"https:\/\/api.w.org\/{rel}","templated":true}]}}