{"id":2953,"date":"2024-05-15T13:50:11","date_gmt":"2024-05-15T11:50:11","guid":{"rendered":"https:\/\/www.cercledecultura.org\/?p=2953"},"modified":"2024-06-10T15:59:15","modified_gmt":"2024-06-10T13:59:15","slug":"fundacions-culturals-avui-reptes-i-perspectives","status":"publish","type":"post","link":"https:\/\/www.cercledecultura.org\/ca\/fundacions-culturals-avui-reptes-i-perspectives\/","title":{"rendered":"Fundacions culturals avui: reptes i perspectives"},"content":{"rendered":"<p>El proper dijous <strong>30 de maig<\/strong> de 2024, a les <strong>18h<\/strong> de la tarda, tindr\u00e0 lloc a l&#8217;auditori del Cercle d&#8217;Economia (Proven\u00e7a, 298), la taula rodona<strong><em> &#8220;Fundacions culturals avui: reptes i perspectives&#8221;<\/em><\/strong>. Hi participaran Sara Puig Alsina, presidenta de la <strong>Fundaci\u00f3 Joan Mir\u00f3<\/strong>, Llu\u00eds Cabrera, fundador de la<strong> Fundaci\u00f3 Taller de M\u00fasics<\/strong>, i Josep Navarro i Farr\u00e9, director del<strong>\u00a0Teatre Clav\u00e9<\/strong> de Tordera. L&#8217;acte estar\u00e0 condu\u00eft per Cristina Calvet, advocada especialista en el sector de la cultura.<\/p>\n<p>&nbsp;<\/p>\n<p>Aquest debat pret\u00e9n tractar la realitat de les fundacions culturals, que com a entitats sense afany de lucre, considerades d&#8217;utilitat p\u00fablica amb abast general i proporcionant continguts a la ciutadania que milloren la seva percepci\u00f3 i comprensi\u00f3 de la vida, requereixen millores i de suport estrat\u00e8gic, fiscal, social i competencial per poder sostenir-se. Parlarem de reptes i perspectives que contribueixen a la solv\u00e8ncia i continu\u00eftat sostenible de les fundacions.<\/p>\n<p>&nbsp;<\/p>\n<p>Us hi esperem! Podeu confirmar la vostra assist\u00e8ncia a <a href=\"mailto:secretaria@cercledecultura.org\">secretaria@cercledecultura.org<\/a>.<\/p>\n<p>&nbsp;<\/p>\n<p>Podeu consultar l&#8217;enregistrament sencer de l&#8217;acte <a href=\"https:\/\/youtu.be\/c1y53gmr4xE?si=NjzkndT_Bdh0zeRG\">aqu\u00ed<\/a>.<\/p>\n","protected":false},"excerpt":{"rendered":"<p>El proper dijous 30 de maig de 2024, a les 18h de la tarda, tindr\u00e0 lloc a l&#8217;auditori del Cercle d&#8217;Economia (Proven\u00e7a, 298), la taula rodona &#8220;Fundacions culturals avui: reptes i perspectives&#8221;. Hi participaran Sara Puig Alsina, presidenta de la Fundaci\u00f3 Joan Mir\u00f3, Llu\u00eds Cabrera, fundador de la Fundaci\u00f3 Taller de M\u00fasics, i Josep Navarro [&hellip;]<\/p>\n","protected":false},"author":2,"featured_media":3014,"comment_status":"closed","ping_status":"closed","sticky":false,"template":"","format":"standard","meta":{"footnotes":""},"categories":[3,26],"tags":[],"class_list":["post-2953","post","type-post","status-publish","format-standard","has-post-thumbnail","hentry","category-activitats","category-noticies"],"yoast_head":"<!-- This site is optimized with the Yoast SEO plugin v27.5 - https:\/\/yoast.com\/product\/yoast-seo-wordpress\/ -->\n<title>Fundacions culturals avui: reptes i perspectives - Cercle de Cultura<\/title>\n<meta name=\"robots\" content=\"index, follow, max-snippet:-1, max-image-preview:large, max-video-preview:-1\" \/>\n<link rel=\"canonical\" href=\"https:\/\/www.cercledecultura.org\/ca\/fundacions-culturals-avui-reptes-i-perspectives\/\" \/>\n<meta property=\"og:locale\" content=\"ca_ES\" \/>\n<meta property=\"og:type\" content=\"article\" \/>\n<meta property=\"og:title\" content=\"Fundacions culturals avui: reptes i perspectives - Cercle de Cultura\" \/>\n<meta property=\"og:description\" content=\"El proper dijous 30 de maig de 2024, a les 18h de la tarda, tindr\u00e0 lloc a l&#8217;auditori del Cercle d&#8217;Economia (Proven\u00e7a, 298), la taula rodona &#8220;Fundacions culturals avui: reptes i perspectives&#8221;. Hi participaran Sara Puig Alsina, presidenta de la Fundaci\u00f3 Joan Mir\u00f3, Llu\u00eds Cabrera, fundador de la Fundaci\u00f3 Taller de M\u00fasics, i Josep Navarro [&hellip;]\" \/>\n<meta property=\"og:url\" content=\"https:\/\/www.cercledecultura.org\/ca\/fundacions-culturals-avui-reptes-i-perspectives\/\" \/>\n<meta property=\"og:site_name\" content=\"Cercle de Cultura\" \/>\n<meta property=\"article:published_time\" content=\"2024-05-15T11:50:11+00:00\" \/>\n<meta property=\"article:modified_time\" content=\"2024-06-10T13:59:15+00:00\" \/>\n<meta property=\"og:image\" content=\"https:\/\/www.cercledecultura.org\/wp-content\/uploads\/2024\/05\/GOpd7yMWkAE7VCR-1.jpg\" \/>\n\t<meta property=\"og:image:width\" content=\"1748\" \/>\n\t<meta property=\"og:image:height\" content=\"1240\" \/>\n\t<meta property=\"og:image:type\" content=\"image\/jpeg\" \/>\n<meta name=\"author\" content=\"Comunicaci\u00f3 Cercle de Cultura\" \/>\n<meta name=\"twitter:card\" content=\"summary_large_image\" \/>\n<meta name=\"twitter:label1\" content=\"Escrit per\" \/>\n\t<meta name=\"twitter:data1\" content=\"Comunicaci\u00f3 Cercle de Cultura\" \/>\n\t<meta name=\"twitter:label2\" content=\"Temps estimat de lectura\" \/>\n\t<meta name=\"twitter:data2\" content=\"2 minuts\" \/>\n<script type=\"application\/ld+json\" class=\"yoast-schema-graph\">{\"@context\":\"https:\\\/\\\/schema.org\",\"@graph\":[{\"@type\":\"Article\",\"@id\":\"https:\\\/\\\/www.cercledecultura.org\\\/ca\\\/fundacions-culturals-avui-reptes-i-perspectives\\\/#article\",\"isPartOf\":{\"@id\":\"https:\\\/\\\/www.cercledecultura.org\\\/ca\\\/fundacions-culturals-avui-reptes-i-perspectives\\\/\"},\"author\":{\"name\":\"Comunicaci\u00f3 Cercle de Cultura\",\"@id\":\"https:\\\/\\\/www.cercledecultura.org\\\/ca\\\/#\\\/schema\\\/person\\\/931e40c1179ecf352012690d06c032f4\"},\"headline\":\"Fundacions culturals avui: reptes i perspectives\",\"datePublished\":\"2024-05-15T11:50:11+00:00\",\"dateModified\":\"2024-06-10T13:59:15+00:00\",\"mainEntityOfPage\":{\"@id\":\"https:\\\/\\\/www.cercledecultura.org\\\/ca\\\/fundacions-culturals-avui-reptes-i-perspectives\\\/\"},\"wordCount\":187,\"publisher\":{\"@id\":\"https:\\\/\\\/www.cercledecultura.org\\\/ca\\\/#organization\"},\"image\":{\"@id\":\"https:\\\/\\\/www.cercledecultura.org\\\/ca\\\/fundacions-culturals-avui-reptes-i-perspectives\\\/#primaryimage\"},\"thumbnailUrl\":\"https:\\\/\\\/www.cercledecultura.org\\\/wp-content\\\/uploads\\\/2024\\\/05\\\/GOpd7yMWkAE7VCR-1.jpg\",\"articleSection\":[\"Activitats\",\"Not\u00edcies\"],\"inLanguage\":\"ca\"},{\"@type\":\"WebPage\",\"@id\":\"https:\\\/\\\/www.cercledecultura.org\\\/ca\\\/fundacions-culturals-avui-reptes-i-perspectives\\\/\",\"url\":\"https:\\\/\\\/www.cercledecultura.org\\\/ca\\\/fundacions-culturals-avui-reptes-i-perspectives\\\/\",\"name\":\"Fundacions culturals avui: reptes i perspectives - Cercle de Cultura\",\"isPartOf\":{\"@id\":\"https:\\\/\\\/www.cercledecultura.org\\\/ca\\\/#website\"},\"primaryImageOfPage\":{\"@id\":\"https:\\\/\\\/www.cercledecultura.org\\\/ca\\\/fundacions-culturals-avui-reptes-i-perspectives\\\/#primaryimage\"},\"image\":{\"@id\":\"https:\\\/\\\/www.cercledecultura.org\\\/ca\\\/fundacions-culturals-avui-reptes-i-perspectives\\\/#primaryimage\"},\"thumbnailUrl\":\"https:\\\/\\\/www.cercledecultura.org\\\/wp-content\\\/uploads\\\/2024\\\/05\\\/GOpd7yMWkAE7VCR-1.jpg\",\"datePublished\":\"2024-05-15T11:50:11+00:00\",\"dateModified\":\"2024-06-10T13:59:15+00:00\",\"breadcrumb\":{\"@id\":\"https:\\\/\\\/www.cercledecultura.org\\\/ca\\\/fundacions-culturals-avui-reptes-i-perspectives\\\/#breadcrumb\"},\"inLanguage\":\"ca\",\"potentialAction\":[{\"@type\":\"ReadAction\",\"target\":[\"https:\\\/\\\/www.cercledecultura.org\\\/ca\\\/fundacions-culturals-avui-reptes-i-perspectives\\\/\"]}]},{\"@type\":\"ImageObject\",\"inLanguage\":\"ca\",\"@id\":\"https:\\\/\\\/www.cercledecultura.org\\\/ca\\\/fundacions-culturals-avui-reptes-i-perspectives\\\/#primaryimage\",\"url\":\"https:\\\/\\\/www.cercledecultura.org\\\/wp-content\\\/uploads\\\/2024\\\/05\\\/GOpd7yMWkAE7VCR-1.jpg\",\"contentUrl\":\"https:\\\/\\\/www.cercledecultura.org\\\/wp-content\\\/uploads\\\/2024\\\/05\\\/GOpd7yMWkAE7VCR-1.jpg\",\"width\":1748,\"height\":1240},{\"@type\":\"BreadcrumbList\",\"@id\":\"https:\\\/\\\/www.cercledecultura.org\\\/ca\\\/fundacions-culturals-avui-reptes-i-perspectives\\\/#breadcrumb\",\"itemListElement\":[{\"@type\":\"ListItem\",\"position\":1,\"name\":\"Portada\",\"item\":\"https:\\\/\\\/www.cercledecultura.org\\\/ca\\\/\"},{\"@type\":\"ListItem\",\"position\":2,\"name\":\"Fundacions culturals avui: reptes i perspectives\"}]},{\"@type\":\"WebSite\",\"@id\":\"https:\\\/\\\/www.cercledecultura.org\\\/ca\\\/#website\",\"url\":\"https:\\\/\\\/www.cercledecultura.org\\\/ca\\\/\",\"name\":\"Cercle de Cultura\",\"description\":\"Entitat de car\u00e0cter privat i associatiu, independent, amb voluntat de participar en la vida p\u00fablica des de la pluralitat ideol\u00f2gica dels seus membres fundadors i futurs associats\",\"publisher\":{\"@id\":\"https:\\\/\\\/www.cercledecultura.org\\\/ca\\\/#organization\"},\"potentialAction\":[{\"@type\":\"SearchAction\",\"target\":{\"@type\":\"EntryPoint\",\"urlTemplate\":\"https:\\\/\\\/www.cercledecultura.org\\\/ca\\\/?s={search_term_string}\"},\"query-input\":{\"@type\":\"PropertyValueSpecification\",\"valueRequired\":true,\"valueName\":\"search_term_string\"}}],\"inLanguage\":\"ca\"},{\"@type\":\"Organization\",\"@id\":\"https:\\\/\\\/www.cercledecultura.org\\\/ca\\\/#organization\",\"name\":\"Cercle de Cultura\",\"url\":\"https:\\\/\\\/www.cercledecultura.org\\\/ca\\\/\",\"logo\":{\"@type\":\"ImageObject\",\"inLanguage\":\"ca\",\"@id\":\"https:\\\/\\\/www.cercledecultura.org\\\/ca\\\/#\\\/schema\\\/logo\\\/image\\\/\",\"url\":\"https:\\\/\\\/www.cercledecultura.org\\\/wp-content\\\/uploads\\\/2020\\\/01\\\/logo-cercle-de-cultura.png\",\"contentUrl\":\"https:\\\/\\\/www.cercledecultura.org\\\/wp-content\\\/uploads\\\/2020\\\/01\\\/logo-cercle-de-cultura.png\",\"width\":350,\"height\":195,\"caption\":\"Cercle de Cultura\"},\"image\":{\"@id\":\"https:\\\/\\\/www.cercledecultura.org\\\/ca\\\/#\\\/schema\\\/logo\\\/image\\\/\"}},{\"@type\":\"Person\",\"@id\":\"https:\\\/\\\/www.cercledecultura.org\\\/ca\\\/#\\\/schema\\\/person\\\/931e40c1179ecf352012690d06c032f4\",\"name\":\"Comunicaci\u00f3 Cercle de Cultura\",\"image\":{\"@type\":\"ImageObject\",\"inLanguage\":\"ca\",\"@id\":\"https:\\\/\\\/secure.gravatar.com\\\/avatar\\\/46c76410f5e9186d043ead05387a12bf4af192b9a85fac81aaa84c02b822a715?s=96&d=mm&r=g\",\"url\":\"https:\\\/\\\/secure.gravatar.com\\\/avatar\\\/46c76410f5e9186d043ead05387a12bf4af192b9a85fac81aaa84c02b822a715?s=96&d=mm&r=g\",\"contentUrl\":\"https:\\\/\\\/secure.gravatar.com\\\/avatar\\\/46c76410f5e9186d043ead05387a12bf4af192b9a85fac81aaa84c02b822a715?s=96&d=mm&r=g\",\"caption\":\"Comunicaci\u00f3 Cercle de Cultura\"},\"sameAs\":[\"https:\\\/\\\/www.cercledecultura.org\"],\"url\":\"https:\\\/\\\/www.cercledecultura.org\\\/ca\\\/author\\\/secretaria\\\/\"}]}<\/script>\n<!-- \/ Yoast SEO plugin. -->","yoast_head_json":{"title":"Fundacions culturals avui: reptes i perspectives - Cercle de Cultura","robots":{"index":"index","follow":"follow","max-snippet":"max-snippet:-1","max-image-preview":"max-image-preview:large","max-video-preview":"max-video-preview:-1"},"canonical":"https:\/\/www.cercledecultura.org\/ca\/fundacions-culturals-avui-reptes-i-perspectives\/","og_locale":"ca_ES","og_type":"article","og_title":"Fundacions culturals avui: reptes i perspectives - Cercle de Cultura","og_description":"El proper dijous 30 de maig de 2024, a les 18h de la tarda, tindr\u00e0 lloc a l&#8217;auditori del Cercle d&#8217;Economia (Proven\u00e7a, 298), la taula rodona &#8220;Fundacions culturals avui: reptes i perspectives&#8221;. Hi participaran Sara Puig Alsina, presidenta de la Fundaci\u00f3 Joan Mir\u00f3, Llu\u00eds Cabrera, fundador de la Fundaci\u00f3 Taller de M\u00fasics, i Josep Navarro [&hellip;]","og_url":"https:\/\/www.cercledecultura.org\/ca\/fundacions-culturals-avui-reptes-i-perspectives\/","og_site_name":"Cercle de Cultura","article_published_time":"2024-05-15T11:50:11+00:00","article_modified_time":"2024-06-10T13:59:15+00:00","og_image":[{"width":1748,"height":1240,"url":"https:\/\/www.cercledecultura.org\/wp-content\/uploads\/2024\/05\/GOpd7yMWkAE7VCR-1.jpg","type":"image\/jpeg"}],"author":"Comunicaci\u00f3 Cercle de Cultura","twitter_card":"summary_large_image","twitter_misc":{"Escrit per":"Comunicaci\u00f3 Cercle de Cultura","Temps estimat de lectura":"2 minuts"},"schema":{"@context":"https:\/\/schema.org","@graph":[{"@type":"Article","@id":"https:\/\/www.cercledecultura.org\/ca\/fundacions-culturals-avui-reptes-i-perspectives\/#article","isPartOf":{"@id":"https:\/\/www.cercledecultura.org\/ca\/fundacions-culturals-avui-reptes-i-perspectives\/"},"author":{"name":"Comunicaci\u00f3 Cercle de Cultura","@id":"https:\/\/www.cercledecultura.org\/ca\/#\/schema\/person\/931e40c1179ecf352012690d06c032f4"},"headline":"Fundacions culturals avui: reptes i perspectives","datePublished":"2024-05-15T11:50:11+00:00","dateModified":"2024-06-10T13:59:15+00:00","mainEntityOfPage":{"@id":"https:\/\/www.cercledecultura.org\/ca\/fundacions-culturals-avui-reptes-i-perspectives\/"},"wordCount":187,"publisher":{"@id":"https:\/\/www.cercledecultura.org\/ca\/#organization"},"image":{"@id":"https:\/\/www.cercledecultura.org\/ca\/fundacions-culturals-avui-reptes-i-perspectives\/#primaryimage"},"thumbnailUrl":"https:\/\/www.cercledecultura.org\/wp-content\/uploads\/2024\/05\/GOpd7yMWkAE7VCR-1.jpg","articleSection":["Activitats","Not\u00edcies"],"inLanguage":"ca"},{"@type":"WebPage","@id":"https:\/\/www.cercledecultura.org\/ca\/fundacions-culturals-avui-reptes-i-perspectives\/","url":"https:\/\/www.cercledecultura.org\/ca\/fundacions-culturals-avui-reptes-i-perspectives\/","name":"Fundacions culturals avui: reptes i perspectives - Cercle de Cultura","isPartOf":{"@id":"https:\/\/www.cercledecultura.org\/ca\/#website"},"primaryImageOfPage":{"@id":"https:\/\/www.cercledecultura.org\/ca\/fundacions-culturals-avui-reptes-i-perspectives\/#primaryimage"},"image":{"@id":"https:\/\/www.cercledecultura.org\/ca\/fundacions-culturals-avui-reptes-i-perspectives\/#primaryimage"},"thumbnailUrl":"https:\/\/www.cercledecultura.org\/wp-content\/uploads\/2024\/05\/GOpd7yMWkAE7VCR-1.jpg","datePublished":"2024-05-15T11:50:11+00:00","dateModified":"2024-06-10T13:59:15+00:00","breadcrumb":{"@id":"https:\/\/www.cercledecultura.org\/ca\/fundacions-culturals-avui-reptes-i-perspectives\/#breadcrumb"},"inLanguage":"ca","potentialAction":[{"@type":"ReadAction","target":["https:\/\/www.cercledecultura.org\/ca\/fundacions-culturals-avui-reptes-i-perspectives\/"]}]},{"@type":"ImageObject","inLanguage":"ca","@id":"https:\/\/www.cercledecultura.org\/ca\/fundacions-culturals-avui-reptes-i-perspectives\/#primaryimage","url":"https:\/\/www.cercledecultura.org\/wp-content\/uploads\/2024\/05\/GOpd7yMWkAE7VCR-1.jpg","contentUrl":"https:\/\/www.cercledecultura.org\/wp-content\/uploads\/2024\/05\/GOpd7yMWkAE7VCR-1.jpg","width":1748,"height":1240},{"@type":"BreadcrumbList","@id":"https:\/\/www.cercledecultura.org\/ca\/fundacions-culturals-avui-reptes-i-perspectives\/#breadcrumb","itemListElement":[{"@type":"ListItem","position":1,"name":"Portada","item":"https:\/\/www.cercledecultura.org\/ca\/"},{"@type":"ListItem","position":2,"name":"Fundacions culturals avui: reptes i perspectives"}]},{"@type":"WebSite","@id":"https:\/\/www.cercledecultura.org\/ca\/#website","url":"https:\/\/www.cercledecultura.org\/ca\/","name":"Cercle de Cultura","description":"Entitat de car\u00e0cter privat i associatiu, independent, amb voluntat de participar en la vida p\u00fablica des de la pluralitat ideol\u00f2gica dels seus membres fundadors i futurs associats","publisher":{"@id":"https:\/\/www.cercledecultura.org\/ca\/#organization"},"potentialAction":[{"@type":"SearchAction","target":{"@type":"EntryPoint","urlTemplate":"https:\/\/www.cercledecultura.org\/ca\/?s={search_term_string}"},"query-input":{"@type":"PropertyValueSpecification","valueRequired":true,"valueName":"search_term_string"}}],"inLanguage":"ca"},{"@type":"Organization","@id":"https:\/\/www.cercledecultura.org\/ca\/#organization","name":"Cercle de Cultura","url":"https:\/\/www.cercledecultura.org\/ca\/","logo":{"@type":"ImageObject","inLanguage":"ca","@id":"https:\/\/www.cercledecultura.org\/ca\/#\/schema\/logo\/image\/","url":"https:\/\/www.cercledecultura.org\/wp-content\/uploads\/2020\/01\/logo-cercle-de-cultura.png","contentUrl":"https:\/\/www.cercledecultura.org\/wp-content\/uploads\/2020\/01\/logo-cercle-de-cultura.png","width":350,"height":195,"caption":"Cercle de Cultura"},"image":{"@id":"https:\/\/www.cercledecultura.org\/ca\/#\/schema\/logo\/image\/"}},{"@type":"Person","@id":"https:\/\/www.cercledecultura.org\/ca\/#\/schema\/person\/931e40c1179ecf352012690d06c032f4","name":"Comunicaci\u00f3 Cercle de Cultura","image":{"@type":"ImageObject","inLanguage":"ca","@id":"https:\/\/secure.gravatar.com\/avatar\/46c76410f5e9186d043ead05387a12bf4af192b9a85fac81aaa84c02b822a715?s=96&d=mm&r=g","url":"https:\/\/secure.gravatar.com\/avatar\/46c76410f5e9186d043ead05387a12bf4af192b9a85fac81aaa84c02b822a715?s=96&d=mm&r=g","contentUrl":"https:\/\/secure.gravatar.com\/avatar\/46c76410f5e9186d043ead05387a12bf4af192b9a85fac81aaa84c02b822a715?s=96&d=mm&r=g","caption":"Comunicaci\u00f3 Cercle de Cultura"},"sameAs":["https:\/\/www.cercledecultura.org"],"url":"https:\/\/www.cercledecultura.org\/ca\/author\/secretaria\/"}]}},"_links":{"self":[{"href":"https:\/\/www.cercledecultura.org\/ca\/wp-json\/wp\/v2\/posts\/2953","targetHints":{"allow":["GET"]}}],"collection":[{"href":"https:\/\/www.cercledecultura.org\/ca\/wp-json\/wp\/v2\/posts"}],"about":[{"href":"https:\/\/www.cercledecultura.org\/ca\/wp-json\/wp\/v2\/types\/post"}],"author":[{"embeddable":true,"href":"https:\/\/www.cercledecultura.org\/ca\/wp-json\/wp\/v2\/users\/2"}],"replies":[{"embeddable":true,"href":"https:\/\/www.cercledecultura.org\/ca\/wp-json\/wp\/v2\/comments?post=2953"}],"version-history":[{"count":7,"href":"https:\/\/www.cercledecultura.org\/ca\/wp-json\/wp\/v2\/posts\/2953\/revisions"}],"predecessor-version":[{"id":3008,"href":"https:\/\/www.cercledecultura.org\/ca\/wp-json\/wp\/v2\/posts\/2953\/revisions\/3008"}],"wp:featuredmedia":[{"embeddable":true,"href":"https:\/\/www.cercledecultura.org\/ca\/wp-json\/wp\/v2\/media\/3014"}],"wp:attachment":[{"href":"https:\/\/www.cercledecultura.org\/ca\/wp-json\/wp\/v2\/media?parent=2953"}],"wp:term":[{"taxonomy":"category","embeddable":true,"href":"https:\/\/www.cercledecultura.org\/ca\/wp-json\/wp\/v2\/categories?post=2953"},{"taxonomy":"post_tag","embeddable":true,"href":"https:\/\/www.cercledecultura.org\/ca\/wp-json\/wp\/v2\/tags?post=2953"}],"curies":[{"name":"wp","href":"https:\/\/api.w.org\/{rel}","templated":true}]}}