{"id":2842,"date":"2023-11-06T09:57:48","date_gmt":"2023-11-06T07:57:48","guid":{"rendered":"https:\/\/www.cercledecultura.org\/?p=2842"},"modified":"2023-11-06T11:53:53","modified_gmt":"2023-11-06T09:53:53","slug":"la-comunicacio-cultural-en-transformacio-continua-per-connectar-amb-els-publics","status":"publish","type":"post","link":"https:\/\/www.cercledecultura.org\/ca\/la-comunicacio-cultural-en-transformacio-continua-per-connectar-amb-els-publics\/","title":{"rendered":"La comunicaci\u00f3 cultural, en transformaci\u00f3 cont\u00ednua per connectar amb els p\u00fablics"},"content":{"rendered":"<p>El 2 de novembre, juntament amb Grup Focus, vam promoure l&#8217;acte sobre &#8220;La comunicaci\u00f3 cultural, en transformaci\u00f3 cont\u00ednua per connectar amb els p\u00fablics&#8221; al Centre Cultural de la Merc\u00e8 de Girona, emmarcat dins la programaci\u00f3 de Temporada Alta.<\/p>\n<p>&nbsp;<\/p>\n<p>Condu\u00efda per la periodista gironina Maria Garcia, es tractava d&#8217;una conversa entre Javier Celaya, soci-fundador de la consultoria experta en transformaci\u00f3 digital dosdoce.com, i Lorena Benito, responsable de m\u00e0rqueting i comunicaci\u00f3 i directora de Focus a Madrid. Tots dos coneixedors dels canvis que hi ha hagut en els models de consum portats per les innovacions tecnol\u00f2giques, han compartit que, si b\u00e9 la base de l&#8217;estrat\u00e8gia de comunicaci\u00f3 encara \u00e9s la mateixa, els missatges audiovisuals i la segmentaci\u00f3 de p\u00fablics i diferenciaci\u00f3 de les estrat\u00e8gies s\u00f3n els nous pilars d&#8217;una comunicaci\u00f3 efica\u00e7.<\/p>\n<p>&nbsp;<\/p>\n<p>Benito ha expressat que en l&#8217;\u00e0mbit de les arts esc\u00e8niques encara t\u00e9 molt de prestigi la pres\u00e8ncia als mitjans de comunicaci\u00f3 tradicionals tot i que se s\u00e0piga que t\u00e9 m\u00ednim impacte en la venda d&#8217;entrades. Tot i aix\u00f2, la televisi\u00f3 i especialment la r\u00e0dio continuen funcionant com a canals per arribar als p\u00fablics potencials. En contraposici\u00f3, Celaya ha apuntat que en el sector del llibre s\u00ed que han guanyat molta pres\u00e8ncia les veus influents a xarxes socials, perqu\u00e8 es tracta d&#8217;un efecte boca-orella viral. En altres sectors de la cultura, les veus influents especialitzades han adquirit un paper de mitj\u00e0 de comunicaci\u00f3 m\u00e9s, ja que la prescripci\u00f3 sona versemblant als seus seguidors.<\/p>\n<p>&nbsp;<\/p>\n<p>La conversa s&#8217;ha traslladat a un pla m\u00e9s conceptual plantejant si, actualment, els algoritmes fan gran part de la funci\u00f3 de prescripci\u00f3 cultural, amb el risc d&#8217;homogene\u00eftzaci\u00f3 que aix\u00f2 suposa. S&#8217;han posat sobre la taula els beneficis que l&#8217;era digital aporten o poden suposar per la cultura, com la instauraci\u00f3 de la cultura de la subscripci\u00f3 en alguns \u00e0mbits, o l&#8217;acceleraci\u00f3 i facilitaci\u00f3 de processos de traducci\u00f3 a trav\u00e9s de la intel\u00b7lig\u00e8ncia artificial. Amb tot, la conviv\u00e8ncia entre all\u00f2 hum\u00e0 i all\u00f2 sint\u00e8tic est\u00e0 obtenint cada vegada m\u00e9s pres\u00e8ncia, amb molta for\u00e7a en l&#8217;art i la fotografia, i es fa necess\u00e0ria una regulaci\u00f3 r\u00e0pida i un apropament dels \u00e0mbits de la cultura per entendre les potencialitats de les metadades. En el debat s&#8217;ha posat de manifest, per\u00f2, la fragilitat especial de la cultura davant la transformaci\u00f3 digital per reflexions \u00e8tiques i rom\u00e0ntiques.<\/p>\n<p>&nbsp;<\/p>\n<p>Tant Benito com Celaya han coincidit que els aven\u00e7os amb el suport de la tecnologia poden portar grans oportunitats, especialment en la creaci\u00f3 i en la connexi\u00f3 amb els p\u00fablics. I al mateix temps, han posat de manifest que els canvis suposen trencaments i incertesa. Amb tot, ha estat rellevant destacar que, actualment, la digitalitzaci\u00f3 conviu amb una forta i fonamental reivindicaci\u00f3 de la presencialitat.<\/p>\n","protected":false},"excerpt":{"rendered":"<p>El 2 de novembre, juntament amb Grup Focus, vam promoure l&#8217;acte sobre &#8220;La comunicaci\u00f3 cultural, en transformaci\u00f3 cont\u00ednua per connectar amb els p\u00fablics&#8221; al Centre Cultural de la Merc\u00e8 de Girona, emmarcat dins la programaci\u00f3 de Temporada Alta. &nbsp; Condu\u00efda per la periodista gironina Maria Garcia, es tractava d&#8217;una conversa entre Javier Celaya, soci-fundador de [&hellip;]<\/p>\n","protected":false},"author":2,"featured_media":2847,"comment_status":"closed","ping_status":"closed","sticky":false,"template":"","format":"standard","meta":{"footnotes":""},"categories":[26],"tags":[],"class_list":["post-2842","post","type-post","status-publish","format-standard","has-post-thumbnail","hentry","category-noticies"],"yoast_head":"<!-- This site is optimized with the Yoast SEO plugin v27.5 - https:\/\/yoast.com\/product\/yoast-seo-wordpress\/ -->\n<title>La comunicaci\u00f3 cultural, en transformaci\u00f3 cont\u00ednua per connectar amb els p\u00fablics - Cercle de Cultura<\/title>\n<meta name=\"robots\" content=\"index, follow, max-snippet:-1, max-image-preview:large, max-video-preview:-1\" \/>\n<link rel=\"canonical\" href=\"https:\/\/www.cercledecultura.org\/ca\/la-comunicacio-cultural-en-transformacio-continua-per-connectar-amb-els-publics\/\" \/>\n<meta property=\"og:locale\" content=\"ca_ES\" \/>\n<meta property=\"og:type\" content=\"article\" \/>\n<meta property=\"og:title\" content=\"La comunicaci\u00f3 cultural, en transformaci\u00f3 cont\u00ednua per connectar amb els p\u00fablics - Cercle de Cultura\" \/>\n<meta property=\"og:description\" content=\"El 2 de novembre, juntament amb Grup Focus, vam promoure l&#8217;acte sobre &#8220;La comunicaci\u00f3 cultural, en transformaci\u00f3 cont\u00ednua per connectar amb els p\u00fablics&#8221; al Centre Cultural de la Merc\u00e8 de Girona, emmarcat dins la programaci\u00f3 de Temporada Alta. &nbsp; Condu\u00efda per la periodista gironina Maria Garcia, es tractava d&#8217;una conversa entre Javier Celaya, soci-fundador de [&hellip;]\" \/>\n<meta property=\"og:url\" content=\"https:\/\/www.cercledecultura.org\/ca\/la-comunicacio-cultural-en-transformacio-continua-per-connectar-amb-els-publics\/\" \/>\n<meta property=\"og:site_name\" content=\"Cercle de Cultura\" \/>\n<meta property=\"article:published_time\" content=\"2023-11-06T07:57:48+00:00\" \/>\n<meta property=\"article:modified_time\" content=\"2023-11-06T09:53:53+00:00\" \/>\n<meta property=\"og:image\" content=\"https:\/\/www.cercledecultura.org\/wp-content\/uploads\/2023\/11\/WhatsApp-Image-2023-11-02-at-18.43.28-e1699257556548.jpeg\" \/>\n\t<meta property=\"og:image:width\" content=\"2048\" \/>\n\t<meta property=\"og:image:height\" content=\"1225\" \/>\n\t<meta property=\"og:image:type\" content=\"image\/jpeg\" \/>\n<meta name=\"author\" content=\"Comunicaci\u00f3 Cercle de Cultura\" \/>\n<meta name=\"twitter:card\" content=\"summary_large_image\" \/>\n<meta name=\"twitter:label1\" content=\"Escrit per\" \/>\n\t<meta name=\"twitter:data1\" content=\"Comunicaci\u00f3 Cercle de Cultura\" \/>\n\t<meta name=\"twitter:label2\" content=\"Temps estimat de lectura\" \/>\n\t<meta name=\"twitter:data2\" content=\"3 minuts\" \/>\n<script type=\"application\/ld+json\" class=\"yoast-schema-graph\">{\"@context\":\"https:\\\/\\\/schema.org\",\"@graph\":[{\"@type\":\"Article\",\"@id\":\"https:\\\/\\\/www.cercledecultura.org\\\/ca\\\/la-comunicacio-cultural-en-transformacio-continua-per-connectar-amb-els-publics\\\/#article\",\"isPartOf\":{\"@id\":\"https:\\\/\\\/www.cercledecultura.org\\\/ca\\\/la-comunicacio-cultural-en-transformacio-continua-per-connectar-amb-els-publics\\\/\"},\"author\":{\"name\":\"Comunicaci\u00f3 Cercle de Cultura\",\"@id\":\"https:\\\/\\\/www.cercledecultura.org\\\/ca\\\/#\\\/schema\\\/person\\\/931e40c1179ecf352012690d06c032f4\"},\"headline\":\"La comunicaci\u00f3 cultural, en transformaci\u00f3 cont\u00ednua per connectar amb els p\u00fablics\",\"datePublished\":\"2023-11-06T07:57:48+00:00\",\"dateModified\":\"2023-11-06T09:53:53+00:00\",\"mainEntityOfPage\":{\"@id\":\"https:\\\/\\\/www.cercledecultura.org\\\/ca\\\/la-comunicacio-cultural-en-transformacio-continua-per-connectar-amb-els-publics\\\/\"},\"wordCount\":511,\"publisher\":{\"@id\":\"https:\\\/\\\/www.cercledecultura.org\\\/ca\\\/#organization\"},\"image\":{\"@id\":\"https:\\\/\\\/www.cercledecultura.org\\\/ca\\\/la-comunicacio-cultural-en-transformacio-continua-per-connectar-amb-els-publics\\\/#primaryimage\"},\"thumbnailUrl\":\"https:\\\/\\\/www.cercledecultura.org\\\/wp-content\\\/uploads\\\/2023\\\/11\\\/WhatsApp-Image-2023-11-02-at-18.43.28-e1699257556548.jpeg\",\"articleSection\":[\"Not\u00edcies\"],\"inLanguage\":\"ca\"},{\"@type\":\"WebPage\",\"@id\":\"https:\\\/\\\/www.cercledecultura.org\\\/ca\\\/la-comunicacio-cultural-en-transformacio-continua-per-connectar-amb-els-publics\\\/\",\"url\":\"https:\\\/\\\/www.cercledecultura.org\\\/ca\\\/la-comunicacio-cultural-en-transformacio-continua-per-connectar-amb-els-publics\\\/\",\"name\":\"La comunicaci\u00f3 cultural, en transformaci\u00f3 cont\u00ednua per connectar amb els p\u00fablics - Cercle de Cultura\",\"isPartOf\":{\"@id\":\"https:\\\/\\\/www.cercledecultura.org\\\/ca\\\/#website\"},\"primaryImageOfPage\":{\"@id\":\"https:\\\/\\\/www.cercledecultura.org\\\/ca\\\/la-comunicacio-cultural-en-transformacio-continua-per-connectar-amb-els-publics\\\/#primaryimage\"},\"image\":{\"@id\":\"https:\\\/\\\/www.cercledecultura.org\\\/ca\\\/la-comunicacio-cultural-en-transformacio-continua-per-connectar-amb-els-publics\\\/#primaryimage\"},\"thumbnailUrl\":\"https:\\\/\\\/www.cercledecultura.org\\\/wp-content\\\/uploads\\\/2023\\\/11\\\/WhatsApp-Image-2023-11-02-at-18.43.28-e1699257556548.jpeg\",\"datePublished\":\"2023-11-06T07:57:48+00:00\",\"dateModified\":\"2023-11-06T09:53:53+00:00\",\"breadcrumb\":{\"@id\":\"https:\\\/\\\/www.cercledecultura.org\\\/ca\\\/la-comunicacio-cultural-en-transformacio-continua-per-connectar-amb-els-publics\\\/#breadcrumb\"},\"inLanguage\":\"ca\",\"potentialAction\":[{\"@type\":\"ReadAction\",\"target\":[\"https:\\\/\\\/www.cercledecultura.org\\\/ca\\\/la-comunicacio-cultural-en-transformacio-continua-per-connectar-amb-els-publics\\\/\"]}]},{\"@type\":\"ImageObject\",\"inLanguage\":\"ca\",\"@id\":\"https:\\\/\\\/www.cercledecultura.org\\\/ca\\\/la-comunicacio-cultural-en-transformacio-continua-per-connectar-amb-els-publics\\\/#primaryimage\",\"url\":\"https:\\\/\\\/www.cercledecultura.org\\\/wp-content\\\/uploads\\\/2023\\\/11\\\/WhatsApp-Image-2023-11-02-at-18.43.28-e1699257556548.jpeg\",\"contentUrl\":\"https:\\\/\\\/www.cercledecultura.org\\\/wp-content\\\/uploads\\\/2023\\\/11\\\/WhatsApp-Image-2023-11-02-at-18.43.28-e1699257556548.jpeg\",\"width\":2048,\"height\":1225},{\"@type\":\"BreadcrumbList\",\"@id\":\"https:\\\/\\\/www.cercledecultura.org\\\/ca\\\/la-comunicacio-cultural-en-transformacio-continua-per-connectar-amb-els-publics\\\/#breadcrumb\",\"itemListElement\":[{\"@type\":\"ListItem\",\"position\":1,\"name\":\"Portada\",\"item\":\"https:\\\/\\\/www.cercledecultura.org\\\/ca\\\/\"},{\"@type\":\"ListItem\",\"position\":2,\"name\":\"La comunicaci\u00f3 cultural, en transformaci\u00f3 cont\u00ednua per connectar amb els p\u00fablics\"}]},{\"@type\":\"WebSite\",\"@id\":\"https:\\\/\\\/www.cercledecultura.org\\\/ca\\\/#website\",\"url\":\"https:\\\/\\\/www.cercledecultura.org\\\/ca\\\/\",\"name\":\"Cercle de Cultura\",\"description\":\"Entitat de car\u00e0cter privat i associatiu, independent, amb voluntat de participar en la vida p\u00fablica des de la pluralitat ideol\u00f2gica dels seus membres fundadors i futurs associats\",\"publisher\":{\"@id\":\"https:\\\/\\\/www.cercledecultura.org\\\/ca\\\/#organization\"},\"potentialAction\":[{\"@type\":\"SearchAction\",\"target\":{\"@type\":\"EntryPoint\",\"urlTemplate\":\"https:\\\/\\\/www.cercledecultura.org\\\/ca\\\/?s={search_term_string}\"},\"query-input\":{\"@type\":\"PropertyValueSpecification\",\"valueRequired\":true,\"valueName\":\"search_term_string\"}}],\"inLanguage\":\"ca\"},{\"@type\":\"Organization\",\"@id\":\"https:\\\/\\\/www.cercledecultura.org\\\/ca\\\/#organization\",\"name\":\"Cercle de Cultura\",\"url\":\"https:\\\/\\\/www.cercledecultura.org\\\/ca\\\/\",\"logo\":{\"@type\":\"ImageObject\",\"inLanguage\":\"ca\",\"@id\":\"https:\\\/\\\/www.cercledecultura.org\\\/ca\\\/#\\\/schema\\\/logo\\\/image\\\/\",\"url\":\"https:\\\/\\\/www.cercledecultura.org\\\/wp-content\\\/uploads\\\/2020\\\/01\\\/logo-cercle-de-cultura.png\",\"contentUrl\":\"https:\\\/\\\/www.cercledecultura.org\\\/wp-content\\\/uploads\\\/2020\\\/01\\\/logo-cercle-de-cultura.png\",\"width\":350,\"height\":195,\"caption\":\"Cercle de Cultura\"},\"image\":{\"@id\":\"https:\\\/\\\/www.cercledecultura.org\\\/ca\\\/#\\\/schema\\\/logo\\\/image\\\/\"}},{\"@type\":\"Person\",\"@id\":\"https:\\\/\\\/www.cercledecultura.org\\\/ca\\\/#\\\/schema\\\/person\\\/931e40c1179ecf352012690d06c032f4\",\"name\":\"Comunicaci\u00f3 Cercle de Cultura\",\"image\":{\"@type\":\"ImageObject\",\"inLanguage\":\"ca\",\"@id\":\"https:\\\/\\\/secure.gravatar.com\\\/avatar\\\/46c76410f5e9186d043ead05387a12bf4af192b9a85fac81aaa84c02b822a715?s=96&d=mm&r=g\",\"url\":\"https:\\\/\\\/secure.gravatar.com\\\/avatar\\\/46c76410f5e9186d043ead05387a12bf4af192b9a85fac81aaa84c02b822a715?s=96&d=mm&r=g\",\"contentUrl\":\"https:\\\/\\\/secure.gravatar.com\\\/avatar\\\/46c76410f5e9186d043ead05387a12bf4af192b9a85fac81aaa84c02b822a715?s=96&d=mm&r=g\",\"caption\":\"Comunicaci\u00f3 Cercle de Cultura\"},\"sameAs\":[\"https:\\\/\\\/www.cercledecultura.org\"],\"url\":\"https:\\\/\\\/www.cercledecultura.org\\\/ca\\\/author\\\/secretaria\\\/\"}]}<\/script>\n<!-- \/ Yoast SEO plugin. -->","yoast_head_json":{"title":"La comunicaci\u00f3 cultural, en transformaci\u00f3 cont\u00ednua per connectar amb els p\u00fablics - Cercle de Cultura","robots":{"index":"index","follow":"follow","max-snippet":"max-snippet:-1","max-image-preview":"max-image-preview:large","max-video-preview":"max-video-preview:-1"},"canonical":"https:\/\/www.cercledecultura.org\/ca\/la-comunicacio-cultural-en-transformacio-continua-per-connectar-amb-els-publics\/","og_locale":"ca_ES","og_type":"article","og_title":"La comunicaci\u00f3 cultural, en transformaci\u00f3 cont\u00ednua per connectar amb els p\u00fablics - Cercle de Cultura","og_description":"El 2 de novembre, juntament amb Grup Focus, vam promoure l&#8217;acte sobre &#8220;La comunicaci\u00f3 cultural, en transformaci\u00f3 cont\u00ednua per connectar amb els p\u00fablics&#8221; al Centre Cultural de la Merc\u00e8 de Girona, emmarcat dins la programaci\u00f3 de Temporada Alta. &nbsp; Condu\u00efda per la periodista gironina Maria Garcia, es tractava d&#8217;una conversa entre Javier Celaya, soci-fundador de [&hellip;]","og_url":"https:\/\/www.cercledecultura.org\/ca\/la-comunicacio-cultural-en-transformacio-continua-per-connectar-amb-els-publics\/","og_site_name":"Cercle de Cultura","article_published_time":"2023-11-06T07:57:48+00:00","article_modified_time":"2023-11-06T09:53:53+00:00","og_image":[{"width":2048,"height":1225,"url":"https:\/\/www.cercledecultura.org\/wp-content\/uploads\/2023\/11\/WhatsApp-Image-2023-11-02-at-18.43.28-e1699257556548.jpeg","type":"image\/jpeg"}],"author":"Comunicaci\u00f3 Cercle de Cultura","twitter_card":"summary_large_image","twitter_misc":{"Escrit per":"Comunicaci\u00f3 Cercle de Cultura","Temps estimat de lectura":"3 minuts"},"schema":{"@context":"https:\/\/schema.org","@graph":[{"@type":"Article","@id":"https:\/\/www.cercledecultura.org\/ca\/la-comunicacio-cultural-en-transformacio-continua-per-connectar-amb-els-publics\/#article","isPartOf":{"@id":"https:\/\/www.cercledecultura.org\/ca\/la-comunicacio-cultural-en-transformacio-continua-per-connectar-amb-els-publics\/"},"author":{"name":"Comunicaci\u00f3 Cercle de Cultura","@id":"https:\/\/www.cercledecultura.org\/ca\/#\/schema\/person\/931e40c1179ecf352012690d06c032f4"},"headline":"La comunicaci\u00f3 cultural, en transformaci\u00f3 cont\u00ednua per connectar amb els p\u00fablics","datePublished":"2023-11-06T07:57:48+00:00","dateModified":"2023-11-06T09:53:53+00:00","mainEntityOfPage":{"@id":"https:\/\/www.cercledecultura.org\/ca\/la-comunicacio-cultural-en-transformacio-continua-per-connectar-amb-els-publics\/"},"wordCount":511,"publisher":{"@id":"https:\/\/www.cercledecultura.org\/ca\/#organization"},"image":{"@id":"https:\/\/www.cercledecultura.org\/ca\/la-comunicacio-cultural-en-transformacio-continua-per-connectar-amb-els-publics\/#primaryimage"},"thumbnailUrl":"https:\/\/www.cercledecultura.org\/wp-content\/uploads\/2023\/11\/WhatsApp-Image-2023-11-02-at-18.43.28-e1699257556548.jpeg","articleSection":["Not\u00edcies"],"inLanguage":"ca"},{"@type":"WebPage","@id":"https:\/\/www.cercledecultura.org\/ca\/la-comunicacio-cultural-en-transformacio-continua-per-connectar-amb-els-publics\/","url":"https:\/\/www.cercledecultura.org\/ca\/la-comunicacio-cultural-en-transformacio-continua-per-connectar-amb-els-publics\/","name":"La comunicaci\u00f3 cultural, en transformaci\u00f3 cont\u00ednua per connectar amb els p\u00fablics - Cercle de Cultura","isPartOf":{"@id":"https:\/\/www.cercledecultura.org\/ca\/#website"},"primaryImageOfPage":{"@id":"https:\/\/www.cercledecultura.org\/ca\/la-comunicacio-cultural-en-transformacio-continua-per-connectar-amb-els-publics\/#primaryimage"},"image":{"@id":"https:\/\/www.cercledecultura.org\/ca\/la-comunicacio-cultural-en-transformacio-continua-per-connectar-amb-els-publics\/#primaryimage"},"thumbnailUrl":"https:\/\/www.cercledecultura.org\/wp-content\/uploads\/2023\/11\/WhatsApp-Image-2023-11-02-at-18.43.28-e1699257556548.jpeg","datePublished":"2023-11-06T07:57:48+00:00","dateModified":"2023-11-06T09:53:53+00:00","breadcrumb":{"@id":"https:\/\/www.cercledecultura.org\/ca\/la-comunicacio-cultural-en-transformacio-continua-per-connectar-amb-els-publics\/#breadcrumb"},"inLanguage":"ca","potentialAction":[{"@type":"ReadAction","target":["https:\/\/www.cercledecultura.org\/ca\/la-comunicacio-cultural-en-transformacio-continua-per-connectar-amb-els-publics\/"]}]},{"@type":"ImageObject","inLanguage":"ca","@id":"https:\/\/www.cercledecultura.org\/ca\/la-comunicacio-cultural-en-transformacio-continua-per-connectar-amb-els-publics\/#primaryimage","url":"https:\/\/www.cercledecultura.org\/wp-content\/uploads\/2023\/11\/WhatsApp-Image-2023-11-02-at-18.43.28-e1699257556548.jpeg","contentUrl":"https:\/\/www.cercledecultura.org\/wp-content\/uploads\/2023\/11\/WhatsApp-Image-2023-11-02-at-18.43.28-e1699257556548.jpeg","width":2048,"height":1225},{"@type":"BreadcrumbList","@id":"https:\/\/www.cercledecultura.org\/ca\/la-comunicacio-cultural-en-transformacio-continua-per-connectar-amb-els-publics\/#breadcrumb","itemListElement":[{"@type":"ListItem","position":1,"name":"Portada","item":"https:\/\/www.cercledecultura.org\/ca\/"},{"@type":"ListItem","position":2,"name":"La comunicaci\u00f3 cultural, en transformaci\u00f3 cont\u00ednua per connectar amb els p\u00fablics"}]},{"@type":"WebSite","@id":"https:\/\/www.cercledecultura.org\/ca\/#website","url":"https:\/\/www.cercledecultura.org\/ca\/","name":"Cercle de Cultura","description":"Entitat de car\u00e0cter privat i associatiu, independent, amb voluntat de participar en la vida p\u00fablica des de la pluralitat ideol\u00f2gica dels seus membres fundadors i futurs associats","publisher":{"@id":"https:\/\/www.cercledecultura.org\/ca\/#organization"},"potentialAction":[{"@type":"SearchAction","target":{"@type":"EntryPoint","urlTemplate":"https:\/\/www.cercledecultura.org\/ca\/?s={search_term_string}"},"query-input":{"@type":"PropertyValueSpecification","valueRequired":true,"valueName":"search_term_string"}}],"inLanguage":"ca"},{"@type":"Organization","@id":"https:\/\/www.cercledecultura.org\/ca\/#organization","name":"Cercle de Cultura","url":"https:\/\/www.cercledecultura.org\/ca\/","logo":{"@type":"ImageObject","inLanguage":"ca","@id":"https:\/\/www.cercledecultura.org\/ca\/#\/schema\/logo\/image\/","url":"https:\/\/www.cercledecultura.org\/wp-content\/uploads\/2020\/01\/logo-cercle-de-cultura.png","contentUrl":"https:\/\/www.cercledecultura.org\/wp-content\/uploads\/2020\/01\/logo-cercle-de-cultura.png","width":350,"height":195,"caption":"Cercle de Cultura"},"image":{"@id":"https:\/\/www.cercledecultura.org\/ca\/#\/schema\/logo\/image\/"}},{"@type":"Person","@id":"https:\/\/www.cercledecultura.org\/ca\/#\/schema\/person\/931e40c1179ecf352012690d06c032f4","name":"Comunicaci\u00f3 Cercle de Cultura","image":{"@type":"ImageObject","inLanguage":"ca","@id":"https:\/\/secure.gravatar.com\/avatar\/46c76410f5e9186d043ead05387a12bf4af192b9a85fac81aaa84c02b822a715?s=96&d=mm&r=g","url":"https:\/\/secure.gravatar.com\/avatar\/46c76410f5e9186d043ead05387a12bf4af192b9a85fac81aaa84c02b822a715?s=96&d=mm&r=g","contentUrl":"https:\/\/secure.gravatar.com\/avatar\/46c76410f5e9186d043ead05387a12bf4af192b9a85fac81aaa84c02b822a715?s=96&d=mm&r=g","caption":"Comunicaci\u00f3 Cercle de Cultura"},"sameAs":["https:\/\/www.cercledecultura.org"],"url":"https:\/\/www.cercledecultura.org\/ca\/author\/secretaria\/"}]}},"_links":{"self":[{"href":"https:\/\/www.cercledecultura.org\/ca\/wp-json\/wp\/v2\/posts\/2842","targetHints":{"allow":["GET"]}}],"collection":[{"href":"https:\/\/www.cercledecultura.org\/ca\/wp-json\/wp\/v2\/posts"}],"about":[{"href":"https:\/\/www.cercledecultura.org\/ca\/wp-json\/wp\/v2\/types\/post"}],"author":[{"embeddable":true,"href":"https:\/\/www.cercledecultura.org\/ca\/wp-json\/wp\/v2\/users\/2"}],"replies":[{"embeddable":true,"href":"https:\/\/www.cercledecultura.org\/ca\/wp-json\/wp\/v2\/comments?post=2842"}],"version-history":[{"count":5,"href":"https:\/\/www.cercledecultura.org\/ca\/wp-json\/wp\/v2\/posts\/2842\/revisions"}],"predecessor-version":[{"id":2856,"href":"https:\/\/www.cercledecultura.org\/ca\/wp-json\/wp\/v2\/posts\/2842\/revisions\/2856"}],"wp:featuredmedia":[{"embeddable":true,"href":"https:\/\/www.cercledecultura.org\/ca\/wp-json\/wp\/v2\/media\/2847"}],"wp:attachment":[{"href":"https:\/\/www.cercledecultura.org\/ca\/wp-json\/wp\/v2\/media?parent=2842"}],"wp:term":[{"taxonomy":"category","embeddable":true,"href":"https:\/\/www.cercledecultura.org\/ca\/wp-json\/wp\/v2\/categories?post=2842"},{"taxonomy":"post_tag","embeddable":true,"href":"https:\/\/www.cercledecultura.org\/ca\/wp-json\/wp\/v2\/tags?post=2842"}],"curies":[{"name":"wp","href":"https:\/\/api.w.org\/{rel}","templated":true}]}}