{"id":2834,"date":"2023-10-18T11:51:44","date_gmt":"2023-10-18T09:51:44","guid":{"rendered":"https:\/\/www.cercledecultura.org\/?p=2834"},"modified":"2023-11-03T12:44:34","modified_gmt":"2023-11-03T10:44:34","slug":"conversa-la-comunicacio-cultural-en-transformacio-continua-per-connectar-amb-els-publics","status":"publish","type":"post","link":"https:\/\/www.cercledecultura.org\/ca\/conversa-la-comunicacio-cultural-en-transformacio-continua-per-connectar-amb-els-publics\/","title":{"rendered":"Conversa: la comunicaci\u00f3 cultural, en transformaci\u00f3 cont\u00ednua per connectar amb els p\u00fablics"},"content":{"rendered":"<p>En col\u00b7laboraci\u00f3 amb Temporada Alta i Focus, el pr\u00f2xim\u00a0dijous <strong>2 de novembre a les 18 h<\/strong> tindr\u00e0 lloc al Centre Cultural de la Merc\u00e8 una conversa oberta sobre cultura i comunicaci\u00f3. Es tracta del primer acte que el Cercle de Cultura organitza a Girona.<\/p>\n<p>Davant del canvi de paradigma en el consum cultural causat essencialment per les innovacions tecnol\u00f2giques, les empreses i organitzacions culturals han hagut d&#8217;adaptar la seva estrat\u00e8gia de comunicaci\u00f3 per seguir connectant amb els p\u00fablics. Per abordar aquest tema amb expertesa i perspectiva de futur es comptar\u00e0 amb la participaci\u00f3 del soci-fundador de dosdoce.com, Javier Celaya, i la directora de Focus a Madrid, Lorena Benito.<\/p>\n<p>Acte en castell\u00e0. Per assistir-hi, ser\u00e0 necess\u00e0ria inscripci\u00f3 pr\u00e8via a<br \/>\n<a href=\"mailto:secretaria@cercledecultura.org\" target=\"_blank\" rel=\"noopener\" data-cke-saved-href=\"mailto:secretaria@cercledecultura.org\">secretaria@cercledecultura.org<\/a>.<\/p>\n","protected":false},"excerpt":{"rendered":"<p>En col\u00b7laboraci\u00f3 amb Temporada Alta i Focus, el pr\u00f2xim\u00a0dijous 2 de novembre a les 18 h tindr\u00e0 lloc al Centre Cultural de la Merc\u00e8 una conversa oberta sobre cultura i comunicaci\u00f3. Es tracta del primer acte que el Cercle de Cultura organitza a Girona. Davant del canvi de paradigma en el consum cultural causat essencialment [&hellip;]<\/p>\n","protected":false},"author":2,"featured_media":2835,"comment_status":"closed","ping_status":"closed","sticky":false,"template":"","format":"standard","meta":{"footnotes":""},"categories":[3],"tags":[],"class_list":["post-2834","post","type-post","status-publish","format-standard","has-post-thumbnail","hentry","category-activitats"],"yoast_head":"<!-- This site is optimized with the Yoast SEO plugin v27.5 - https:\/\/yoast.com\/product\/yoast-seo-wordpress\/ -->\n<title>Conversa: la comunicaci\u00f3 cultural, en transformaci\u00f3 cont\u00ednua per connectar amb els p\u00fablics - Cercle de Cultura<\/title>\n<meta name=\"robots\" content=\"index, follow, max-snippet:-1, max-image-preview:large, max-video-preview:-1\" \/>\n<link rel=\"canonical\" href=\"https:\/\/www.cercledecultura.org\/ca\/conversa-la-comunicacio-cultural-en-transformacio-continua-per-connectar-amb-els-publics\/\" \/>\n<meta property=\"og:locale\" content=\"ca_ES\" \/>\n<meta property=\"og:type\" content=\"article\" \/>\n<meta property=\"og:title\" content=\"Conversa: la comunicaci\u00f3 cultural, en transformaci\u00f3 cont\u00ednua per connectar amb els p\u00fablics - Cercle de Cultura\" \/>\n<meta property=\"og:description\" content=\"En col\u00b7laboraci\u00f3 amb Temporada Alta i Focus, el pr\u00f2xim\u00a0dijous 2 de novembre a les 18 h tindr\u00e0 lloc al Centre Cultural de la Merc\u00e8 una conversa oberta sobre cultura i comunicaci\u00f3. Es tracta del primer acte que el Cercle de Cultura organitza a Girona. Davant del canvi de paradigma en el consum cultural causat essencialment [&hellip;]\" \/>\n<meta property=\"og:url\" content=\"https:\/\/www.cercledecultura.org\/ca\/conversa-la-comunicacio-cultural-en-transformacio-continua-per-connectar-amb-els-publics\/\" \/>\n<meta property=\"og:site_name\" content=\"Cercle de Cultura\" \/>\n<meta property=\"article:published_time\" content=\"2023-10-18T09:51:44+00:00\" \/>\n<meta property=\"article:modified_time\" content=\"2023-11-03T10:44:34+00:00\" \/>\n<meta property=\"og:image\" content=\"https:\/\/www.cercledecultura.org\/wp-content\/uploads\/2023\/10\/Dialeg-amb-Natalia-Garriga-2-e1697727371793.jpg\" \/>\n\t<meta property=\"og:image:width\" content=\"750\" \/>\n\t<meta property=\"og:image:height\" content=\"532\" \/>\n\t<meta property=\"og:image:type\" content=\"image\/jpeg\" \/>\n<meta name=\"author\" content=\"Comunicaci\u00f3 Cercle de Cultura\" \/>\n<meta name=\"twitter:card\" content=\"summary_large_image\" \/>\n<meta name=\"twitter:label1\" content=\"Escrit per\" \/>\n\t<meta name=\"twitter:data1\" content=\"Comunicaci\u00f3 Cercle de Cultura\" \/>\n\t<meta name=\"twitter:label2\" content=\"Temps estimat de lectura\" \/>\n\t<meta name=\"twitter:data2\" content=\"1 minut\" \/>\n<script type=\"application\/ld+json\" class=\"yoast-schema-graph\">{\"@context\":\"https:\\\/\\\/schema.org\",\"@graph\":[{\"@type\":\"Article\",\"@id\":\"https:\\\/\\\/www.cercledecultura.org\\\/ca\\\/conversa-la-comunicacio-cultural-en-transformacio-continua-per-connectar-amb-els-publics\\\/#article\",\"isPartOf\":{\"@id\":\"https:\\\/\\\/www.cercledecultura.org\\\/ca\\\/conversa-la-comunicacio-cultural-en-transformacio-continua-per-connectar-amb-els-publics\\\/\"},\"author\":{\"name\":\"Comunicaci\u00f3 Cercle de Cultura\",\"@id\":\"https:\\\/\\\/www.cercledecultura.org\\\/ca\\\/#\\\/schema\\\/person\\\/931e40c1179ecf352012690d06c032f4\"},\"headline\":\"Conversa: la comunicaci\u00f3 cultural, en transformaci\u00f3 cont\u00ednua per connectar amb els p\u00fablics\",\"datePublished\":\"2023-10-18T09:51:44+00:00\",\"dateModified\":\"2023-11-03T10:44:34+00:00\",\"mainEntityOfPage\":{\"@id\":\"https:\\\/\\\/www.cercledecultura.org\\\/ca\\\/conversa-la-comunicacio-cultural-en-transformacio-continua-per-connectar-amb-els-publics\\\/\"},\"wordCount\":143,\"publisher\":{\"@id\":\"https:\\\/\\\/www.cercledecultura.org\\\/ca\\\/#organization\"},\"image\":{\"@id\":\"https:\\\/\\\/www.cercledecultura.org\\\/ca\\\/conversa-la-comunicacio-cultural-en-transformacio-continua-per-connectar-amb-els-publics\\\/#primaryimage\"},\"thumbnailUrl\":\"https:\\\/\\\/www.cercledecultura.org\\\/wp-content\\\/uploads\\\/2023\\\/10\\\/Dialeg-amb-Natalia-Garriga-2-e1697727371793.jpg\",\"articleSection\":[\"Activitats\"],\"inLanguage\":\"ca\"},{\"@type\":\"WebPage\",\"@id\":\"https:\\\/\\\/www.cercledecultura.org\\\/ca\\\/conversa-la-comunicacio-cultural-en-transformacio-continua-per-connectar-amb-els-publics\\\/\",\"url\":\"https:\\\/\\\/www.cercledecultura.org\\\/ca\\\/conversa-la-comunicacio-cultural-en-transformacio-continua-per-connectar-amb-els-publics\\\/\",\"name\":\"Conversa: la comunicaci\u00f3 cultural, en transformaci\u00f3 cont\u00ednua per connectar amb els p\u00fablics - Cercle de Cultura\",\"isPartOf\":{\"@id\":\"https:\\\/\\\/www.cercledecultura.org\\\/ca\\\/#website\"},\"primaryImageOfPage\":{\"@id\":\"https:\\\/\\\/www.cercledecultura.org\\\/ca\\\/conversa-la-comunicacio-cultural-en-transformacio-continua-per-connectar-amb-els-publics\\\/#primaryimage\"},\"image\":{\"@id\":\"https:\\\/\\\/www.cercledecultura.org\\\/ca\\\/conversa-la-comunicacio-cultural-en-transformacio-continua-per-connectar-amb-els-publics\\\/#primaryimage\"},\"thumbnailUrl\":\"https:\\\/\\\/www.cercledecultura.org\\\/wp-content\\\/uploads\\\/2023\\\/10\\\/Dialeg-amb-Natalia-Garriga-2-e1697727371793.jpg\",\"datePublished\":\"2023-10-18T09:51:44+00:00\",\"dateModified\":\"2023-11-03T10:44:34+00:00\",\"breadcrumb\":{\"@id\":\"https:\\\/\\\/www.cercledecultura.org\\\/ca\\\/conversa-la-comunicacio-cultural-en-transformacio-continua-per-connectar-amb-els-publics\\\/#breadcrumb\"},\"inLanguage\":\"ca\",\"potentialAction\":[{\"@type\":\"ReadAction\",\"target\":[\"https:\\\/\\\/www.cercledecultura.org\\\/ca\\\/conversa-la-comunicacio-cultural-en-transformacio-continua-per-connectar-amb-els-publics\\\/\"]}]},{\"@type\":\"ImageObject\",\"inLanguage\":\"ca\",\"@id\":\"https:\\\/\\\/www.cercledecultura.org\\\/ca\\\/conversa-la-comunicacio-cultural-en-transformacio-continua-per-connectar-amb-els-publics\\\/#primaryimage\",\"url\":\"https:\\\/\\\/www.cercledecultura.org\\\/wp-content\\\/uploads\\\/2023\\\/10\\\/Dialeg-amb-Natalia-Garriga-2-e1697727371793.jpg\",\"contentUrl\":\"https:\\\/\\\/www.cercledecultura.org\\\/wp-content\\\/uploads\\\/2023\\\/10\\\/Dialeg-amb-Natalia-Garriga-2-e1697727371793.jpg\",\"width\":750,\"height\":532},{\"@type\":\"BreadcrumbList\",\"@id\":\"https:\\\/\\\/www.cercledecultura.org\\\/ca\\\/conversa-la-comunicacio-cultural-en-transformacio-continua-per-connectar-amb-els-publics\\\/#breadcrumb\",\"itemListElement\":[{\"@type\":\"ListItem\",\"position\":1,\"name\":\"Portada\",\"item\":\"https:\\\/\\\/www.cercledecultura.org\\\/ca\\\/\"},{\"@type\":\"ListItem\",\"position\":2,\"name\":\"Conversa: la comunicaci\u00f3 cultural, en transformaci\u00f3 cont\u00ednua per connectar amb els p\u00fablics\"}]},{\"@type\":\"WebSite\",\"@id\":\"https:\\\/\\\/www.cercledecultura.org\\\/ca\\\/#website\",\"url\":\"https:\\\/\\\/www.cercledecultura.org\\\/ca\\\/\",\"name\":\"Cercle de Cultura\",\"description\":\"Entitat de car\u00e0cter privat i associatiu, independent, amb voluntat de participar en la vida p\u00fablica des de la pluralitat ideol\u00f2gica dels seus membres fundadors i futurs associats\",\"publisher\":{\"@id\":\"https:\\\/\\\/www.cercledecultura.org\\\/ca\\\/#organization\"},\"potentialAction\":[{\"@type\":\"SearchAction\",\"target\":{\"@type\":\"EntryPoint\",\"urlTemplate\":\"https:\\\/\\\/www.cercledecultura.org\\\/ca\\\/?s={search_term_string}\"},\"query-input\":{\"@type\":\"PropertyValueSpecification\",\"valueRequired\":true,\"valueName\":\"search_term_string\"}}],\"inLanguage\":\"ca\"},{\"@type\":\"Organization\",\"@id\":\"https:\\\/\\\/www.cercledecultura.org\\\/ca\\\/#organization\",\"name\":\"Cercle de Cultura\",\"url\":\"https:\\\/\\\/www.cercledecultura.org\\\/ca\\\/\",\"logo\":{\"@type\":\"ImageObject\",\"inLanguage\":\"ca\",\"@id\":\"https:\\\/\\\/www.cercledecultura.org\\\/ca\\\/#\\\/schema\\\/logo\\\/image\\\/\",\"url\":\"https:\\\/\\\/www.cercledecultura.org\\\/wp-content\\\/uploads\\\/2020\\\/01\\\/logo-cercle-de-cultura.png\",\"contentUrl\":\"https:\\\/\\\/www.cercledecultura.org\\\/wp-content\\\/uploads\\\/2020\\\/01\\\/logo-cercle-de-cultura.png\",\"width\":350,\"height\":195,\"caption\":\"Cercle de Cultura\"},\"image\":{\"@id\":\"https:\\\/\\\/www.cercledecultura.org\\\/ca\\\/#\\\/schema\\\/logo\\\/image\\\/\"}},{\"@type\":\"Person\",\"@id\":\"https:\\\/\\\/www.cercledecultura.org\\\/ca\\\/#\\\/schema\\\/person\\\/931e40c1179ecf352012690d06c032f4\",\"name\":\"Comunicaci\u00f3 Cercle de Cultura\",\"image\":{\"@type\":\"ImageObject\",\"inLanguage\":\"ca\",\"@id\":\"https:\\\/\\\/secure.gravatar.com\\\/avatar\\\/46c76410f5e9186d043ead05387a12bf4af192b9a85fac81aaa84c02b822a715?s=96&d=mm&r=g\",\"url\":\"https:\\\/\\\/secure.gravatar.com\\\/avatar\\\/46c76410f5e9186d043ead05387a12bf4af192b9a85fac81aaa84c02b822a715?s=96&d=mm&r=g\",\"contentUrl\":\"https:\\\/\\\/secure.gravatar.com\\\/avatar\\\/46c76410f5e9186d043ead05387a12bf4af192b9a85fac81aaa84c02b822a715?s=96&d=mm&r=g\",\"caption\":\"Comunicaci\u00f3 Cercle de Cultura\"},\"sameAs\":[\"https:\\\/\\\/www.cercledecultura.org\"],\"url\":\"https:\\\/\\\/www.cercledecultura.org\\\/ca\\\/author\\\/secretaria\\\/\"}]}<\/script>\n<!-- \/ Yoast SEO plugin. -->","yoast_head_json":{"title":"Conversa: la comunicaci\u00f3 cultural, en transformaci\u00f3 cont\u00ednua per connectar amb els p\u00fablics - Cercle de Cultura","robots":{"index":"index","follow":"follow","max-snippet":"max-snippet:-1","max-image-preview":"max-image-preview:large","max-video-preview":"max-video-preview:-1"},"canonical":"https:\/\/www.cercledecultura.org\/ca\/conversa-la-comunicacio-cultural-en-transformacio-continua-per-connectar-amb-els-publics\/","og_locale":"ca_ES","og_type":"article","og_title":"Conversa: la comunicaci\u00f3 cultural, en transformaci\u00f3 cont\u00ednua per connectar amb els p\u00fablics - Cercle de Cultura","og_description":"En col\u00b7laboraci\u00f3 amb Temporada Alta i Focus, el pr\u00f2xim\u00a0dijous 2 de novembre a les 18 h tindr\u00e0 lloc al Centre Cultural de la Merc\u00e8 una conversa oberta sobre cultura i comunicaci\u00f3. Es tracta del primer acte que el Cercle de Cultura organitza a Girona. Davant del canvi de paradigma en el consum cultural causat essencialment [&hellip;]","og_url":"https:\/\/www.cercledecultura.org\/ca\/conversa-la-comunicacio-cultural-en-transformacio-continua-per-connectar-amb-els-publics\/","og_site_name":"Cercle de Cultura","article_published_time":"2023-10-18T09:51:44+00:00","article_modified_time":"2023-11-03T10:44:34+00:00","og_image":[{"width":750,"height":532,"url":"https:\/\/www.cercledecultura.org\/wp-content\/uploads\/2023\/10\/Dialeg-amb-Natalia-Garriga-2-e1697727371793.jpg","type":"image\/jpeg"}],"author":"Comunicaci\u00f3 Cercle de Cultura","twitter_card":"summary_large_image","twitter_misc":{"Escrit per":"Comunicaci\u00f3 Cercle de Cultura","Temps estimat de lectura":"1 minut"},"schema":{"@context":"https:\/\/schema.org","@graph":[{"@type":"Article","@id":"https:\/\/www.cercledecultura.org\/ca\/conversa-la-comunicacio-cultural-en-transformacio-continua-per-connectar-amb-els-publics\/#article","isPartOf":{"@id":"https:\/\/www.cercledecultura.org\/ca\/conversa-la-comunicacio-cultural-en-transformacio-continua-per-connectar-amb-els-publics\/"},"author":{"name":"Comunicaci\u00f3 Cercle de Cultura","@id":"https:\/\/www.cercledecultura.org\/ca\/#\/schema\/person\/931e40c1179ecf352012690d06c032f4"},"headline":"Conversa: la comunicaci\u00f3 cultural, en transformaci\u00f3 cont\u00ednua per connectar amb els p\u00fablics","datePublished":"2023-10-18T09:51:44+00:00","dateModified":"2023-11-03T10:44:34+00:00","mainEntityOfPage":{"@id":"https:\/\/www.cercledecultura.org\/ca\/conversa-la-comunicacio-cultural-en-transformacio-continua-per-connectar-amb-els-publics\/"},"wordCount":143,"publisher":{"@id":"https:\/\/www.cercledecultura.org\/ca\/#organization"},"image":{"@id":"https:\/\/www.cercledecultura.org\/ca\/conversa-la-comunicacio-cultural-en-transformacio-continua-per-connectar-amb-els-publics\/#primaryimage"},"thumbnailUrl":"https:\/\/www.cercledecultura.org\/wp-content\/uploads\/2023\/10\/Dialeg-amb-Natalia-Garriga-2-e1697727371793.jpg","articleSection":["Activitats"],"inLanguage":"ca"},{"@type":"WebPage","@id":"https:\/\/www.cercledecultura.org\/ca\/conversa-la-comunicacio-cultural-en-transformacio-continua-per-connectar-amb-els-publics\/","url":"https:\/\/www.cercledecultura.org\/ca\/conversa-la-comunicacio-cultural-en-transformacio-continua-per-connectar-amb-els-publics\/","name":"Conversa: la comunicaci\u00f3 cultural, en transformaci\u00f3 cont\u00ednua per connectar amb els p\u00fablics - Cercle de Cultura","isPartOf":{"@id":"https:\/\/www.cercledecultura.org\/ca\/#website"},"primaryImageOfPage":{"@id":"https:\/\/www.cercledecultura.org\/ca\/conversa-la-comunicacio-cultural-en-transformacio-continua-per-connectar-amb-els-publics\/#primaryimage"},"image":{"@id":"https:\/\/www.cercledecultura.org\/ca\/conversa-la-comunicacio-cultural-en-transformacio-continua-per-connectar-amb-els-publics\/#primaryimage"},"thumbnailUrl":"https:\/\/www.cercledecultura.org\/wp-content\/uploads\/2023\/10\/Dialeg-amb-Natalia-Garriga-2-e1697727371793.jpg","datePublished":"2023-10-18T09:51:44+00:00","dateModified":"2023-11-03T10:44:34+00:00","breadcrumb":{"@id":"https:\/\/www.cercledecultura.org\/ca\/conversa-la-comunicacio-cultural-en-transformacio-continua-per-connectar-amb-els-publics\/#breadcrumb"},"inLanguage":"ca","potentialAction":[{"@type":"ReadAction","target":["https:\/\/www.cercledecultura.org\/ca\/conversa-la-comunicacio-cultural-en-transformacio-continua-per-connectar-amb-els-publics\/"]}]},{"@type":"ImageObject","inLanguage":"ca","@id":"https:\/\/www.cercledecultura.org\/ca\/conversa-la-comunicacio-cultural-en-transformacio-continua-per-connectar-amb-els-publics\/#primaryimage","url":"https:\/\/www.cercledecultura.org\/wp-content\/uploads\/2023\/10\/Dialeg-amb-Natalia-Garriga-2-e1697727371793.jpg","contentUrl":"https:\/\/www.cercledecultura.org\/wp-content\/uploads\/2023\/10\/Dialeg-amb-Natalia-Garriga-2-e1697727371793.jpg","width":750,"height":532},{"@type":"BreadcrumbList","@id":"https:\/\/www.cercledecultura.org\/ca\/conversa-la-comunicacio-cultural-en-transformacio-continua-per-connectar-amb-els-publics\/#breadcrumb","itemListElement":[{"@type":"ListItem","position":1,"name":"Portada","item":"https:\/\/www.cercledecultura.org\/ca\/"},{"@type":"ListItem","position":2,"name":"Conversa: la comunicaci\u00f3 cultural, en transformaci\u00f3 cont\u00ednua per connectar amb els p\u00fablics"}]},{"@type":"WebSite","@id":"https:\/\/www.cercledecultura.org\/ca\/#website","url":"https:\/\/www.cercledecultura.org\/ca\/","name":"Cercle de Cultura","description":"Entitat de car\u00e0cter privat i associatiu, independent, amb voluntat de participar en la vida p\u00fablica des de la pluralitat ideol\u00f2gica dels seus membres fundadors i futurs associats","publisher":{"@id":"https:\/\/www.cercledecultura.org\/ca\/#organization"},"potentialAction":[{"@type":"SearchAction","target":{"@type":"EntryPoint","urlTemplate":"https:\/\/www.cercledecultura.org\/ca\/?s={search_term_string}"},"query-input":{"@type":"PropertyValueSpecification","valueRequired":true,"valueName":"search_term_string"}}],"inLanguage":"ca"},{"@type":"Organization","@id":"https:\/\/www.cercledecultura.org\/ca\/#organization","name":"Cercle de Cultura","url":"https:\/\/www.cercledecultura.org\/ca\/","logo":{"@type":"ImageObject","inLanguage":"ca","@id":"https:\/\/www.cercledecultura.org\/ca\/#\/schema\/logo\/image\/","url":"https:\/\/www.cercledecultura.org\/wp-content\/uploads\/2020\/01\/logo-cercle-de-cultura.png","contentUrl":"https:\/\/www.cercledecultura.org\/wp-content\/uploads\/2020\/01\/logo-cercle-de-cultura.png","width":350,"height":195,"caption":"Cercle de Cultura"},"image":{"@id":"https:\/\/www.cercledecultura.org\/ca\/#\/schema\/logo\/image\/"}},{"@type":"Person","@id":"https:\/\/www.cercledecultura.org\/ca\/#\/schema\/person\/931e40c1179ecf352012690d06c032f4","name":"Comunicaci\u00f3 Cercle de Cultura","image":{"@type":"ImageObject","inLanguage":"ca","@id":"https:\/\/secure.gravatar.com\/avatar\/46c76410f5e9186d043ead05387a12bf4af192b9a85fac81aaa84c02b822a715?s=96&d=mm&r=g","url":"https:\/\/secure.gravatar.com\/avatar\/46c76410f5e9186d043ead05387a12bf4af192b9a85fac81aaa84c02b822a715?s=96&d=mm&r=g","contentUrl":"https:\/\/secure.gravatar.com\/avatar\/46c76410f5e9186d043ead05387a12bf4af192b9a85fac81aaa84c02b822a715?s=96&d=mm&r=g","caption":"Comunicaci\u00f3 Cercle de Cultura"},"sameAs":["https:\/\/www.cercledecultura.org"],"url":"https:\/\/www.cercledecultura.org\/ca\/author\/secretaria\/"}]}},"_links":{"self":[{"href":"https:\/\/www.cercledecultura.org\/ca\/wp-json\/wp\/v2\/posts\/2834","targetHints":{"allow":["GET"]}}],"collection":[{"href":"https:\/\/www.cercledecultura.org\/ca\/wp-json\/wp\/v2\/posts"}],"about":[{"href":"https:\/\/www.cercledecultura.org\/ca\/wp-json\/wp\/v2\/types\/post"}],"author":[{"embeddable":true,"href":"https:\/\/www.cercledecultura.org\/ca\/wp-json\/wp\/v2\/users\/2"}],"replies":[{"embeddable":true,"href":"https:\/\/www.cercledecultura.org\/ca\/wp-json\/wp\/v2\/comments?post=2834"}],"version-history":[{"count":1,"href":"https:\/\/www.cercledecultura.org\/ca\/wp-json\/wp\/v2\/posts\/2834\/revisions"}],"predecessor-version":[{"id":2838,"href":"https:\/\/www.cercledecultura.org\/ca\/wp-json\/wp\/v2\/posts\/2834\/revisions\/2838"}],"wp:featuredmedia":[{"embeddable":true,"href":"https:\/\/www.cercledecultura.org\/ca\/wp-json\/wp\/v2\/media\/2835"}],"wp:attachment":[{"href":"https:\/\/www.cercledecultura.org\/ca\/wp-json\/wp\/v2\/media?parent=2834"}],"wp:term":[{"taxonomy":"category","embeddable":true,"href":"https:\/\/www.cercledecultura.org\/ca\/wp-json\/wp\/v2\/categories?post=2834"},{"taxonomy":"post_tag","embeddable":true,"href":"https:\/\/www.cercledecultura.org\/ca\/wp-json\/wp\/v2\/tags?post=2834"}],"curies":[{"name":"wp","href":"https:\/\/api.w.org\/{rel}","templated":true}]}}