{"id":2781,"date":"2023-06-05T12:21:01","date_gmt":"2023-06-05T10:21:01","guid":{"rendered":"https:\/\/www.cercledecultura.org\/?p=2781"},"modified":"2025-12-15T11:28:56","modified_gmt":"2025-12-15T09:28:56","slug":"homenatge-a-daniel-martinez-en-la-trobada-anual-de-socis-i-socies","status":"publish","type":"post","link":"https:\/\/www.cercledecultura.org\/ca\/homenatge-a-daniel-martinez-en-la-trobada-anual-de-socis-i-socies\/","title":{"rendered":"Homenatge a Daniel Mart\u00ednez en la trobada anual de socis i s\u00f2cies"},"content":{"rendered":"<p>El dia 1 de juny de 2023 el Cercle de Cultura va retre homenatge a un dels seus socis fundadors, Daniel Mart\u00ednez de Obreg\u00f3n, en honor de la seva dilatada carrera, sempre compromesa en generar espais de trobada, di\u00e0leg i col\u00b7laboraci\u00f3 entre sectors, pel reconeixement social, econ\u00f2mic i institucional de la cultura.\u00a0<br aria-hidden=\"true\" \/><br aria-hidden=\"true\" \/>L\u2019acte\u00a0es va celebrar a la seu de la SGAE i va comptar tamb\u00e9 amb un recital art\u00edstic a c\u00e0rrec dels reconeguts Josep Maria Pou i Emma Vilarasau, i un espai de trobada distesa entre socis i s\u00f2cies de l\u2019entitat. El mateix dia es va celebrar l&#8217;Assemblea anual de Socis, on es van aprovar la liquidaci\u00f3 de l&#8217;exercici 2022 i el pressupost de l&#8217;any 2023.<\/p>\n<p>Finalment, el novembre de 2025 es va fer entrega de forma retrospectiva del guard\u00f3 del Premi Cercle de Cultura a Daniel Mart\u00ednez de Obreg\u00f3n, en una trobada \u00edntima amb el President i el Vicepresident del Cercle de Cultura.<\/p>\n<p>&nbsp;<\/p>\n","protected":false},"excerpt":{"rendered":"<p>El dia 1 de juny de 2023 el Cercle de Cultura va retre homenatge a un dels seus socis fundadors, Daniel Mart\u00ednez de Obreg\u00f3n, en honor de la seva dilatada carrera, sempre compromesa en generar espais de trobada, di\u00e0leg i col\u00b7laboraci\u00f3 entre sectors, pel reconeixement social, econ\u00f2mic i institucional de la cultura.\u00a0L\u2019acte\u00a0es va celebrar a [&hellip;]<\/p>\n","protected":false},"author":2,"featured_media":2794,"comment_status":"closed","ping_status":"closed","sticky":false,"template":"","format":"standard","meta":{"footnotes":""},"categories":[26,32],"tags":[],"class_list":["post-2781","post","type-post","status-publish","format-standard","has-post-thumbnail","hentry","category-noticies","category-recent"],"yoast_head":"<!-- This site is optimized with the Yoast SEO plugin v27.5 - https:\/\/yoast.com\/product\/yoast-seo-wordpress\/ -->\n<title>Homenatge a Daniel Mart\u00ednez en la trobada anual de socis i s\u00f2cies - Cercle de Cultura<\/title>\n<meta name=\"robots\" content=\"index, follow, max-snippet:-1, max-image-preview:large, max-video-preview:-1\" \/>\n<link rel=\"canonical\" href=\"https:\/\/www.cercledecultura.org\/ca\/homenatge-a-daniel-martinez-en-la-trobada-anual-de-socis-i-socies\/\" \/>\n<meta property=\"og:locale\" content=\"ca_ES\" \/>\n<meta property=\"og:type\" content=\"article\" \/>\n<meta property=\"og:title\" content=\"Homenatge a Daniel Mart\u00ednez en la trobada anual de socis i s\u00f2cies - Cercle de Cultura\" \/>\n<meta property=\"og:description\" content=\"El dia 1 de juny de 2023 el Cercle de Cultura va retre homenatge a un dels seus socis fundadors, Daniel Mart\u00ednez de Obreg\u00f3n, en honor de la seva dilatada carrera, sempre compromesa en generar espais de trobada, di\u00e0leg i col\u00b7laboraci\u00f3 entre sectors, pel reconeixement social, econ\u00f2mic i institucional de la cultura.\u00a0L\u2019acte\u00a0es va celebrar a [&hellip;]\" \/>\n<meta property=\"og:url\" content=\"https:\/\/www.cercledecultura.org\/ca\/homenatge-a-daniel-martinez-en-la-trobada-anual-de-socis-i-socies\/\" \/>\n<meta property=\"og:site_name\" content=\"Cercle de Cultura\" \/>\n<meta property=\"article:published_time\" content=\"2023-06-05T10:21:01+00:00\" \/>\n<meta property=\"article:modified_time\" content=\"2025-12-15T09:28:56+00:00\" \/>\n<meta property=\"og:image\" content=\"https:\/\/www.cercledecultura.org\/wp-content\/uploads\/2023\/06\/Daniel-Martinez_Cercle-de-Cultura_\u00a9Studio-Ruano_230601-4469_LOW.jpg\" \/>\n\t<meta property=\"og:image:width\" content=\"2123\" \/>\n\t<meta property=\"og:image:height\" content=\"1413\" \/>\n\t<meta property=\"og:image:type\" content=\"image\/jpeg\" \/>\n<meta name=\"author\" content=\"Comunicaci\u00f3 Cercle de Cultura\" \/>\n<meta name=\"twitter:card\" content=\"summary_large_image\" \/>\n<meta name=\"twitter:label1\" content=\"Escrit per\" \/>\n\t<meta name=\"twitter:data1\" content=\"Comunicaci\u00f3 Cercle de Cultura\" \/>\n\t<meta name=\"twitter:label2\" content=\"Temps estimat de lectura\" \/>\n\t<meta name=\"twitter:data2\" content=\"2 minuts\" \/>\n<script type=\"application\/ld+json\" class=\"yoast-schema-graph\">{\"@context\":\"https:\\\/\\\/schema.org\",\"@graph\":[{\"@type\":\"Article\",\"@id\":\"https:\\\/\\\/www.cercledecultura.org\\\/ca\\\/homenatge-a-daniel-martinez-en-la-trobada-anual-de-socis-i-socies\\\/#article\",\"isPartOf\":{\"@id\":\"https:\\\/\\\/www.cercledecultura.org\\\/ca\\\/homenatge-a-daniel-martinez-en-la-trobada-anual-de-socis-i-socies\\\/\"},\"author\":{\"name\":\"Comunicaci\u00f3 Cercle de Cultura\",\"@id\":\"https:\\\/\\\/www.cercledecultura.org\\\/ca\\\/#\\\/schema\\\/person\\\/931e40c1179ecf352012690d06c032f4\"},\"headline\":\"Homenatge a Daniel Mart\u00ednez en la trobada anual de socis i s\u00f2cies\",\"datePublished\":\"2023-06-05T10:21:01+00:00\",\"dateModified\":\"2025-12-15T09:28:56+00:00\",\"mainEntityOfPage\":{\"@id\":\"https:\\\/\\\/www.cercledecultura.org\\\/ca\\\/homenatge-a-daniel-martinez-en-la-trobada-anual-de-socis-i-socies\\\/\"},\"wordCount\":180,\"publisher\":{\"@id\":\"https:\\\/\\\/www.cercledecultura.org\\\/ca\\\/#organization\"},\"image\":{\"@id\":\"https:\\\/\\\/www.cercledecultura.org\\\/ca\\\/homenatge-a-daniel-martinez-en-la-trobada-anual-de-socis-i-socies\\\/#primaryimage\"},\"thumbnailUrl\":\"https:\\\/\\\/www.cercledecultura.org\\\/wp-content\\\/uploads\\\/2023\\\/06\\\/Daniel-Martinez_Cercle-de-Cultura_\u00a9Studio-Ruano_230601-4469_LOW.jpg\",\"articleSection\":[\"Not\u00edcies\",\"Recent\"],\"inLanguage\":\"ca\"},{\"@type\":\"WebPage\",\"@id\":\"https:\\\/\\\/www.cercledecultura.org\\\/ca\\\/homenatge-a-daniel-martinez-en-la-trobada-anual-de-socis-i-socies\\\/\",\"url\":\"https:\\\/\\\/www.cercledecultura.org\\\/ca\\\/homenatge-a-daniel-martinez-en-la-trobada-anual-de-socis-i-socies\\\/\",\"name\":\"Homenatge a Daniel Mart\u00ednez en la trobada anual de socis i s\u00f2cies - Cercle de Cultura\",\"isPartOf\":{\"@id\":\"https:\\\/\\\/www.cercledecultura.org\\\/ca\\\/#website\"},\"primaryImageOfPage\":{\"@id\":\"https:\\\/\\\/www.cercledecultura.org\\\/ca\\\/homenatge-a-daniel-martinez-en-la-trobada-anual-de-socis-i-socies\\\/#primaryimage\"},\"image\":{\"@id\":\"https:\\\/\\\/www.cercledecultura.org\\\/ca\\\/homenatge-a-daniel-martinez-en-la-trobada-anual-de-socis-i-socies\\\/#primaryimage\"},\"thumbnailUrl\":\"https:\\\/\\\/www.cercledecultura.org\\\/wp-content\\\/uploads\\\/2023\\\/06\\\/Daniel-Martinez_Cercle-de-Cultura_\u00a9Studio-Ruano_230601-4469_LOW.jpg\",\"datePublished\":\"2023-06-05T10:21:01+00:00\",\"dateModified\":\"2025-12-15T09:28:56+00:00\",\"breadcrumb\":{\"@id\":\"https:\\\/\\\/www.cercledecultura.org\\\/ca\\\/homenatge-a-daniel-martinez-en-la-trobada-anual-de-socis-i-socies\\\/#breadcrumb\"},\"inLanguage\":\"ca\",\"potentialAction\":[{\"@type\":\"ReadAction\",\"target\":[\"https:\\\/\\\/www.cercledecultura.org\\\/ca\\\/homenatge-a-daniel-martinez-en-la-trobada-anual-de-socis-i-socies\\\/\"]}]},{\"@type\":\"ImageObject\",\"inLanguage\":\"ca\",\"@id\":\"https:\\\/\\\/www.cercledecultura.org\\\/ca\\\/homenatge-a-daniel-martinez-en-la-trobada-anual-de-socis-i-socies\\\/#primaryimage\",\"url\":\"https:\\\/\\\/www.cercledecultura.org\\\/wp-content\\\/uploads\\\/2023\\\/06\\\/Daniel-Martinez_Cercle-de-Cultura_\u00a9Studio-Ruano_230601-4469_LOW.jpg\",\"contentUrl\":\"https:\\\/\\\/www.cercledecultura.org\\\/wp-content\\\/uploads\\\/2023\\\/06\\\/Daniel-Martinez_Cercle-de-Cultura_\u00a9Studio-Ruano_230601-4469_LOW.jpg\",\"width\":2123,\"height\":1413},{\"@type\":\"BreadcrumbList\",\"@id\":\"https:\\\/\\\/www.cercledecultura.org\\\/ca\\\/homenatge-a-daniel-martinez-en-la-trobada-anual-de-socis-i-socies\\\/#breadcrumb\",\"itemListElement\":[{\"@type\":\"ListItem\",\"position\":1,\"name\":\"Portada\",\"item\":\"https:\\\/\\\/www.cercledecultura.org\\\/ca\\\/\"},{\"@type\":\"ListItem\",\"position\":2,\"name\":\"Homenatge a Daniel Mart\u00ednez en la trobada anual de socis i s\u00f2cies\"}]},{\"@type\":\"WebSite\",\"@id\":\"https:\\\/\\\/www.cercledecultura.org\\\/ca\\\/#website\",\"url\":\"https:\\\/\\\/www.cercledecultura.org\\\/ca\\\/\",\"name\":\"Cercle de Cultura\",\"description\":\"Entitat de car\u00e0cter privat i associatiu, independent, amb voluntat de participar en la vida p\u00fablica des de la pluralitat ideol\u00f2gica dels seus membres fundadors i futurs associats\",\"publisher\":{\"@id\":\"https:\\\/\\\/www.cercledecultura.org\\\/ca\\\/#organization\"},\"potentialAction\":[{\"@type\":\"SearchAction\",\"target\":{\"@type\":\"EntryPoint\",\"urlTemplate\":\"https:\\\/\\\/www.cercledecultura.org\\\/ca\\\/?s={search_term_string}\"},\"query-input\":{\"@type\":\"PropertyValueSpecification\",\"valueRequired\":true,\"valueName\":\"search_term_string\"}}],\"inLanguage\":\"ca\"},{\"@type\":\"Organization\",\"@id\":\"https:\\\/\\\/www.cercledecultura.org\\\/ca\\\/#organization\",\"name\":\"Cercle de Cultura\",\"url\":\"https:\\\/\\\/www.cercledecultura.org\\\/ca\\\/\",\"logo\":{\"@type\":\"ImageObject\",\"inLanguage\":\"ca\",\"@id\":\"https:\\\/\\\/www.cercledecultura.org\\\/ca\\\/#\\\/schema\\\/logo\\\/image\\\/\",\"url\":\"https:\\\/\\\/www.cercledecultura.org\\\/wp-content\\\/uploads\\\/2020\\\/01\\\/logo-cercle-de-cultura.png\",\"contentUrl\":\"https:\\\/\\\/www.cercledecultura.org\\\/wp-content\\\/uploads\\\/2020\\\/01\\\/logo-cercle-de-cultura.png\",\"width\":350,\"height\":195,\"caption\":\"Cercle de Cultura\"},\"image\":{\"@id\":\"https:\\\/\\\/www.cercledecultura.org\\\/ca\\\/#\\\/schema\\\/logo\\\/image\\\/\"}},{\"@type\":\"Person\",\"@id\":\"https:\\\/\\\/www.cercledecultura.org\\\/ca\\\/#\\\/schema\\\/person\\\/931e40c1179ecf352012690d06c032f4\",\"name\":\"Comunicaci\u00f3 Cercle de Cultura\",\"image\":{\"@type\":\"ImageObject\",\"inLanguage\":\"ca\",\"@id\":\"https:\\\/\\\/secure.gravatar.com\\\/avatar\\\/46c76410f5e9186d043ead05387a12bf4af192b9a85fac81aaa84c02b822a715?s=96&d=mm&r=g\",\"url\":\"https:\\\/\\\/secure.gravatar.com\\\/avatar\\\/46c76410f5e9186d043ead05387a12bf4af192b9a85fac81aaa84c02b822a715?s=96&d=mm&r=g\",\"contentUrl\":\"https:\\\/\\\/secure.gravatar.com\\\/avatar\\\/46c76410f5e9186d043ead05387a12bf4af192b9a85fac81aaa84c02b822a715?s=96&d=mm&r=g\",\"caption\":\"Comunicaci\u00f3 Cercle de Cultura\"},\"sameAs\":[\"https:\\\/\\\/www.cercledecultura.org\"],\"url\":\"https:\\\/\\\/www.cercledecultura.org\\\/ca\\\/author\\\/secretaria\\\/\"}]}<\/script>\n<!-- \/ Yoast SEO plugin. -->","yoast_head_json":{"title":"Homenatge a Daniel Mart\u00ednez en la trobada anual de socis i s\u00f2cies - Cercle de Cultura","robots":{"index":"index","follow":"follow","max-snippet":"max-snippet:-1","max-image-preview":"max-image-preview:large","max-video-preview":"max-video-preview:-1"},"canonical":"https:\/\/www.cercledecultura.org\/ca\/homenatge-a-daniel-martinez-en-la-trobada-anual-de-socis-i-socies\/","og_locale":"ca_ES","og_type":"article","og_title":"Homenatge a Daniel Mart\u00ednez en la trobada anual de socis i s\u00f2cies - Cercle de Cultura","og_description":"El dia 1 de juny de 2023 el Cercle de Cultura va retre homenatge a un dels seus socis fundadors, Daniel Mart\u00ednez de Obreg\u00f3n, en honor de la seva dilatada carrera, sempre compromesa en generar espais de trobada, di\u00e0leg i col\u00b7laboraci\u00f3 entre sectors, pel reconeixement social, econ\u00f2mic i institucional de la cultura.\u00a0L\u2019acte\u00a0es va celebrar a [&hellip;]","og_url":"https:\/\/www.cercledecultura.org\/ca\/homenatge-a-daniel-martinez-en-la-trobada-anual-de-socis-i-socies\/","og_site_name":"Cercle de Cultura","article_published_time":"2023-06-05T10:21:01+00:00","article_modified_time":"2025-12-15T09:28:56+00:00","og_image":[{"width":2123,"height":1413,"url":"https:\/\/www.cercledecultura.org\/wp-content\/uploads\/2023\/06\/Daniel-Martinez_Cercle-de-Cultura_\u00a9Studio-Ruano_230601-4469_LOW.jpg","type":"image\/jpeg"}],"author":"Comunicaci\u00f3 Cercle de Cultura","twitter_card":"summary_large_image","twitter_misc":{"Escrit per":"Comunicaci\u00f3 Cercle de Cultura","Temps estimat de lectura":"2 minuts"},"schema":{"@context":"https:\/\/schema.org","@graph":[{"@type":"Article","@id":"https:\/\/www.cercledecultura.org\/ca\/homenatge-a-daniel-martinez-en-la-trobada-anual-de-socis-i-socies\/#article","isPartOf":{"@id":"https:\/\/www.cercledecultura.org\/ca\/homenatge-a-daniel-martinez-en-la-trobada-anual-de-socis-i-socies\/"},"author":{"name":"Comunicaci\u00f3 Cercle de Cultura","@id":"https:\/\/www.cercledecultura.org\/ca\/#\/schema\/person\/931e40c1179ecf352012690d06c032f4"},"headline":"Homenatge a Daniel Mart\u00ednez en la trobada anual de socis i s\u00f2cies","datePublished":"2023-06-05T10:21:01+00:00","dateModified":"2025-12-15T09:28:56+00:00","mainEntityOfPage":{"@id":"https:\/\/www.cercledecultura.org\/ca\/homenatge-a-daniel-martinez-en-la-trobada-anual-de-socis-i-socies\/"},"wordCount":180,"publisher":{"@id":"https:\/\/www.cercledecultura.org\/ca\/#organization"},"image":{"@id":"https:\/\/www.cercledecultura.org\/ca\/homenatge-a-daniel-martinez-en-la-trobada-anual-de-socis-i-socies\/#primaryimage"},"thumbnailUrl":"https:\/\/www.cercledecultura.org\/wp-content\/uploads\/2023\/06\/Daniel-Martinez_Cercle-de-Cultura_\u00a9Studio-Ruano_230601-4469_LOW.jpg","articleSection":["Not\u00edcies","Recent"],"inLanguage":"ca"},{"@type":"WebPage","@id":"https:\/\/www.cercledecultura.org\/ca\/homenatge-a-daniel-martinez-en-la-trobada-anual-de-socis-i-socies\/","url":"https:\/\/www.cercledecultura.org\/ca\/homenatge-a-daniel-martinez-en-la-trobada-anual-de-socis-i-socies\/","name":"Homenatge a Daniel Mart\u00ednez en la trobada anual de socis i s\u00f2cies - Cercle de Cultura","isPartOf":{"@id":"https:\/\/www.cercledecultura.org\/ca\/#website"},"primaryImageOfPage":{"@id":"https:\/\/www.cercledecultura.org\/ca\/homenatge-a-daniel-martinez-en-la-trobada-anual-de-socis-i-socies\/#primaryimage"},"image":{"@id":"https:\/\/www.cercledecultura.org\/ca\/homenatge-a-daniel-martinez-en-la-trobada-anual-de-socis-i-socies\/#primaryimage"},"thumbnailUrl":"https:\/\/www.cercledecultura.org\/wp-content\/uploads\/2023\/06\/Daniel-Martinez_Cercle-de-Cultura_\u00a9Studio-Ruano_230601-4469_LOW.jpg","datePublished":"2023-06-05T10:21:01+00:00","dateModified":"2025-12-15T09:28:56+00:00","breadcrumb":{"@id":"https:\/\/www.cercledecultura.org\/ca\/homenatge-a-daniel-martinez-en-la-trobada-anual-de-socis-i-socies\/#breadcrumb"},"inLanguage":"ca","potentialAction":[{"@type":"ReadAction","target":["https:\/\/www.cercledecultura.org\/ca\/homenatge-a-daniel-martinez-en-la-trobada-anual-de-socis-i-socies\/"]}]},{"@type":"ImageObject","inLanguage":"ca","@id":"https:\/\/www.cercledecultura.org\/ca\/homenatge-a-daniel-martinez-en-la-trobada-anual-de-socis-i-socies\/#primaryimage","url":"https:\/\/www.cercledecultura.org\/wp-content\/uploads\/2023\/06\/Daniel-Martinez_Cercle-de-Cultura_\u00a9Studio-Ruano_230601-4469_LOW.jpg","contentUrl":"https:\/\/www.cercledecultura.org\/wp-content\/uploads\/2023\/06\/Daniel-Martinez_Cercle-de-Cultura_\u00a9Studio-Ruano_230601-4469_LOW.jpg","width":2123,"height":1413},{"@type":"BreadcrumbList","@id":"https:\/\/www.cercledecultura.org\/ca\/homenatge-a-daniel-martinez-en-la-trobada-anual-de-socis-i-socies\/#breadcrumb","itemListElement":[{"@type":"ListItem","position":1,"name":"Portada","item":"https:\/\/www.cercledecultura.org\/ca\/"},{"@type":"ListItem","position":2,"name":"Homenatge a Daniel Mart\u00ednez en la trobada anual de socis i s\u00f2cies"}]},{"@type":"WebSite","@id":"https:\/\/www.cercledecultura.org\/ca\/#website","url":"https:\/\/www.cercledecultura.org\/ca\/","name":"Cercle de Cultura","description":"Entitat de car\u00e0cter privat i associatiu, independent, amb voluntat de participar en la vida p\u00fablica des de la pluralitat ideol\u00f2gica dels seus membres fundadors i futurs associats","publisher":{"@id":"https:\/\/www.cercledecultura.org\/ca\/#organization"},"potentialAction":[{"@type":"SearchAction","target":{"@type":"EntryPoint","urlTemplate":"https:\/\/www.cercledecultura.org\/ca\/?s={search_term_string}"},"query-input":{"@type":"PropertyValueSpecification","valueRequired":true,"valueName":"search_term_string"}}],"inLanguage":"ca"},{"@type":"Organization","@id":"https:\/\/www.cercledecultura.org\/ca\/#organization","name":"Cercle de Cultura","url":"https:\/\/www.cercledecultura.org\/ca\/","logo":{"@type":"ImageObject","inLanguage":"ca","@id":"https:\/\/www.cercledecultura.org\/ca\/#\/schema\/logo\/image\/","url":"https:\/\/www.cercledecultura.org\/wp-content\/uploads\/2020\/01\/logo-cercle-de-cultura.png","contentUrl":"https:\/\/www.cercledecultura.org\/wp-content\/uploads\/2020\/01\/logo-cercle-de-cultura.png","width":350,"height":195,"caption":"Cercle de Cultura"},"image":{"@id":"https:\/\/www.cercledecultura.org\/ca\/#\/schema\/logo\/image\/"}},{"@type":"Person","@id":"https:\/\/www.cercledecultura.org\/ca\/#\/schema\/person\/931e40c1179ecf352012690d06c032f4","name":"Comunicaci\u00f3 Cercle de Cultura","image":{"@type":"ImageObject","inLanguage":"ca","@id":"https:\/\/secure.gravatar.com\/avatar\/46c76410f5e9186d043ead05387a12bf4af192b9a85fac81aaa84c02b822a715?s=96&d=mm&r=g","url":"https:\/\/secure.gravatar.com\/avatar\/46c76410f5e9186d043ead05387a12bf4af192b9a85fac81aaa84c02b822a715?s=96&d=mm&r=g","contentUrl":"https:\/\/secure.gravatar.com\/avatar\/46c76410f5e9186d043ead05387a12bf4af192b9a85fac81aaa84c02b822a715?s=96&d=mm&r=g","caption":"Comunicaci\u00f3 Cercle de Cultura"},"sameAs":["https:\/\/www.cercledecultura.org"],"url":"https:\/\/www.cercledecultura.org\/ca\/author\/secretaria\/"}]}},"_links":{"self":[{"href":"https:\/\/www.cercledecultura.org\/ca\/wp-json\/wp\/v2\/posts\/2781","targetHints":{"allow":["GET"]}}],"collection":[{"href":"https:\/\/www.cercledecultura.org\/ca\/wp-json\/wp\/v2\/posts"}],"about":[{"href":"https:\/\/www.cercledecultura.org\/ca\/wp-json\/wp\/v2\/types\/post"}],"author":[{"embeddable":true,"href":"https:\/\/www.cercledecultura.org\/ca\/wp-json\/wp\/v2\/users\/2"}],"replies":[{"embeddable":true,"href":"https:\/\/www.cercledecultura.org\/ca\/wp-json\/wp\/v2\/comments?post=2781"}],"version-history":[{"count":5,"href":"https:\/\/www.cercledecultura.org\/ca\/wp-json\/wp\/v2\/posts\/2781\/revisions"}],"predecessor-version":[{"id":3338,"href":"https:\/\/www.cercledecultura.org\/ca\/wp-json\/wp\/v2\/posts\/2781\/revisions\/3338"}],"wp:featuredmedia":[{"embeddable":true,"href":"https:\/\/www.cercledecultura.org\/ca\/wp-json\/wp\/v2\/media\/2794"}],"wp:attachment":[{"href":"https:\/\/www.cercledecultura.org\/ca\/wp-json\/wp\/v2\/media?parent=2781"}],"wp:term":[{"taxonomy":"category","embeddable":true,"href":"https:\/\/www.cercledecultura.org\/ca\/wp-json\/wp\/v2\/categories?post=2781"},{"taxonomy":"post_tag","embeddable":true,"href":"https:\/\/www.cercledecultura.org\/ca\/wp-json\/wp\/v2\/tags?post=2781"}],"curies":[{"name":"wp","href":"https:\/\/api.w.org\/{rel}","templated":true}]}}