{"id":2756,"date":"2023-02-25T12:42:18","date_gmt":"2023-02-25T10:42:18","guid":{"rendered":"https:\/\/www.cercledecultura.org\/?p=2756"},"modified":"2024-04-25T14:35:33","modified_gmt":"2024-04-25T12:35:33","slug":"reptes-i-prioritats-de-lassociacionisme-cultural-acte-a-lhospitalet","status":"publish","type":"post","link":"https:\/\/www.cercledecultura.org\/ca\/reptes-i-prioritats-de-lassociacionisme-cultural-acte-a-lhospitalet\/","title":{"rendered":"Reptes i prioritats de l&#8217;associacionisme cultural. Acte a l&#8217;Hospitalet"},"content":{"rendered":"<p>El\u00a0<strong>dimecres 15 de mar\u00e7 a les 19h<\/strong>, el Casino del Centre de l&#8217;Hospitalet de Llobregat acull una taula rodona organitzada pel Cercle de Cultura, al voltant de les prioritats culturals del Casino del Centre i els reptes culturals de l\u2019associacionisme cultural catal\u00e0.<\/p>\n<p>&nbsp;<\/p>\n<p>El Casino del Centre de l\u2019Hospitalet de Llobregat \u00e9s una entitat que aquest any 2023 commemora el seu 150 aniversari. En aquest darrers 150 anys aquesta entitat ha mantingut la seva activitat, essent un testimoni de les grans transformacions de la ciutat i un actor cultural important de la segona ciutat de Catalunya.<\/p>\n<p>&nbsp;<\/p>\n<p>Aquests primers 150 anys s\u00f3n un bon moment per reflexionar sobre les prioritats culturals del Casino del Centre, considerant els canvis i transformacions de l\u2019Hospitalet del segle XXI.<\/p>\n<p>&nbsp;<\/p>\n<p>Per aquesta ra\u00f3, ser\u00e0 molt interessant escoltar el di\u00e0leg en el que participaran la periodista <strong>Gl\u00f2ria Prun\u00e9s<\/strong> com a moderadora i <strong>Xavier Marc\u00e9,<\/strong> Regidor de turisme i ind\u00fastries creatives de l\u2019Ajuntament de Barcelona,\u00a0<strong>Pep Morella, <\/strong>President de la Federaci\u00f3 d\u2019Ateneus de Catalunya,\u00a0<strong>David Quir\u00f3s, <\/strong>regidor de Cultura de l\u2019Ajuntament de l\u2019Hospitalet de Llobregat i <strong>Maria del Carme Jim\u00e9nez, <\/strong>directora de l\u2019Institut Ramon Muntaner.<\/p>\n","protected":false},"excerpt":{"rendered":"<p>El\u00a0dimecres 15 de mar\u00e7 a les 19h, el Casino del Centre de l&#8217;Hospitalet de Llobregat acull una taula rodona organitzada pel Cercle de Cultura, al voltant de les prioritats culturals del Casino del Centre i els reptes culturals de l\u2019associacionisme cultural catal\u00e0. &nbsp; El Casino del Centre de l\u2019Hospitalet de Llobregat \u00e9s una entitat que [&hellip;]<\/p>\n","protected":false},"author":2,"featured_media":2758,"comment_status":"closed","ping_status":"closed","sticky":false,"template":"","format":"standard","meta":{"footnotes":""},"categories":[3,26],"tags":[],"class_list":["post-2756","post","type-post","status-publish","format-standard","has-post-thumbnail","hentry","category-activitats","category-noticies"],"yoast_head":"<!-- This site is optimized with the Yoast SEO plugin v27.5 - https:\/\/yoast.com\/product\/yoast-seo-wordpress\/ -->\n<title>Reptes i prioritats de l&#039;associacionisme cultural. Acte a l&#039;Hospitalet - Cercle de Cultura<\/title>\n<meta name=\"robots\" content=\"index, follow, max-snippet:-1, max-image-preview:large, max-video-preview:-1\" \/>\n<link rel=\"canonical\" href=\"https:\/\/www.cercledecultura.org\/ca\/reptes-i-prioritats-de-lassociacionisme-cultural-acte-a-lhospitalet\/\" \/>\n<meta property=\"og:locale\" content=\"ca_ES\" \/>\n<meta property=\"og:type\" content=\"article\" \/>\n<meta property=\"og:title\" content=\"Reptes i prioritats de l&#039;associacionisme cultural. Acte a l&#039;Hospitalet - Cercle de Cultura\" \/>\n<meta property=\"og:description\" content=\"El\u00a0dimecres 15 de mar\u00e7 a les 19h, el Casino del Centre de l&#8217;Hospitalet de Llobregat acull una taula rodona organitzada pel Cercle de Cultura, al voltant de les prioritats culturals del Casino del Centre i els reptes culturals de l\u2019associacionisme cultural catal\u00e0. &nbsp; El Casino del Centre de l\u2019Hospitalet de Llobregat \u00e9s una entitat que [&hellip;]\" \/>\n<meta property=\"og:url\" content=\"https:\/\/www.cercledecultura.org\/ca\/reptes-i-prioritats-de-lassociacionisme-cultural-acte-a-lhospitalet\/\" \/>\n<meta property=\"og:site_name\" content=\"Cercle de Cultura\" \/>\n<meta property=\"article:published_time\" content=\"2023-02-25T10:42:18+00:00\" \/>\n<meta property=\"article:modified_time\" content=\"2024-04-25T12:35:33+00:00\" \/>\n<meta property=\"og:image\" content=\"https:\/\/www.cercledecultura.org\/wp-content\/uploads\/2023\/02\/CASINO-foto-scaled.jpg\" \/>\n\t<meta property=\"og:image:width\" content=\"2560\" \/>\n\t<meta property=\"og:image:height\" content=\"1709\" \/>\n\t<meta property=\"og:image:type\" content=\"image\/jpeg\" \/>\n<meta name=\"author\" content=\"Comunicaci\u00f3 Cercle de Cultura\" \/>\n<meta name=\"twitter:card\" content=\"summary_large_image\" \/>\n<meta name=\"twitter:label1\" content=\"Escrit per\" \/>\n\t<meta name=\"twitter:data1\" content=\"Comunicaci\u00f3 Cercle de Cultura\" \/>\n\t<meta name=\"twitter:label2\" content=\"Temps estimat de lectura\" \/>\n\t<meta name=\"twitter:data2\" content=\"2 minuts\" \/>\n<script type=\"application\/ld+json\" class=\"yoast-schema-graph\">{\"@context\":\"https:\\\/\\\/schema.org\",\"@graph\":[{\"@type\":\"Article\",\"@id\":\"https:\\\/\\\/www.cercledecultura.org\\\/ca\\\/reptes-i-prioritats-de-lassociacionisme-cultural-acte-a-lhospitalet\\\/#article\",\"isPartOf\":{\"@id\":\"https:\\\/\\\/www.cercledecultura.org\\\/ca\\\/reptes-i-prioritats-de-lassociacionisme-cultural-acte-a-lhospitalet\\\/\"},\"author\":{\"name\":\"Comunicaci\u00f3 Cercle de Cultura\",\"@id\":\"https:\\\/\\\/www.cercledecultura.org\\\/ca\\\/#\\\/schema\\\/person\\\/931e40c1179ecf352012690d06c032f4\"},\"headline\":\"Reptes i prioritats de l&#8217;associacionisme cultural. Acte a l&#8217;Hospitalet\",\"datePublished\":\"2023-02-25T10:42:18+00:00\",\"dateModified\":\"2024-04-25T12:35:33+00:00\",\"mainEntityOfPage\":{\"@id\":\"https:\\\/\\\/www.cercledecultura.org\\\/ca\\\/reptes-i-prioritats-de-lassociacionisme-cultural-acte-a-lhospitalet\\\/\"},\"wordCount\":212,\"publisher\":{\"@id\":\"https:\\\/\\\/www.cercledecultura.org\\\/ca\\\/#organization\"},\"image\":{\"@id\":\"https:\\\/\\\/www.cercledecultura.org\\\/ca\\\/reptes-i-prioritats-de-lassociacionisme-cultural-acte-a-lhospitalet\\\/#primaryimage\"},\"thumbnailUrl\":\"https:\\\/\\\/www.cercledecultura.org\\\/wp-content\\\/uploads\\\/2023\\\/02\\\/CASINO-foto-scaled.jpg\",\"articleSection\":[\"Activitats\",\"Not\u00edcies\"],\"inLanguage\":\"ca\"},{\"@type\":\"WebPage\",\"@id\":\"https:\\\/\\\/www.cercledecultura.org\\\/ca\\\/reptes-i-prioritats-de-lassociacionisme-cultural-acte-a-lhospitalet\\\/\",\"url\":\"https:\\\/\\\/www.cercledecultura.org\\\/ca\\\/reptes-i-prioritats-de-lassociacionisme-cultural-acte-a-lhospitalet\\\/\",\"name\":\"Reptes i prioritats de l'associacionisme cultural. Acte a l'Hospitalet - Cercle de Cultura\",\"isPartOf\":{\"@id\":\"https:\\\/\\\/www.cercledecultura.org\\\/ca\\\/#website\"},\"primaryImageOfPage\":{\"@id\":\"https:\\\/\\\/www.cercledecultura.org\\\/ca\\\/reptes-i-prioritats-de-lassociacionisme-cultural-acte-a-lhospitalet\\\/#primaryimage\"},\"image\":{\"@id\":\"https:\\\/\\\/www.cercledecultura.org\\\/ca\\\/reptes-i-prioritats-de-lassociacionisme-cultural-acte-a-lhospitalet\\\/#primaryimage\"},\"thumbnailUrl\":\"https:\\\/\\\/www.cercledecultura.org\\\/wp-content\\\/uploads\\\/2023\\\/02\\\/CASINO-foto-scaled.jpg\",\"datePublished\":\"2023-02-25T10:42:18+00:00\",\"dateModified\":\"2024-04-25T12:35:33+00:00\",\"breadcrumb\":{\"@id\":\"https:\\\/\\\/www.cercledecultura.org\\\/ca\\\/reptes-i-prioritats-de-lassociacionisme-cultural-acte-a-lhospitalet\\\/#breadcrumb\"},\"inLanguage\":\"ca\",\"potentialAction\":[{\"@type\":\"ReadAction\",\"target\":[\"https:\\\/\\\/www.cercledecultura.org\\\/ca\\\/reptes-i-prioritats-de-lassociacionisme-cultural-acte-a-lhospitalet\\\/\"]}]},{\"@type\":\"ImageObject\",\"inLanguage\":\"ca\",\"@id\":\"https:\\\/\\\/www.cercledecultura.org\\\/ca\\\/reptes-i-prioritats-de-lassociacionisme-cultural-acte-a-lhospitalet\\\/#primaryimage\",\"url\":\"https:\\\/\\\/www.cercledecultura.org\\\/wp-content\\\/uploads\\\/2023\\\/02\\\/CASINO-foto-scaled.jpg\",\"contentUrl\":\"https:\\\/\\\/www.cercledecultura.org\\\/wp-content\\\/uploads\\\/2023\\\/02\\\/CASINO-foto-scaled.jpg\",\"width\":2560,\"height\":1709},{\"@type\":\"BreadcrumbList\",\"@id\":\"https:\\\/\\\/www.cercledecultura.org\\\/ca\\\/reptes-i-prioritats-de-lassociacionisme-cultural-acte-a-lhospitalet\\\/#breadcrumb\",\"itemListElement\":[{\"@type\":\"ListItem\",\"position\":1,\"name\":\"Portada\",\"item\":\"https:\\\/\\\/www.cercledecultura.org\\\/ca\\\/\"},{\"@type\":\"ListItem\",\"position\":2,\"name\":\"Reptes i prioritats de l&#8217;associacionisme cultural. Acte a l&#8217;Hospitalet\"}]},{\"@type\":\"WebSite\",\"@id\":\"https:\\\/\\\/www.cercledecultura.org\\\/ca\\\/#website\",\"url\":\"https:\\\/\\\/www.cercledecultura.org\\\/ca\\\/\",\"name\":\"Cercle de Cultura\",\"description\":\"Entitat de car\u00e0cter privat i associatiu, independent, amb voluntat de participar en la vida p\u00fablica des de la pluralitat ideol\u00f2gica dels seus membres fundadors i futurs associats\",\"publisher\":{\"@id\":\"https:\\\/\\\/www.cercledecultura.org\\\/ca\\\/#organization\"},\"potentialAction\":[{\"@type\":\"SearchAction\",\"target\":{\"@type\":\"EntryPoint\",\"urlTemplate\":\"https:\\\/\\\/www.cercledecultura.org\\\/ca\\\/?s={search_term_string}\"},\"query-input\":{\"@type\":\"PropertyValueSpecification\",\"valueRequired\":true,\"valueName\":\"search_term_string\"}}],\"inLanguage\":\"ca\"},{\"@type\":\"Organization\",\"@id\":\"https:\\\/\\\/www.cercledecultura.org\\\/ca\\\/#organization\",\"name\":\"Cercle de Cultura\",\"url\":\"https:\\\/\\\/www.cercledecultura.org\\\/ca\\\/\",\"logo\":{\"@type\":\"ImageObject\",\"inLanguage\":\"ca\",\"@id\":\"https:\\\/\\\/www.cercledecultura.org\\\/ca\\\/#\\\/schema\\\/logo\\\/image\\\/\",\"url\":\"https:\\\/\\\/www.cercledecultura.org\\\/wp-content\\\/uploads\\\/2020\\\/01\\\/logo-cercle-de-cultura.png\",\"contentUrl\":\"https:\\\/\\\/www.cercledecultura.org\\\/wp-content\\\/uploads\\\/2020\\\/01\\\/logo-cercle-de-cultura.png\",\"width\":350,\"height\":195,\"caption\":\"Cercle de Cultura\"},\"image\":{\"@id\":\"https:\\\/\\\/www.cercledecultura.org\\\/ca\\\/#\\\/schema\\\/logo\\\/image\\\/\"}},{\"@type\":\"Person\",\"@id\":\"https:\\\/\\\/www.cercledecultura.org\\\/ca\\\/#\\\/schema\\\/person\\\/931e40c1179ecf352012690d06c032f4\",\"name\":\"Comunicaci\u00f3 Cercle de Cultura\",\"image\":{\"@type\":\"ImageObject\",\"inLanguage\":\"ca\",\"@id\":\"https:\\\/\\\/secure.gravatar.com\\\/avatar\\\/46c76410f5e9186d043ead05387a12bf4af192b9a85fac81aaa84c02b822a715?s=96&d=mm&r=g\",\"url\":\"https:\\\/\\\/secure.gravatar.com\\\/avatar\\\/46c76410f5e9186d043ead05387a12bf4af192b9a85fac81aaa84c02b822a715?s=96&d=mm&r=g\",\"contentUrl\":\"https:\\\/\\\/secure.gravatar.com\\\/avatar\\\/46c76410f5e9186d043ead05387a12bf4af192b9a85fac81aaa84c02b822a715?s=96&d=mm&r=g\",\"caption\":\"Comunicaci\u00f3 Cercle de Cultura\"},\"sameAs\":[\"https:\\\/\\\/www.cercledecultura.org\"],\"url\":\"https:\\\/\\\/www.cercledecultura.org\\\/ca\\\/author\\\/secretaria\\\/\"}]}<\/script>\n<!-- \/ Yoast SEO plugin. -->","yoast_head_json":{"title":"Reptes i prioritats de l'associacionisme cultural. Acte a l'Hospitalet - Cercle de Cultura","robots":{"index":"index","follow":"follow","max-snippet":"max-snippet:-1","max-image-preview":"max-image-preview:large","max-video-preview":"max-video-preview:-1"},"canonical":"https:\/\/www.cercledecultura.org\/ca\/reptes-i-prioritats-de-lassociacionisme-cultural-acte-a-lhospitalet\/","og_locale":"ca_ES","og_type":"article","og_title":"Reptes i prioritats de l'associacionisme cultural. Acte a l'Hospitalet - Cercle de Cultura","og_description":"El\u00a0dimecres 15 de mar\u00e7 a les 19h, el Casino del Centre de l&#8217;Hospitalet de Llobregat acull una taula rodona organitzada pel Cercle de Cultura, al voltant de les prioritats culturals del Casino del Centre i els reptes culturals de l\u2019associacionisme cultural catal\u00e0. &nbsp; El Casino del Centre de l\u2019Hospitalet de Llobregat \u00e9s una entitat que [&hellip;]","og_url":"https:\/\/www.cercledecultura.org\/ca\/reptes-i-prioritats-de-lassociacionisme-cultural-acte-a-lhospitalet\/","og_site_name":"Cercle de Cultura","article_published_time":"2023-02-25T10:42:18+00:00","article_modified_time":"2024-04-25T12:35:33+00:00","og_image":[{"width":2560,"height":1709,"url":"https:\/\/www.cercledecultura.org\/wp-content\/uploads\/2023\/02\/CASINO-foto-scaled.jpg","type":"image\/jpeg"}],"author":"Comunicaci\u00f3 Cercle de Cultura","twitter_card":"summary_large_image","twitter_misc":{"Escrit per":"Comunicaci\u00f3 Cercle de Cultura","Temps estimat de lectura":"2 minuts"},"schema":{"@context":"https:\/\/schema.org","@graph":[{"@type":"Article","@id":"https:\/\/www.cercledecultura.org\/ca\/reptes-i-prioritats-de-lassociacionisme-cultural-acte-a-lhospitalet\/#article","isPartOf":{"@id":"https:\/\/www.cercledecultura.org\/ca\/reptes-i-prioritats-de-lassociacionisme-cultural-acte-a-lhospitalet\/"},"author":{"name":"Comunicaci\u00f3 Cercle de Cultura","@id":"https:\/\/www.cercledecultura.org\/ca\/#\/schema\/person\/931e40c1179ecf352012690d06c032f4"},"headline":"Reptes i prioritats de l&#8217;associacionisme cultural. Acte a l&#8217;Hospitalet","datePublished":"2023-02-25T10:42:18+00:00","dateModified":"2024-04-25T12:35:33+00:00","mainEntityOfPage":{"@id":"https:\/\/www.cercledecultura.org\/ca\/reptes-i-prioritats-de-lassociacionisme-cultural-acte-a-lhospitalet\/"},"wordCount":212,"publisher":{"@id":"https:\/\/www.cercledecultura.org\/ca\/#organization"},"image":{"@id":"https:\/\/www.cercledecultura.org\/ca\/reptes-i-prioritats-de-lassociacionisme-cultural-acte-a-lhospitalet\/#primaryimage"},"thumbnailUrl":"https:\/\/www.cercledecultura.org\/wp-content\/uploads\/2023\/02\/CASINO-foto-scaled.jpg","articleSection":["Activitats","Not\u00edcies"],"inLanguage":"ca"},{"@type":"WebPage","@id":"https:\/\/www.cercledecultura.org\/ca\/reptes-i-prioritats-de-lassociacionisme-cultural-acte-a-lhospitalet\/","url":"https:\/\/www.cercledecultura.org\/ca\/reptes-i-prioritats-de-lassociacionisme-cultural-acte-a-lhospitalet\/","name":"Reptes i prioritats de l'associacionisme cultural. Acte a l'Hospitalet - Cercle de Cultura","isPartOf":{"@id":"https:\/\/www.cercledecultura.org\/ca\/#website"},"primaryImageOfPage":{"@id":"https:\/\/www.cercledecultura.org\/ca\/reptes-i-prioritats-de-lassociacionisme-cultural-acte-a-lhospitalet\/#primaryimage"},"image":{"@id":"https:\/\/www.cercledecultura.org\/ca\/reptes-i-prioritats-de-lassociacionisme-cultural-acte-a-lhospitalet\/#primaryimage"},"thumbnailUrl":"https:\/\/www.cercledecultura.org\/wp-content\/uploads\/2023\/02\/CASINO-foto-scaled.jpg","datePublished":"2023-02-25T10:42:18+00:00","dateModified":"2024-04-25T12:35:33+00:00","breadcrumb":{"@id":"https:\/\/www.cercledecultura.org\/ca\/reptes-i-prioritats-de-lassociacionisme-cultural-acte-a-lhospitalet\/#breadcrumb"},"inLanguage":"ca","potentialAction":[{"@type":"ReadAction","target":["https:\/\/www.cercledecultura.org\/ca\/reptes-i-prioritats-de-lassociacionisme-cultural-acte-a-lhospitalet\/"]}]},{"@type":"ImageObject","inLanguage":"ca","@id":"https:\/\/www.cercledecultura.org\/ca\/reptes-i-prioritats-de-lassociacionisme-cultural-acte-a-lhospitalet\/#primaryimage","url":"https:\/\/www.cercledecultura.org\/wp-content\/uploads\/2023\/02\/CASINO-foto-scaled.jpg","contentUrl":"https:\/\/www.cercledecultura.org\/wp-content\/uploads\/2023\/02\/CASINO-foto-scaled.jpg","width":2560,"height":1709},{"@type":"BreadcrumbList","@id":"https:\/\/www.cercledecultura.org\/ca\/reptes-i-prioritats-de-lassociacionisme-cultural-acte-a-lhospitalet\/#breadcrumb","itemListElement":[{"@type":"ListItem","position":1,"name":"Portada","item":"https:\/\/www.cercledecultura.org\/ca\/"},{"@type":"ListItem","position":2,"name":"Reptes i prioritats de l&#8217;associacionisme cultural. Acte a l&#8217;Hospitalet"}]},{"@type":"WebSite","@id":"https:\/\/www.cercledecultura.org\/ca\/#website","url":"https:\/\/www.cercledecultura.org\/ca\/","name":"Cercle de Cultura","description":"Entitat de car\u00e0cter privat i associatiu, independent, amb voluntat de participar en la vida p\u00fablica des de la pluralitat ideol\u00f2gica dels seus membres fundadors i futurs associats","publisher":{"@id":"https:\/\/www.cercledecultura.org\/ca\/#organization"},"potentialAction":[{"@type":"SearchAction","target":{"@type":"EntryPoint","urlTemplate":"https:\/\/www.cercledecultura.org\/ca\/?s={search_term_string}"},"query-input":{"@type":"PropertyValueSpecification","valueRequired":true,"valueName":"search_term_string"}}],"inLanguage":"ca"},{"@type":"Organization","@id":"https:\/\/www.cercledecultura.org\/ca\/#organization","name":"Cercle de Cultura","url":"https:\/\/www.cercledecultura.org\/ca\/","logo":{"@type":"ImageObject","inLanguage":"ca","@id":"https:\/\/www.cercledecultura.org\/ca\/#\/schema\/logo\/image\/","url":"https:\/\/www.cercledecultura.org\/wp-content\/uploads\/2020\/01\/logo-cercle-de-cultura.png","contentUrl":"https:\/\/www.cercledecultura.org\/wp-content\/uploads\/2020\/01\/logo-cercle-de-cultura.png","width":350,"height":195,"caption":"Cercle de Cultura"},"image":{"@id":"https:\/\/www.cercledecultura.org\/ca\/#\/schema\/logo\/image\/"}},{"@type":"Person","@id":"https:\/\/www.cercledecultura.org\/ca\/#\/schema\/person\/931e40c1179ecf352012690d06c032f4","name":"Comunicaci\u00f3 Cercle de Cultura","image":{"@type":"ImageObject","inLanguage":"ca","@id":"https:\/\/secure.gravatar.com\/avatar\/46c76410f5e9186d043ead05387a12bf4af192b9a85fac81aaa84c02b822a715?s=96&d=mm&r=g","url":"https:\/\/secure.gravatar.com\/avatar\/46c76410f5e9186d043ead05387a12bf4af192b9a85fac81aaa84c02b822a715?s=96&d=mm&r=g","contentUrl":"https:\/\/secure.gravatar.com\/avatar\/46c76410f5e9186d043ead05387a12bf4af192b9a85fac81aaa84c02b822a715?s=96&d=mm&r=g","caption":"Comunicaci\u00f3 Cercle de Cultura"},"sameAs":["https:\/\/www.cercledecultura.org"],"url":"https:\/\/www.cercledecultura.org\/ca\/author\/secretaria\/"}]}},"_links":{"self":[{"href":"https:\/\/www.cercledecultura.org\/ca\/wp-json\/wp\/v2\/posts\/2756","targetHints":{"allow":["GET"]}}],"collection":[{"href":"https:\/\/www.cercledecultura.org\/ca\/wp-json\/wp\/v2\/posts"}],"about":[{"href":"https:\/\/www.cercledecultura.org\/ca\/wp-json\/wp\/v2\/types\/post"}],"author":[{"embeddable":true,"href":"https:\/\/www.cercledecultura.org\/ca\/wp-json\/wp\/v2\/users\/2"}],"replies":[{"embeddable":true,"href":"https:\/\/www.cercledecultura.org\/ca\/wp-json\/wp\/v2\/comments?post=2756"}],"version-history":[{"count":2,"href":"https:\/\/www.cercledecultura.org\/ca\/wp-json\/wp\/v2\/posts\/2756\/revisions"}],"predecessor-version":[{"id":2762,"href":"https:\/\/www.cercledecultura.org\/ca\/wp-json\/wp\/v2\/posts\/2756\/revisions\/2762"}],"wp:featuredmedia":[{"embeddable":true,"href":"https:\/\/www.cercledecultura.org\/ca\/wp-json\/wp\/v2\/media\/2758"}],"wp:attachment":[{"href":"https:\/\/www.cercledecultura.org\/ca\/wp-json\/wp\/v2\/media?parent=2756"}],"wp:term":[{"taxonomy":"category","embeddable":true,"href":"https:\/\/www.cercledecultura.org\/ca\/wp-json\/wp\/v2\/categories?post=2756"},{"taxonomy":"post_tag","embeddable":true,"href":"https:\/\/www.cercledecultura.org\/ca\/wp-json\/wp\/v2\/tags?post=2756"}],"curies":[{"name":"wp","href":"https:\/\/api.w.org\/{rel}","templated":true}]}}