{"id":2554,"date":"2022-05-09T19:01:04","date_gmt":"2022-05-09T17:01:04","guid":{"rendered":"https:\/\/www.cercledecultura.org\/?p=2554"},"modified":"2022-09-14T17:59:00","modified_gmt":"2022-09-14T15:59:00","slug":"un-any-al-capdavant-del-departament-de-cultura-dialeg-amb-la-consellera-natalia-garriga","status":"publish","type":"post","link":"https:\/\/www.cercledecultura.org\/ca\/un-any-al-capdavant-del-departament-de-cultura-dialeg-amb-la-consellera-natalia-garriga\/","title":{"rendered":"Un any al capdavant del Departament de Cultura. Di\u00e0leg amb la consellera Nat\u00e0lia Garriga"},"content":{"rendered":"<p class=\"p1\">El <strong>dimecres 25 de maig a les 19 h<\/strong>., la consellera de Cultura, <strong>Nat\u00e0lia Garriga<\/strong>, repassar\u00e0 al <a href=\"http:\/\/www.cercledecultura.org\">Cercle de Cultura<\/a> la tasca duta a terme durant un any al capdavant del Departament de Cultura. Des d\u2019un inici, la consellera Garriga va explicar que les pol\u00edtiques culturals que impulsaria girarien al voltant de <strong>quatre eixos: l\u2019assoliment d\u2019un sistema cultural de refer\u00e8ncia<\/strong>, amb el cam\u00ed cap al <strong>2% del pressupost cultural<\/strong> i altres projectes estrat\u00e8gics importants, com el <strong>Pla Nacional del Llibre i la Lectura<\/strong>; el <strong>foment de la llengua catalana, l\u2019impuls de l\u2019audiovisual i el desenvolupament de la futura Llei de Drets Culturals<\/strong>, que ha d\u2019assegurar l\u2019acc\u00e9s de tota la ciutadania a la cultura. En aquest acte, la representant del Departament detallar\u00e0 en quin punt es troben aquests objectius i reflexionar\u00e0 sobre la feina feta i els reptes amb qu\u00e8 es troba el sector cultural.<\/p>\n<p>&nbsp;<\/p>\n<p>La consellera conversar\u00e0 amb <strong>Jordi Gonz\u00e1lez<\/strong> i <strong>Montserrat Bou<\/strong>, membres de la Junta del Cercle de Cultura.<\/p>\n<p>&nbsp;<\/p>\n<p>Cal confirmar l\u2019assist\u00e8ncia al correu <strong><a href=\"mailto:secretaria@cercledecultura.org\" target=\"_blank\" rel=\"noopener\">secretaria@cercledecultura.org<\/a><\/strong><wbr \/>.<\/p>\n","protected":false},"excerpt":{"rendered":"<p>El dimecres 25 de maig a les 19 h., la consellera de Cultura, Nat\u00e0lia Garriga, repassar\u00e0 al Cercle de Cultura la tasca duta a terme durant un any al capdavant del Departament de Cultura. Des d\u2019un inici, la consellera Garriga va explicar que les pol\u00edtiques culturals que impulsaria girarien al voltant de quatre eixos: l\u2019assoliment [&hellip;]<\/p>\n","protected":false},"author":2,"featured_media":2562,"comment_status":"closed","ping_status":"closed","sticky":false,"template":"","format":"standard","meta":{"footnotes":""},"categories":[3],"tags":[],"class_list":["post-2554","post","type-post","status-publish","format-standard","has-post-thumbnail","hentry","category-activitats"],"yoast_head":"<!-- This site is optimized with the Yoast SEO plugin v27.4 - https:\/\/yoast.com\/product\/yoast-seo-wordpress\/ -->\n<title>Un any al capdavant del Departament de Cultura. Di\u00e0leg amb la consellera Nat\u00e0lia Garriga - Cercle de Cultura<\/title>\n<meta name=\"description\" content=\"El dimecres 25 de maig a les 19 h., la consellera de Cultura, Nat\u00e0lia Garriga, repassar\u00e0 al Cercle de Cultura la tasca duta a terme durant un any al capdavant del Departament de Cultura.\" \/>\n<meta name=\"robots\" content=\"index, follow, max-snippet:-1, max-image-preview:large, max-video-preview:-1\" \/>\n<link rel=\"canonical\" href=\"https:\/\/www.cercledecultura.org\/ca\/un-any-al-capdavant-del-departament-de-cultura-dialeg-amb-la-consellera-natalia-garriga\/\" \/>\n<meta property=\"og:locale\" content=\"ca_ES\" \/>\n<meta property=\"og:type\" content=\"article\" \/>\n<meta property=\"og:title\" content=\"Un any al capdavant del Departament de Cultura. Di\u00e0leg amb la consellera Nat\u00e0lia Garriga - Cercle de Cultura\" \/>\n<meta property=\"og:description\" content=\"El dimecres 25 de maig a les 19 h., la consellera de Cultura, Nat\u00e0lia Garriga, repassar\u00e0 al Cercle de Cultura la tasca duta a terme durant un any al capdavant del Departament de Cultura.\" \/>\n<meta property=\"og:url\" content=\"https:\/\/www.cercledecultura.org\/ca\/un-any-al-capdavant-del-departament-de-cultura-dialeg-amb-la-consellera-natalia-garriga\/\" \/>\n<meta property=\"og:site_name\" content=\"Cercle de Cultura\" \/>\n<meta property=\"article:published_time\" content=\"2022-05-09T17:01:04+00:00\" \/>\n<meta property=\"article:modified_time\" content=\"2022-09-14T15:59:00+00:00\" \/>\n<meta property=\"og:image\" content=\"https:\/\/www.cercledecultura.org\/wp-content\/uploads\/2022\/05\/unnamed-1.jpg\" \/>\n\t<meta property=\"og:image:width\" content=\"1600\" \/>\n\t<meta property=\"og:image:height\" content=\"1066\" \/>\n\t<meta property=\"og:image:type\" content=\"image\/jpeg\" \/>\n<meta name=\"author\" content=\"Comunicaci\u00f3 Cercle de Cultura\" \/>\n<meta name=\"twitter:card\" content=\"summary_large_image\" \/>\n<meta name=\"twitter:label1\" content=\"Escrit per\" \/>\n\t<meta name=\"twitter:data1\" content=\"Comunicaci\u00f3 Cercle de Cultura\" \/>\n\t<meta name=\"twitter:label2\" content=\"Temps estimat de lectura\" \/>\n\t<meta name=\"twitter:data2\" content=\"1 minut\" \/>\n<script type=\"application\/ld+json\" class=\"yoast-schema-graph\">{\"@context\":\"https:\\\/\\\/schema.org\",\"@graph\":[{\"@type\":\"Article\",\"@id\":\"https:\\\/\\\/www.cercledecultura.org\\\/ca\\\/un-any-al-capdavant-del-departament-de-cultura-dialeg-amb-la-consellera-natalia-garriga\\\/#article\",\"isPartOf\":{\"@id\":\"https:\\\/\\\/www.cercledecultura.org\\\/ca\\\/un-any-al-capdavant-del-departament-de-cultura-dialeg-amb-la-consellera-natalia-garriga\\\/\"},\"author\":{\"name\":\"Comunicaci\u00f3 Cercle de Cultura\",\"@id\":\"https:\\\/\\\/www.cercledecultura.org\\\/ca\\\/#\\\/schema\\\/person\\\/931e40c1179ecf352012690d06c032f4\"},\"headline\":\"Un any al capdavant del Departament de Cultura. Di\u00e0leg amb la consellera Nat\u00e0lia Garriga\",\"datePublished\":\"2022-05-09T17:01:04+00:00\",\"dateModified\":\"2022-09-14T15:59:00+00:00\",\"mainEntityOfPage\":{\"@id\":\"https:\\\/\\\/www.cercledecultura.org\\\/ca\\\/un-any-al-capdavant-del-departament-de-cultura-dialeg-amb-la-consellera-natalia-garriga\\\/\"},\"wordCount\":199,\"publisher\":{\"@id\":\"https:\\\/\\\/www.cercledecultura.org\\\/ca\\\/#organization\"},\"image\":{\"@id\":\"https:\\\/\\\/www.cercledecultura.org\\\/ca\\\/un-any-al-capdavant-del-departament-de-cultura-dialeg-amb-la-consellera-natalia-garriga\\\/#primaryimage\"},\"thumbnailUrl\":\"https:\\\/\\\/www.cercledecultura.org\\\/wp-content\\\/uploads\\\/2022\\\/05\\\/unnamed-1.jpg\",\"articleSection\":[\"Activitats\"],\"inLanguage\":\"ca\"},{\"@type\":\"WebPage\",\"@id\":\"https:\\\/\\\/www.cercledecultura.org\\\/ca\\\/un-any-al-capdavant-del-departament-de-cultura-dialeg-amb-la-consellera-natalia-garriga\\\/\",\"url\":\"https:\\\/\\\/www.cercledecultura.org\\\/ca\\\/un-any-al-capdavant-del-departament-de-cultura-dialeg-amb-la-consellera-natalia-garriga\\\/\",\"name\":\"Un any al capdavant del Departament de Cultura. Di\u00e0leg amb la consellera Nat\u00e0lia Garriga - Cercle de Cultura\",\"isPartOf\":{\"@id\":\"https:\\\/\\\/www.cercledecultura.org\\\/ca\\\/#website\"},\"primaryImageOfPage\":{\"@id\":\"https:\\\/\\\/www.cercledecultura.org\\\/ca\\\/un-any-al-capdavant-del-departament-de-cultura-dialeg-amb-la-consellera-natalia-garriga\\\/#primaryimage\"},\"image\":{\"@id\":\"https:\\\/\\\/www.cercledecultura.org\\\/ca\\\/un-any-al-capdavant-del-departament-de-cultura-dialeg-amb-la-consellera-natalia-garriga\\\/#primaryimage\"},\"thumbnailUrl\":\"https:\\\/\\\/www.cercledecultura.org\\\/wp-content\\\/uploads\\\/2022\\\/05\\\/unnamed-1.jpg\",\"datePublished\":\"2022-05-09T17:01:04+00:00\",\"dateModified\":\"2022-09-14T15:59:00+00:00\",\"description\":\"El dimecres 25 de maig a les 19 h., la consellera de Cultura, Nat\u00e0lia Garriga, repassar\u00e0 al Cercle de Cultura la tasca duta a terme durant un any al capdavant del Departament de Cultura.\",\"breadcrumb\":{\"@id\":\"https:\\\/\\\/www.cercledecultura.org\\\/ca\\\/un-any-al-capdavant-del-departament-de-cultura-dialeg-amb-la-consellera-natalia-garriga\\\/#breadcrumb\"},\"inLanguage\":\"ca\",\"potentialAction\":[{\"@type\":\"ReadAction\",\"target\":[\"https:\\\/\\\/www.cercledecultura.org\\\/ca\\\/un-any-al-capdavant-del-departament-de-cultura-dialeg-amb-la-consellera-natalia-garriga\\\/\"]}]},{\"@type\":\"ImageObject\",\"inLanguage\":\"ca\",\"@id\":\"https:\\\/\\\/www.cercledecultura.org\\\/ca\\\/un-any-al-capdavant-del-departament-de-cultura-dialeg-amb-la-consellera-natalia-garriga\\\/#primaryimage\",\"url\":\"https:\\\/\\\/www.cercledecultura.org\\\/wp-content\\\/uploads\\\/2022\\\/05\\\/unnamed-1.jpg\",\"contentUrl\":\"https:\\\/\\\/www.cercledecultura.org\\\/wp-content\\\/uploads\\\/2022\\\/05\\\/unnamed-1.jpg\",\"width\":1600,\"height\":1066},{\"@type\":\"BreadcrumbList\",\"@id\":\"https:\\\/\\\/www.cercledecultura.org\\\/ca\\\/un-any-al-capdavant-del-departament-de-cultura-dialeg-amb-la-consellera-natalia-garriga\\\/#breadcrumb\",\"itemListElement\":[{\"@type\":\"ListItem\",\"position\":1,\"name\":\"Portada\",\"item\":\"https:\\\/\\\/www.cercledecultura.org\\\/ca\\\/\"},{\"@type\":\"ListItem\",\"position\":2,\"name\":\"Un any al capdavant del Departament de Cultura. Di\u00e0leg amb la consellera Nat\u00e0lia Garriga\"}]},{\"@type\":\"WebSite\",\"@id\":\"https:\\\/\\\/www.cercledecultura.org\\\/ca\\\/#website\",\"url\":\"https:\\\/\\\/www.cercledecultura.org\\\/ca\\\/\",\"name\":\"Cercle de Cultura\",\"description\":\"Entitat de car\u00e0cter privat i associatiu, independent, amb voluntat de participar en la vida p\u00fablica des de la pluralitat ideol\u00f2gica dels seus membres fundadors i futurs associats\",\"publisher\":{\"@id\":\"https:\\\/\\\/www.cercledecultura.org\\\/ca\\\/#organization\"},\"potentialAction\":[{\"@type\":\"SearchAction\",\"target\":{\"@type\":\"EntryPoint\",\"urlTemplate\":\"https:\\\/\\\/www.cercledecultura.org\\\/ca\\\/?s={search_term_string}\"},\"query-input\":{\"@type\":\"PropertyValueSpecification\",\"valueRequired\":true,\"valueName\":\"search_term_string\"}}],\"inLanguage\":\"ca\"},{\"@type\":\"Organization\",\"@id\":\"https:\\\/\\\/www.cercledecultura.org\\\/ca\\\/#organization\",\"name\":\"Cercle de Cultura\",\"url\":\"https:\\\/\\\/www.cercledecultura.org\\\/ca\\\/\",\"logo\":{\"@type\":\"ImageObject\",\"inLanguage\":\"ca\",\"@id\":\"https:\\\/\\\/www.cercledecultura.org\\\/ca\\\/#\\\/schema\\\/logo\\\/image\\\/\",\"url\":\"https:\\\/\\\/www.cercledecultura.org\\\/wp-content\\\/uploads\\\/2020\\\/01\\\/logo-cercle-de-cultura.png\",\"contentUrl\":\"https:\\\/\\\/www.cercledecultura.org\\\/wp-content\\\/uploads\\\/2020\\\/01\\\/logo-cercle-de-cultura.png\",\"width\":350,\"height\":195,\"caption\":\"Cercle de Cultura\"},\"image\":{\"@id\":\"https:\\\/\\\/www.cercledecultura.org\\\/ca\\\/#\\\/schema\\\/logo\\\/image\\\/\"}},{\"@type\":\"Person\",\"@id\":\"https:\\\/\\\/www.cercledecultura.org\\\/ca\\\/#\\\/schema\\\/person\\\/931e40c1179ecf352012690d06c032f4\",\"name\":\"Comunicaci\u00f3 Cercle de Cultura\",\"image\":{\"@type\":\"ImageObject\",\"inLanguage\":\"ca\",\"@id\":\"https:\\\/\\\/secure.gravatar.com\\\/avatar\\\/46c76410f5e9186d043ead05387a12bf4af192b9a85fac81aaa84c02b822a715?s=96&d=mm&r=g\",\"url\":\"https:\\\/\\\/secure.gravatar.com\\\/avatar\\\/46c76410f5e9186d043ead05387a12bf4af192b9a85fac81aaa84c02b822a715?s=96&d=mm&r=g\",\"contentUrl\":\"https:\\\/\\\/secure.gravatar.com\\\/avatar\\\/46c76410f5e9186d043ead05387a12bf4af192b9a85fac81aaa84c02b822a715?s=96&d=mm&r=g\",\"caption\":\"Comunicaci\u00f3 Cercle de Cultura\"},\"sameAs\":[\"https:\\\/\\\/www.cercledecultura.org\"],\"url\":\"https:\\\/\\\/www.cercledecultura.org\\\/ca\\\/author\\\/secretaria\\\/\"}]}<\/script>\n<!-- \/ Yoast SEO plugin. -->","yoast_head_json":{"title":"Un any al capdavant del Departament de Cultura. Di\u00e0leg amb la consellera Nat\u00e0lia Garriga - Cercle de Cultura","description":"El dimecres 25 de maig a les 19 h., la consellera de Cultura, Nat\u00e0lia Garriga, repassar\u00e0 al Cercle de Cultura la tasca duta a terme durant un any al capdavant del Departament de Cultura.","robots":{"index":"index","follow":"follow","max-snippet":"max-snippet:-1","max-image-preview":"max-image-preview:large","max-video-preview":"max-video-preview:-1"},"canonical":"https:\/\/www.cercledecultura.org\/ca\/un-any-al-capdavant-del-departament-de-cultura-dialeg-amb-la-consellera-natalia-garriga\/","og_locale":"ca_ES","og_type":"article","og_title":"Un any al capdavant del Departament de Cultura. Di\u00e0leg amb la consellera Nat\u00e0lia Garriga - Cercle de Cultura","og_description":"El dimecres 25 de maig a les 19 h., la consellera de Cultura, Nat\u00e0lia Garriga, repassar\u00e0 al Cercle de Cultura la tasca duta a terme durant un any al capdavant del Departament de Cultura.","og_url":"https:\/\/www.cercledecultura.org\/ca\/un-any-al-capdavant-del-departament-de-cultura-dialeg-amb-la-consellera-natalia-garriga\/","og_site_name":"Cercle de Cultura","article_published_time":"2022-05-09T17:01:04+00:00","article_modified_time":"2022-09-14T15:59:00+00:00","og_image":[{"width":1600,"height":1066,"url":"https:\/\/www.cercledecultura.org\/wp-content\/uploads\/2022\/05\/unnamed-1.jpg","type":"image\/jpeg"}],"author":"Comunicaci\u00f3 Cercle de Cultura","twitter_card":"summary_large_image","twitter_misc":{"Escrit per":"Comunicaci\u00f3 Cercle de Cultura","Temps estimat de lectura":"1 minut"},"schema":{"@context":"https:\/\/schema.org","@graph":[{"@type":"Article","@id":"https:\/\/www.cercledecultura.org\/ca\/un-any-al-capdavant-del-departament-de-cultura-dialeg-amb-la-consellera-natalia-garriga\/#article","isPartOf":{"@id":"https:\/\/www.cercledecultura.org\/ca\/un-any-al-capdavant-del-departament-de-cultura-dialeg-amb-la-consellera-natalia-garriga\/"},"author":{"name":"Comunicaci\u00f3 Cercle de Cultura","@id":"https:\/\/www.cercledecultura.org\/ca\/#\/schema\/person\/931e40c1179ecf352012690d06c032f4"},"headline":"Un any al capdavant del Departament de Cultura. Di\u00e0leg amb la consellera Nat\u00e0lia Garriga","datePublished":"2022-05-09T17:01:04+00:00","dateModified":"2022-09-14T15:59:00+00:00","mainEntityOfPage":{"@id":"https:\/\/www.cercledecultura.org\/ca\/un-any-al-capdavant-del-departament-de-cultura-dialeg-amb-la-consellera-natalia-garriga\/"},"wordCount":199,"publisher":{"@id":"https:\/\/www.cercledecultura.org\/ca\/#organization"},"image":{"@id":"https:\/\/www.cercledecultura.org\/ca\/un-any-al-capdavant-del-departament-de-cultura-dialeg-amb-la-consellera-natalia-garriga\/#primaryimage"},"thumbnailUrl":"https:\/\/www.cercledecultura.org\/wp-content\/uploads\/2022\/05\/unnamed-1.jpg","articleSection":["Activitats"],"inLanguage":"ca"},{"@type":"WebPage","@id":"https:\/\/www.cercledecultura.org\/ca\/un-any-al-capdavant-del-departament-de-cultura-dialeg-amb-la-consellera-natalia-garriga\/","url":"https:\/\/www.cercledecultura.org\/ca\/un-any-al-capdavant-del-departament-de-cultura-dialeg-amb-la-consellera-natalia-garriga\/","name":"Un any al capdavant del Departament de Cultura. Di\u00e0leg amb la consellera Nat\u00e0lia Garriga - Cercle de Cultura","isPartOf":{"@id":"https:\/\/www.cercledecultura.org\/ca\/#website"},"primaryImageOfPage":{"@id":"https:\/\/www.cercledecultura.org\/ca\/un-any-al-capdavant-del-departament-de-cultura-dialeg-amb-la-consellera-natalia-garriga\/#primaryimage"},"image":{"@id":"https:\/\/www.cercledecultura.org\/ca\/un-any-al-capdavant-del-departament-de-cultura-dialeg-amb-la-consellera-natalia-garriga\/#primaryimage"},"thumbnailUrl":"https:\/\/www.cercledecultura.org\/wp-content\/uploads\/2022\/05\/unnamed-1.jpg","datePublished":"2022-05-09T17:01:04+00:00","dateModified":"2022-09-14T15:59:00+00:00","description":"El dimecres 25 de maig a les 19 h., la consellera de Cultura, Nat\u00e0lia Garriga, repassar\u00e0 al Cercle de Cultura la tasca duta a terme durant un any al capdavant del Departament de Cultura.","breadcrumb":{"@id":"https:\/\/www.cercledecultura.org\/ca\/un-any-al-capdavant-del-departament-de-cultura-dialeg-amb-la-consellera-natalia-garriga\/#breadcrumb"},"inLanguage":"ca","potentialAction":[{"@type":"ReadAction","target":["https:\/\/www.cercledecultura.org\/ca\/un-any-al-capdavant-del-departament-de-cultura-dialeg-amb-la-consellera-natalia-garriga\/"]}]},{"@type":"ImageObject","inLanguage":"ca","@id":"https:\/\/www.cercledecultura.org\/ca\/un-any-al-capdavant-del-departament-de-cultura-dialeg-amb-la-consellera-natalia-garriga\/#primaryimage","url":"https:\/\/www.cercledecultura.org\/wp-content\/uploads\/2022\/05\/unnamed-1.jpg","contentUrl":"https:\/\/www.cercledecultura.org\/wp-content\/uploads\/2022\/05\/unnamed-1.jpg","width":1600,"height":1066},{"@type":"BreadcrumbList","@id":"https:\/\/www.cercledecultura.org\/ca\/un-any-al-capdavant-del-departament-de-cultura-dialeg-amb-la-consellera-natalia-garriga\/#breadcrumb","itemListElement":[{"@type":"ListItem","position":1,"name":"Portada","item":"https:\/\/www.cercledecultura.org\/ca\/"},{"@type":"ListItem","position":2,"name":"Un any al capdavant del Departament de Cultura. Di\u00e0leg amb la consellera Nat\u00e0lia Garriga"}]},{"@type":"WebSite","@id":"https:\/\/www.cercledecultura.org\/ca\/#website","url":"https:\/\/www.cercledecultura.org\/ca\/","name":"Cercle de Cultura","description":"Entitat de car\u00e0cter privat i associatiu, independent, amb voluntat de participar en la vida p\u00fablica des de la pluralitat ideol\u00f2gica dels seus membres fundadors i futurs associats","publisher":{"@id":"https:\/\/www.cercledecultura.org\/ca\/#organization"},"potentialAction":[{"@type":"SearchAction","target":{"@type":"EntryPoint","urlTemplate":"https:\/\/www.cercledecultura.org\/ca\/?s={search_term_string}"},"query-input":{"@type":"PropertyValueSpecification","valueRequired":true,"valueName":"search_term_string"}}],"inLanguage":"ca"},{"@type":"Organization","@id":"https:\/\/www.cercledecultura.org\/ca\/#organization","name":"Cercle de Cultura","url":"https:\/\/www.cercledecultura.org\/ca\/","logo":{"@type":"ImageObject","inLanguage":"ca","@id":"https:\/\/www.cercledecultura.org\/ca\/#\/schema\/logo\/image\/","url":"https:\/\/www.cercledecultura.org\/wp-content\/uploads\/2020\/01\/logo-cercle-de-cultura.png","contentUrl":"https:\/\/www.cercledecultura.org\/wp-content\/uploads\/2020\/01\/logo-cercle-de-cultura.png","width":350,"height":195,"caption":"Cercle de Cultura"},"image":{"@id":"https:\/\/www.cercledecultura.org\/ca\/#\/schema\/logo\/image\/"}},{"@type":"Person","@id":"https:\/\/www.cercledecultura.org\/ca\/#\/schema\/person\/931e40c1179ecf352012690d06c032f4","name":"Comunicaci\u00f3 Cercle de Cultura","image":{"@type":"ImageObject","inLanguage":"ca","@id":"https:\/\/secure.gravatar.com\/avatar\/46c76410f5e9186d043ead05387a12bf4af192b9a85fac81aaa84c02b822a715?s=96&d=mm&r=g","url":"https:\/\/secure.gravatar.com\/avatar\/46c76410f5e9186d043ead05387a12bf4af192b9a85fac81aaa84c02b822a715?s=96&d=mm&r=g","contentUrl":"https:\/\/secure.gravatar.com\/avatar\/46c76410f5e9186d043ead05387a12bf4af192b9a85fac81aaa84c02b822a715?s=96&d=mm&r=g","caption":"Comunicaci\u00f3 Cercle de Cultura"},"sameAs":["https:\/\/www.cercledecultura.org"],"url":"https:\/\/www.cercledecultura.org\/ca\/author\/secretaria\/"}]}},"_links":{"self":[{"href":"https:\/\/www.cercledecultura.org\/ca\/wp-json\/wp\/v2\/posts\/2554","targetHints":{"allow":["GET"]}}],"collection":[{"href":"https:\/\/www.cercledecultura.org\/ca\/wp-json\/wp\/v2\/posts"}],"about":[{"href":"https:\/\/www.cercledecultura.org\/ca\/wp-json\/wp\/v2\/types\/post"}],"author":[{"embeddable":true,"href":"https:\/\/www.cercledecultura.org\/ca\/wp-json\/wp\/v2\/users\/2"}],"replies":[{"embeddable":true,"href":"https:\/\/www.cercledecultura.org\/ca\/wp-json\/wp\/v2\/comments?post=2554"}],"version-history":[{"count":4,"href":"https:\/\/www.cercledecultura.org\/ca\/wp-json\/wp\/v2\/posts\/2554\/revisions"}],"predecessor-version":[{"id":2561,"href":"https:\/\/www.cercledecultura.org\/ca\/wp-json\/wp\/v2\/posts\/2554\/revisions\/2561"}],"wp:featuredmedia":[{"embeddable":true,"href":"https:\/\/www.cercledecultura.org\/ca\/wp-json\/wp\/v2\/media\/2562"}],"wp:attachment":[{"href":"https:\/\/www.cercledecultura.org\/ca\/wp-json\/wp\/v2\/media?parent=2554"}],"wp:term":[{"taxonomy":"category","embeddable":true,"href":"https:\/\/www.cercledecultura.org\/ca\/wp-json\/wp\/v2\/categories?post=2554"},{"taxonomy":"post_tag","embeddable":true,"href":"https:\/\/www.cercledecultura.org\/ca\/wp-json\/wp\/v2\/tags?post=2554"}],"curies":[{"name":"wp","href":"https:\/\/api.w.org\/{rel}","templated":true}]}}