{"id":2456,"date":"2021-10-21T19:42:27","date_gmt":"2021-10-21T17:42:27","guid":{"rendered":"https:\/\/www.cercledecultura.org\/?p=2456"},"modified":"2021-11-26T12:21:13","modified_gmt":"2021-11-26T10:21:13","slug":"cicle-museus-art-ciutat-projecte-cultural-debat","status":"publish","type":"post","link":"https:\/\/www.cercledecultura.org\/ca\/cicle-museus-art-ciutat-projecte-cultural-debat\/","title":{"rendered":"El Cercle de Cultura i l&#8217;Ateneu Barcelon\u00e8s impulsen el cicle &#8220;Museus d&#8217;art, ciutat, projecte cultural i necessitats de finan\u00e7ament&#8221;"},"content":{"rendered":"<p>El<strong> Cercle de Cultura<\/strong> i l&#8217;<strong>Ateneu Barcelon\u00e8s<\/strong> organitzen un nou cicle de debat amb el t\u00edtol de &#8220;Museus d&#8217;art, ciutat, projecte cultural i necessitats de finan\u00e7ament&#8221;.<\/p>\n<p>&nbsp;<\/p>\n<p>&nbsp;<\/p>\n<p>La primera sessi\u00f3 tindr\u00e0 lloc el 28 d&#8217;octubre a les 18&#8217;30 a l&#8217;Ateneu Barcelon\u00e8s, amb les intervencions de <strong>V\u00edctor Magrans<\/strong>, administrador del <strong>MNAC<\/strong>, i <strong>Marko Daniel<\/strong>, director de la <strong>Fundaci\u00f3 Mir\u00f3,<\/strong> moderats per <strong>F\u00e8lix Riera<\/strong>, membre de la junta del Cercle.<\/p>\n<p>&nbsp;<\/p>\n<p>&nbsp;<\/p>\n<p>La segona sessi\u00f3 tindr\u00e0 lloc el 24 de novembre a les 18&#8217;30 al Cercle d&#8217;Economia, i hi prendran part <strong>Anna Saur\u00ed<\/strong>, gerent de la <strong>Fundaci\u00f3 Antoni T\u00e0pies<\/strong>, i <strong>Maria Vilas\u00f3<\/strong>, gerent del <strong>Museu Picasso<\/strong>, moderats per <strong>Jordi Monta\u00f1a<\/strong>, membre de la junta del Cercle.<\/p>\n<p>&nbsp;<\/p>\n<p>&nbsp;<\/p>\n<p>Finalment, la tercera sessi\u00f3 tindr\u00e0 lloc el 2 de desembre a les 18&#8217;30 a l&#8217;Ateneu Barcelon\u00e8s, amb la pres\u00e8ncia de <strong>Imma L\u00f3pez<\/strong>, directora de gesti\u00f3 del <strong>MACBA<\/strong>, i<strong> Judit Carrera<\/strong>, directora del <strong>CCCB<\/strong>, moderats per<strong> Jordi Pardo<\/strong>, president del Cercle.<\/p>\n","protected":false},"excerpt":{"rendered":"<p>El Cercle de Cultura i l&#8217;Ateneu Barcelon\u00e8s organitzen un nou cicle de debat amb el t\u00edtol de &#8220;Museus d&#8217;art, ciutat, projecte cultural i necessitats de finan\u00e7ament&#8221;. &nbsp; &nbsp; La primera sessi\u00f3 tindr\u00e0 lloc el 28 d&#8217;octubre a les 18&#8217;30 a l&#8217;Ateneu Barcelon\u00e8s, amb les intervencions de V\u00edctor Magrans, administrador del MNAC, i Marko Daniel, director [&hellip;]<\/p>\n","protected":false},"author":2,"featured_media":2458,"comment_status":"closed","ping_status":"closed","sticky":false,"template":"","format":"standard","meta":{"footnotes":""},"categories":[3,26],"tags":[],"class_list":["post-2456","post","type-post","status-publish","format-standard","has-post-thumbnail","hentry","category-activitats","category-noticies"],"yoast_head":"<!-- This site is optimized with the Yoast SEO plugin v27.5 - https:\/\/yoast.com\/product\/yoast-seo-wordpress\/ -->\n<title>Cicle &quot;Museus d&#039;art, ciutat, projecte cultural i necessitats de finan\u00e7ament&quot;<\/title>\n<meta name=\"description\" content=\"El Cercle de Cultura inicia amb l&#039;Ateneu Barcelon\u00e8s un nou cicle de debat al voltant dels grans museus de la ciutat de Barcelona\" \/>\n<meta name=\"robots\" content=\"index, follow, max-snippet:-1, max-image-preview:large, max-video-preview:-1\" \/>\n<link rel=\"canonical\" href=\"https:\/\/www.cercledecultura.org\/ca\/cicle-museus-art-ciutat-projecte-cultural-debat\/\" \/>\n<meta property=\"og:locale\" content=\"ca_ES\" \/>\n<meta property=\"og:type\" content=\"article\" \/>\n<meta property=\"og:title\" content=\"Cicle &quot;Museus d&#039;art, ciutat, projecte cultural i necessitats de finan\u00e7ament&quot;\" \/>\n<meta property=\"og:description\" content=\"El Cercle de Cultura inicia amb l&#039;Ateneu Barcelon\u00e8s un nou cicle de debat al voltant dels grans museus de la ciutat de Barcelona\" \/>\n<meta property=\"og:url\" content=\"https:\/\/www.cercledecultura.org\/ca\/cicle-museus-art-ciutat-projecte-cultural-debat\/\" \/>\n<meta property=\"og:site_name\" content=\"Cercle de Cultura\" \/>\n<meta property=\"article:published_time\" content=\"2021-10-21T17:42:27+00:00\" \/>\n<meta property=\"article:modified_time\" content=\"2021-11-26T10:21:13+00:00\" \/>\n<meta property=\"og:image\" content=\"https:\/\/www.cercledecultura.org\/wp-content\/uploads\/2021\/10\/edifici.jpg\" \/>\n\t<meta property=\"og:image:width\" content=\"720\" \/>\n\t<meta property=\"og:image:height\" content=\"480\" \/>\n\t<meta property=\"og:image:type\" content=\"image\/jpeg\" \/>\n<meta name=\"author\" content=\"Comunicaci\u00f3 Cercle de Cultura\" \/>\n<meta name=\"twitter:card\" content=\"summary_large_image\" \/>\n<meta name=\"twitter:label1\" content=\"Escrit per\" \/>\n\t<meta name=\"twitter:data1\" content=\"Comunicaci\u00f3 Cercle de Cultura\" \/>\n\t<meta name=\"twitter:label2\" content=\"Temps estimat de lectura\" \/>\n\t<meta name=\"twitter:data2\" content=\"1 minut\" \/>\n<script type=\"application\/ld+json\" class=\"yoast-schema-graph\">{\"@context\":\"https:\\\/\\\/schema.org\",\"@graph\":[{\"@type\":\"Article\",\"@id\":\"https:\\\/\\\/www.cercledecultura.org\\\/ca\\\/cicle-museus-art-ciutat-projecte-cultural-debat\\\/#article\",\"isPartOf\":{\"@id\":\"https:\\\/\\\/www.cercledecultura.org\\\/ca\\\/cicle-museus-art-ciutat-projecte-cultural-debat\\\/\"},\"author\":{\"name\":\"Comunicaci\u00f3 Cercle de Cultura\",\"@id\":\"https:\\\/\\\/www.cercledecultura.org\\\/ca\\\/#\\\/schema\\\/person\\\/931e40c1179ecf352012690d06c032f4\"},\"headline\":\"El Cercle de Cultura i l&#8217;Ateneu Barcelon\u00e8s impulsen el cicle &#8220;Museus d&#8217;art, ciutat, projecte cultural i necessitats de finan\u00e7ament&#8221;\",\"datePublished\":\"2021-10-21T17:42:27+00:00\",\"dateModified\":\"2021-11-26T10:21:13+00:00\",\"mainEntityOfPage\":{\"@id\":\"https:\\\/\\\/www.cercledecultura.org\\\/ca\\\/cicle-museus-art-ciutat-projecte-cultural-debat\\\/\"},\"wordCount\":191,\"publisher\":{\"@id\":\"https:\\\/\\\/www.cercledecultura.org\\\/ca\\\/#organization\"},\"image\":{\"@id\":\"https:\\\/\\\/www.cercledecultura.org\\\/ca\\\/cicle-museus-art-ciutat-projecte-cultural-debat\\\/#primaryimage\"},\"thumbnailUrl\":\"https:\\\/\\\/www.cercledecultura.org\\\/wp-content\\\/uploads\\\/2021\\\/10\\\/edifici.jpg\",\"articleSection\":[\"Activitats\",\"Not\u00edcies\"],\"inLanguage\":\"ca\"},{\"@type\":\"WebPage\",\"@id\":\"https:\\\/\\\/www.cercledecultura.org\\\/ca\\\/cicle-museus-art-ciutat-projecte-cultural-debat\\\/\",\"url\":\"https:\\\/\\\/www.cercledecultura.org\\\/ca\\\/cicle-museus-art-ciutat-projecte-cultural-debat\\\/\",\"name\":\"Cicle \\\"Museus d'art, ciutat, projecte cultural i necessitats de finan\u00e7ament\\\"\",\"isPartOf\":{\"@id\":\"https:\\\/\\\/www.cercledecultura.org\\\/ca\\\/#website\"},\"primaryImageOfPage\":{\"@id\":\"https:\\\/\\\/www.cercledecultura.org\\\/ca\\\/cicle-museus-art-ciutat-projecte-cultural-debat\\\/#primaryimage\"},\"image\":{\"@id\":\"https:\\\/\\\/www.cercledecultura.org\\\/ca\\\/cicle-museus-art-ciutat-projecte-cultural-debat\\\/#primaryimage\"},\"thumbnailUrl\":\"https:\\\/\\\/www.cercledecultura.org\\\/wp-content\\\/uploads\\\/2021\\\/10\\\/edifici.jpg\",\"datePublished\":\"2021-10-21T17:42:27+00:00\",\"dateModified\":\"2021-11-26T10:21:13+00:00\",\"description\":\"El Cercle de Cultura inicia amb l'Ateneu Barcelon\u00e8s un nou cicle de debat al voltant dels grans museus de la ciutat de Barcelona\",\"breadcrumb\":{\"@id\":\"https:\\\/\\\/www.cercledecultura.org\\\/ca\\\/cicle-museus-art-ciutat-projecte-cultural-debat\\\/#breadcrumb\"},\"inLanguage\":\"ca\",\"potentialAction\":[{\"@type\":\"ReadAction\",\"target\":[\"https:\\\/\\\/www.cercledecultura.org\\\/ca\\\/cicle-museus-art-ciutat-projecte-cultural-debat\\\/\"]}]},{\"@type\":\"ImageObject\",\"inLanguage\":\"ca\",\"@id\":\"https:\\\/\\\/www.cercledecultura.org\\\/ca\\\/cicle-museus-art-ciutat-projecte-cultural-debat\\\/#primaryimage\",\"url\":\"https:\\\/\\\/www.cercledecultura.org\\\/wp-content\\\/uploads\\\/2021\\\/10\\\/edifici.jpg\",\"contentUrl\":\"https:\\\/\\\/www.cercledecultura.org\\\/wp-content\\\/uploads\\\/2021\\\/10\\\/edifici.jpg\",\"width\":720,\"height\":480},{\"@type\":\"BreadcrumbList\",\"@id\":\"https:\\\/\\\/www.cercledecultura.org\\\/ca\\\/cicle-museus-art-ciutat-projecte-cultural-debat\\\/#breadcrumb\",\"itemListElement\":[{\"@type\":\"ListItem\",\"position\":1,\"name\":\"Portada\",\"item\":\"https:\\\/\\\/www.cercledecultura.org\\\/ca\\\/\"},{\"@type\":\"ListItem\",\"position\":2,\"name\":\"El Cercle de Cultura i l&#8217;Ateneu Barcelon\u00e8s impulsen el cicle &#8220;Museus d&#8217;art, ciutat, projecte cultural i necessitats de finan\u00e7ament&#8221;\"}]},{\"@type\":\"WebSite\",\"@id\":\"https:\\\/\\\/www.cercledecultura.org\\\/ca\\\/#website\",\"url\":\"https:\\\/\\\/www.cercledecultura.org\\\/ca\\\/\",\"name\":\"Cercle de Cultura\",\"description\":\"Entitat de car\u00e0cter privat i associatiu, independent, amb voluntat de participar en la vida p\u00fablica des de la pluralitat ideol\u00f2gica dels seus membres fundadors i futurs associats\",\"publisher\":{\"@id\":\"https:\\\/\\\/www.cercledecultura.org\\\/ca\\\/#organization\"},\"potentialAction\":[{\"@type\":\"SearchAction\",\"target\":{\"@type\":\"EntryPoint\",\"urlTemplate\":\"https:\\\/\\\/www.cercledecultura.org\\\/ca\\\/?s={search_term_string}\"},\"query-input\":{\"@type\":\"PropertyValueSpecification\",\"valueRequired\":true,\"valueName\":\"search_term_string\"}}],\"inLanguage\":\"ca\"},{\"@type\":\"Organization\",\"@id\":\"https:\\\/\\\/www.cercledecultura.org\\\/ca\\\/#organization\",\"name\":\"Cercle de Cultura\",\"url\":\"https:\\\/\\\/www.cercledecultura.org\\\/ca\\\/\",\"logo\":{\"@type\":\"ImageObject\",\"inLanguage\":\"ca\",\"@id\":\"https:\\\/\\\/www.cercledecultura.org\\\/ca\\\/#\\\/schema\\\/logo\\\/image\\\/\",\"url\":\"https:\\\/\\\/www.cercledecultura.org\\\/wp-content\\\/uploads\\\/2020\\\/01\\\/logo-cercle-de-cultura.png\",\"contentUrl\":\"https:\\\/\\\/www.cercledecultura.org\\\/wp-content\\\/uploads\\\/2020\\\/01\\\/logo-cercle-de-cultura.png\",\"width\":350,\"height\":195,\"caption\":\"Cercle de Cultura\"},\"image\":{\"@id\":\"https:\\\/\\\/www.cercledecultura.org\\\/ca\\\/#\\\/schema\\\/logo\\\/image\\\/\"}},{\"@type\":\"Person\",\"@id\":\"https:\\\/\\\/www.cercledecultura.org\\\/ca\\\/#\\\/schema\\\/person\\\/931e40c1179ecf352012690d06c032f4\",\"name\":\"Comunicaci\u00f3 Cercle de Cultura\",\"image\":{\"@type\":\"ImageObject\",\"inLanguage\":\"ca\",\"@id\":\"https:\\\/\\\/secure.gravatar.com\\\/avatar\\\/46c76410f5e9186d043ead05387a12bf4af192b9a85fac81aaa84c02b822a715?s=96&d=mm&r=g\",\"url\":\"https:\\\/\\\/secure.gravatar.com\\\/avatar\\\/46c76410f5e9186d043ead05387a12bf4af192b9a85fac81aaa84c02b822a715?s=96&d=mm&r=g\",\"contentUrl\":\"https:\\\/\\\/secure.gravatar.com\\\/avatar\\\/46c76410f5e9186d043ead05387a12bf4af192b9a85fac81aaa84c02b822a715?s=96&d=mm&r=g\",\"caption\":\"Comunicaci\u00f3 Cercle de Cultura\"},\"sameAs\":[\"https:\\\/\\\/www.cercledecultura.org\"],\"url\":\"https:\\\/\\\/www.cercledecultura.org\\\/ca\\\/author\\\/secretaria\\\/\"}]}<\/script>\n<!-- \/ Yoast SEO plugin. -->","yoast_head_json":{"title":"Cicle \"Museus d'art, ciutat, projecte cultural i necessitats de finan\u00e7ament\"","description":"El Cercle de Cultura inicia amb l'Ateneu Barcelon\u00e8s un nou cicle de debat al voltant dels grans museus de la ciutat de Barcelona","robots":{"index":"index","follow":"follow","max-snippet":"max-snippet:-1","max-image-preview":"max-image-preview:large","max-video-preview":"max-video-preview:-1"},"canonical":"https:\/\/www.cercledecultura.org\/ca\/cicle-museus-art-ciutat-projecte-cultural-debat\/","og_locale":"ca_ES","og_type":"article","og_title":"Cicle \"Museus d'art, ciutat, projecte cultural i necessitats de finan\u00e7ament\"","og_description":"El Cercle de Cultura inicia amb l'Ateneu Barcelon\u00e8s un nou cicle de debat al voltant dels grans museus de la ciutat de Barcelona","og_url":"https:\/\/www.cercledecultura.org\/ca\/cicle-museus-art-ciutat-projecte-cultural-debat\/","og_site_name":"Cercle de Cultura","article_published_time":"2021-10-21T17:42:27+00:00","article_modified_time":"2021-11-26T10:21:13+00:00","og_image":[{"width":720,"height":480,"url":"https:\/\/www.cercledecultura.org\/wp-content\/uploads\/2021\/10\/edifici.jpg","type":"image\/jpeg"}],"author":"Comunicaci\u00f3 Cercle de Cultura","twitter_card":"summary_large_image","twitter_misc":{"Escrit per":"Comunicaci\u00f3 Cercle de Cultura","Temps estimat de lectura":"1 minut"},"schema":{"@context":"https:\/\/schema.org","@graph":[{"@type":"Article","@id":"https:\/\/www.cercledecultura.org\/ca\/cicle-museus-art-ciutat-projecte-cultural-debat\/#article","isPartOf":{"@id":"https:\/\/www.cercledecultura.org\/ca\/cicle-museus-art-ciutat-projecte-cultural-debat\/"},"author":{"name":"Comunicaci\u00f3 Cercle de Cultura","@id":"https:\/\/www.cercledecultura.org\/ca\/#\/schema\/person\/931e40c1179ecf352012690d06c032f4"},"headline":"El Cercle de Cultura i l&#8217;Ateneu Barcelon\u00e8s impulsen el cicle &#8220;Museus d&#8217;art, ciutat, projecte cultural i necessitats de finan\u00e7ament&#8221;","datePublished":"2021-10-21T17:42:27+00:00","dateModified":"2021-11-26T10:21:13+00:00","mainEntityOfPage":{"@id":"https:\/\/www.cercledecultura.org\/ca\/cicle-museus-art-ciutat-projecte-cultural-debat\/"},"wordCount":191,"publisher":{"@id":"https:\/\/www.cercledecultura.org\/ca\/#organization"},"image":{"@id":"https:\/\/www.cercledecultura.org\/ca\/cicle-museus-art-ciutat-projecte-cultural-debat\/#primaryimage"},"thumbnailUrl":"https:\/\/www.cercledecultura.org\/wp-content\/uploads\/2021\/10\/edifici.jpg","articleSection":["Activitats","Not\u00edcies"],"inLanguage":"ca"},{"@type":"WebPage","@id":"https:\/\/www.cercledecultura.org\/ca\/cicle-museus-art-ciutat-projecte-cultural-debat\/","url":"https:\/\/www.cercledecultura.org\/ca\/cicle-museus-art-ciutat-projecte-cultural-debat\/","name":"Cicle \"Museus d'art, ciutat, projecte cultural i necessitats de finan\u00e7ament\"","isPartOf":{"@id":"https:\/\/www.cercledecultura.org\/ca\/#website"},"primaryImageOfPage":{"@id":"https:\/\/www.cercledecultura.org\/ca\/cicle-museus-art-ciutat-projecte-cultural-debat\/#primaryimage"},"image":{"@id":"https:\/\/www.cercledecultura.org\/ca\/cicle-museus-art-ciutat-projecte-cultural-debat\/#primaryimage"},"thumbnailUrl":"https:\/\/www.cercledecultura.org\/wp-content\/uploads\/2021\/10\/edifici.jpg","datePublished":"2021-10-21T17:42:27+00:00","dateModified":"2021-11-26T10:21:13+00:00","description":"El Cercle de Cultura inicia amb l'Ateneu Barcelon\u00e8s un nou cicle de debat al voltant dels grans museus de la ciutat de Barcelona","breadcrumb":{"@id":"https:\/\/www.cercledecultura.org\/ca\/cicle-museus-art-ciutat-projecte-cultural-debat\/#breadcrumb"},"inLanguage":"ca","potentialAction":[{"@type":"ReadAction","target":["https:\/\/www.cercledecultura.org\/ca\/cicle-museus-art-ciutat-projecte-cultural-debat\/"]}]},{"@type":"ImageObject","inLanguage":"ca","@id":"https:\/\/www.cercledecultura.org\/ca\/cicle-museus-art-ciutat-projecte-cultural-debat\/#primaryimage","url":"https:\/\/www.cercledecultura.org\/wp-content\/uploads\/2021\/10\/edifici.jpg","contentUrl":"https:\/\/www.cercledecultura.org\/wp-content\/uploads\/2021\/10\/edifici.jpg","width":720,"height":480},{"@type":"BreadcrumbList","@id":"https:\/\/www.cercledecultura.org\/ca\/cicle-museus-art-ciutat-projecte-cultural-debat\/#breadcrumb","itemListElement":[{"@type":"ListItem","position":1,"name":"Portada","item":"https:\/\/www.cercledecultura.org\/ca\/"},{"@type":"ListItem","position":2,"name":"El Cercle de Cultura i l&#8217;Ateneu Barcelon\u00e8s impulsen el cicle &#8220;Museus d&#8217;art, ciutat, projecte cultural i necessitats de finan\u00e7ament&#8221;"}]},{"@type":"WebSite","@id":"https:\/\/www.cercledecultura.org\/ca\/#website","url":"https:\/\/www.cercledecultura.org\/ca\/","name":"Cercle de Cultura","description":"Entitat de car\u00e0cter privat i associatiu, independent, amb voluntat de participar en la vida p\u00fablica des de la pluralitat ideol\u00f2gica dels seus membres fundadors i futurs associats","publisher":{"@id":"https:\/\/www.cercledecultura.org\/ca\/#organization"},"potentialAction":[{"@type":"SearchAction","target":{"@type":"EntryPoint","urlTemplate":"https:\/\/www.cercledecultura.org\/ca\/?s={search_term_string}"},"query-input":{"@type":"PropertyValueSpecification","valueRequired":true,"valueName":"search_term_string"}}],"inLanguage":"ca"},{"@type":"Organization","@id":"https:\/\/www.cercledecultura.org\/ca\/#organization","name":"Cercle de Cultura","url":"https:\/\/www.cercledecultura.org\/ca\/","logo":{"@type":"ImageObject","inLanguage":"ca","@id":"https:\/\/www.cercledecultura.org\/ca\/#\/schema\/logo\/image\/","url":"https:\/\/www.cercledecultura.org\/wp-content\/uploads\/2020\/01\/logo-cercle-de-cultura.png","contentUrl":"https:\/\/www.cercledecultura.org\/wp-content\/uploads\/2020\/01\/logo-cercle-de-cultura.png","width":350,"height":195,"caption":"Cercle de Cultura"},"image":{"@id":"https:\/\/www.cercledecultura.org\/ca\/#\/schema\/logo\/image\/"}},{"@type":"Person","@id":"https:\/\/www.cercledecultura.org\/ca\/#\/schema\/person\/931e40c1179ecf352012690d06c032f4","name":"Comunicaci\u00f3 Cercle de Cultura","image":{"@type":"ImageObject","inLanguage":"ca","@id":"https:\/\/secure.gravatar.com\/avatar\/46c76410f5e9186d043ead05387a12bf4af192b9a85fac81aaa84c02b822a715?s=96&d=mm&r=g","url":"https:\/\/secure.gravatar.com\/avatar\/46c76410f5e9186d043ead05387a12bf4af192b9a85fac81aaa84c02b822a715?s=96&d=mm&r=g","contentUrl":"https:\/\/secure.gravatar.com\/avatar\/46c76410f5e9186d043ead05387a12bf4af192b9a85fac81aaa84c02b822a715?s=96&d=mm&r=g","caption":"Comunicaci\u00f3 Cercle de Cultura"},"sameAs":["https:\/\/www.cercledecultura.org"],"url":"https:\/\/www.cercledecultura.org\/ca\/author\/secretaria\/"}]}},"_links":{"self":[{"href":"https:\/\/www.cercledecultura.org\/ca\/wp-json\/wp\/v2\/posts\/2456","targetHints":{"allow":["GET"]}}],"collection":[{"href":"https:\/\/www.cercledecultura.org\/ca\/wp-json\/wp\/v2\/posts"}],"about":[{"href":"https:\/\/www.cercledecultura.org\/ca\/wp-json\/wp\/v2\/types\/post"}],"author":[{"embeddable":true,"href":"https:\/\/www.cercledecultura.org\/ca\/wp-json\/wp\/v2\/users\/2"}],"replies":[{"embeddable":true,"href":"https:\/\/www.cercledecultura.org\/ca\/wp-json\/wp\/v2\/comments?post=2456"}],"version-history":[{"count":5,"href":"https:\/\/www.cercledecultura.org\/ca\/wp-json\/wp\/v2\/posts\/2456\/revisions"}],"predecessor-version":[{"id":2470,"href":"https:\/\/www.cercledecultura.org\/ca\/wp-json\/wp\/v2\/posts\/2456\/revisions\/2470"}],"wp:featuredmedia":[{"embeddable":true,"href":"https:\/\/www.cercledecultura.org\/ca\/wp-json\/wp\/v2\/media\/2458"}],"wp:attachment":[{"href":"https:\/\/www.cercledecultura.org\/ca\/wp-json\/wp\/v2\/media?parent=2456"}],"wp:term":[{"taxonomy":"category","embeddable":true,"href":"https:\/\/www.cercledecultura.org\/ca\/wp-json\/wp\/v2\/categories?post=2456"},{"taxonomy":"post_tag","embeddable":true,"href":"https:\/\/www.cercledecultura.org\/ca\/wp-json\/wp\/v2\/tags?post=2456"}],"curies":[{"name":"wp","href":"https:\/\/api.w.org\/{rel}","templated":true}]}}