{"id":2338,"date":"2021-06-30T13:59:50","date_gmt":"2021-06-30T11:59:50","guid":{"rendered":"https:\/\/www.cercledecultura.org\/?p=2338"},"modified":"2021-07-06T16:34:42","modified_gmt":"2021-07-06T14:34:42","slug":"cercle-de-cultura-celebra-la-seva-assemblea-anual","status":"publish","type":"post","link":"https:\/\/www.cercledecultura.org\/ca\/cercle-de-cultura-celebra-la-seva-assemblea-anual\/","title":{"rendered":"El Cercle de Cultura celebra la seva Assemblea anual"},"content":{"rendered":"<p>El <strong>Cercle de Cultura va celebrar el passat 22 de juny la seva assemblea ordin\u00e0ria<\/strong>, corresponent a l&#8217;any 2021.<\/p>\n<p>&nbsp;<\/p>\n<p>L&#8217;assemblea, en doble format presencial i virtual, es va obrir, despr\u00e9s de la lectura i aprovaci\u00f3 de l&#8217;acta anterior, amb l&#8217;informe del president Jordi Pardo, en que va destacar com un dels principals objectius del Cercle la posada en marxa de les <strong>comissions de treball<\/strong> de comunicaci\u00f3, bar\u00f2metre de la cultura, programaci\u00f3, economia, socis i empreses col\u00b7laboradores, manifestos i declaracions i territorial. Alhora, es va fer una crida als socis per implicar-se a les diferents comissions.<\/p>\n<p>&nbsp;<\/p>\n<p>A l&#8217;assemblea es va avan\u00e7ar alguns dels actes de la tardor, com un <strong>cicle sobre equipaments culturals<\/strong> organitzat en col\u00b7laboraci\u00f3 amb la secci\u00f3 d&#8217;Economia de l&#8217;Ateneu Barcelon\u00e8s i la possibilitat d&#8217;<strong>organitzar activitats fora de Barcelona<\/strong>.<\/p>\n<p>&nbsp;<\/p>\n<p>Al mateix acte es van aprovar la liquidaci\u00f3 de l&#8217;exercici 2020 i el pressupost de l&#8217;any 2021.<\/p>\n","protected":false},"excerpt":{"rendered":"<p>El Cercle de Cultura va celebrar el passat 22 de juny la seva assemblea ordin\u00e0ria, corresponent a l&#8217;any 2021. &nbsp; L&#8217;assemblea, en doble format presencial i virtual, es va obrir, despr\u00e9s de la lectura i aprovaci\u00f3 de l&#8217;acta anterior, amb l&#8217;informe del president Jordi Pardo, en que va destacar com un dels principals objectius del [&hellip;]<\/p>\n","protected":false},"author":2,"featured_media":2343,"comment_status":"closed","ping_status":"closed","sticky":false,"template":"","format":"standard","meta":{"footnotes":""},"categories":[3,26],"tags":[],"class_list":["post-2338","post","type-post","status-publish","format-standard","has-post-thumbnail","hentry","category-activitats","category-noticies"],"yoast_head":"<!-- This site is optimized with the Yoast SEO plugin v27.5 - https:\/\/yoast.com\/product\/yoast-seo-wordpress\/ -->\n<title>El Cercle de Cultura celebra la seva Assemblea anual - Cercle de Cultura<\/title>\n<meta name=\"description\" content=\"El Cercle de Cultura va celebrar el passat 22 de juny la seva assemblea ordin\u00e0ria, corresponent a l&#039;any 2021.\" \/>\n<meta name=\"robots\" content=\"index, follow, max-snippet:-1, max-image-preview:large, max-video-preview:-1\" \/>\n<link rel=\"canonical\" href=\"https:\/\/www.cercledecultura.org\/ca\/cercle-de-cultura-celebra-la-seva-assemblea-anual\/\" \/>\n<meta property=\"og:locale\" content=\"ca_ES\" \/>\n<meta property=\"og:type\" content=\"article\" \/>\n<meta property=\"og:title\" content=\"El Cercle de Cultura celebra la seva Assemblea anual - Cercle de Cultura\" \/>\n<meta property=\"og:description\" content=\"El Cercle de Cultura va celebrar el passat 22 de juny la seva assemblea ordin\u00e0ria, corresponent a l&#039;any 2021.\" \/>\n<meta property=\"og:url\" content=\"https:\/\/www.cercledecultura.org\/ca\/cercle-de-cultura-celebra-la-seva-assemblea-anual\/\" \/>\n<meta property=\"og:site_name\" content=\"Cercle de Cultura\" \/>\n<meta property=\"article:published_time\" content=\"2021-06-30T11:59:50+00:00\" \/>\n<meta property=\"article:modified_time\" content=\"2021-07-06T14:34:42+00:00\" \/>\n<meta property=\"og:image\" content=\"https:\/\/www.cercledecultura.org\/wp-content\/uploads\/2021\/06\/IMG_1185.jpg\" \/>\n\t<meta property=\"og:image:width\" content=\"640\" \/>\n\t<meta property=\"og:image:height\" content=\"480\" \/>\n\t<meta property=\"og:image:type\" content=\"image\/jpeg\" \/>\n<meta name=\"author\" content=\"Comunicaci\u00f3 Cercle de Cultura\" \/>\n<meta name=\"twitter:card\" content=\"summary_large_image\" \/>\n<meta name=\"twitter:label1\" content=\"Escrit per\" \/>\n\t<meta name=\"twitter:data1\" content=\"Comunicaci\u00f3 Cercle de Cultura\" \/>\n\t<meta name=\"twitter:label2\" content=\"Temps estimat de lectura\" \/>\n\t<meta name=\"twitter:data2\" content=\"1 minut\" \/>\n<script type=\"application\/ld+json\" class=\"yoast-schema-graph\">{\"@context\":\"https:\\\/\\\/schema.org\",\"@graph\":[{\"@type\":\"Article\",\"@id\":\"https:\\\/\\\/www.cercledecultura.org\\\/ca\\\/cercle-de-cultura-celebra-la-seva-assemblea-anual\\\/#article\",\"isPartOf\":{\"@id\":\"https:\\\/\\\/www.cercledecultura.org\\\/ca\\\/cercle-de-cultura-celebra-la-seva-assemblea-anual\\\/\"},\"author\":{\"name\":\"Comunicaci\u00f3 Cercle de Cultura\",\"@id\":\"https:\\\/\\\/www.cercledecultura.org\\\/ca\\\/#\\\/schema\\\/person\\\/931e40c1179ecf352012690d06c032f4\"},\"headline\":\"El Cercle de Cultura celebra la seva Assemblea anual\",\"datePublished\":\"2021-06-30T11:59:50+00:00\",\"dateModified\":\"2021-07-06T14:34:42+00:00\",\"mainEntityOfPage\":{\"@id\":\"https:\\\/\\\/www.cercledecultura.org\\\/ca\\\/cercle-de-cultura-celebra-la-seva-assemblea-anual\\\/\"},\"wordCount\":172,\"publisher\":{\"@id\":\"https:\\\/\\\/www.cercledecultura.org\\\/ca\\\/#organization\"},\"image\":{\"@id\":\"https:\\\/\\\/www.cercledecultura.org\\\/ca\\\/cercle-de-cultura-celebra-la-seva-assemblea-anual\\\/#primaryimage\"},\"thumbnailUrl\":\"https:\\\/\\\/www.cercledecultura.org\\\/wp-content\\\/uploads\\\/2021\\\/06\\\/IMG_1185.jpg\",\"articleSection\":[\"Activitats\",\"Not\u00edcies\"],\"inLanguage\":\"ca\"},{\"@type\":\"WebPage\",\"@id\":\"https:\\\/\\\/www.cercledecultura.org\\\/ca\\\/cercle-de-cultura-celebra-la-seva-assemblea-anual\\\/\",\"url\":\"https:\\\/\\\/www.cercledecultura.org\\\/ca\\\/cercle-de-cultura-celebra-la-seva-assemblea-anual\\\/\",\"name\":\"El Cercle de Cultura celebra la seva Assemblea anual - Cercle de Cultura\",\"isPartOf\":{\"@id\":\"https:\\\/\\\/www.cercledecultura.org\\\/ca\\\/#website\"},\"primaryImageOfPage\":{\"@id\":\"https:\\\/\\\/www.cercledecultura.org\\\/ca\\\/cercle-de-cultura-celebra-la-seva-assemblea-anual\\\/#primaryimage\"},\"image\":{\"@id\":\"https:\\\/\\\/www.cercledecultura.org\\\/ca\\\/cercle-de-cultura-celebra-la-seva-assemblea-anual\\\/#primaryimage\"},\"thumbnailUrl\":\"https:\\\/\\\/www.cercledecultura.org\\\/wp-content\\\/uploads\\\/2021\\\/06\\\/IMG_1185.jpg\",\"datePublished\":\"2021-06-30T11:59:50+00:00\",\"dateModified\":\"2021-07-06T14:34:42+00:00\",\"description\":\"El Cercle de Cultura va celebrar el passat 22 de juny la seva assemblea ordin\u00e0ria, corresponent a l'any 2021.\",\"breadcrumb\":{\"@id\":\"https:\\\/\\\/www.cercledecultura.org\\\/ca\\\/cercle-de-cultura-celebra-la-seva-assemblea-anual\\\/#breadcrumb\"},\"inLanguage\":\"ca\",\"potentialAction\":[{\"@type\":\"ReadAction\",\"target\":[\"https:\\\/\\\/www.cercledecultura.org\\\/ca\\\/cercle-de-cultura-celebra-la-seva-assemblea-anual\\\/\"]}]},{\"@type\":\"ImageObject\",\"inLanguage\":\"ca\",\"@id\":\"https:\\\/\\\/www.cercledecultura.org\\\/ca\\\/cercle-de-cultura-celebra-la-seva-assemblea-anual\\\/#primaryimage\",\"url\":\"https:\\\/\\\/www.cercledecultura.org\\\/wp-content\\\/uploads\\\/2021\\\/06\\\/IMG_1185.jpg\",\"contentUrl\":\"https:\\\/\\\/www.cercledecultura.org\\\/wp-content\\\/uploads\\\/2021\\\/06\\\/IMG_1185.jpg\",\"width\":640,\"height\":480},{\"@type\":\"BreadcrumbList\",\"@id\":\"https:\\\/\\\/www.cercledecultura.org\\\/ca\\\/cercle-de-cultura-celebra-la-seva-assemblea-anual\\\/#breadcrumb\",\"itemListElement\":[{\"@type\":\"ListItem\",\"position\":1,\"name\":\"Portada\",\"item\":\"https:\\\/\\\/www.cercledecultura.org\\\/ca\\\/\"},{\"@type\":\"ListItem\",\"position\":2,\"name\":\"El Cercle de Cultura celebra la seva Assemblea anual\"}]},{\"@type\":\"WebSite\",\"@id\":\"https:\\\/\\\/www.cercledecultura.org\\\/ca\\\/#website\",\"url\":\"https:\\\/\\\/www.cercledecultura.org\\\/ca\\\/\",\"name\":\"Cercle de Cultura\",\"description\":\"Entitat de car\u00e0cter privat i associatiu, independent, amb voluntat de participar en la vida p\u00fablica des de la pluralitat ideol\u00f2gica dels seus membres fundadors i futurs associats\",\"publisher\":{\"@id\":\"https:\\\/\\\/www.cercledecultura.org\\\/ca\\\/#organization\"},\"potentialAction\":[{\"@type\":\"SearchAction\",\"target\":{\"@type\":\"EntryPoint\",\"urlTemplate\":\"https:\\\/\\\/www.cercledecultura.org\\\/ca\\\/?s={search_term_string}\"},\"query-input\":{\"@type\":\"PropertyValueSpecification\",\"valueRequired\":true,\"valueName\":\"search_term_string\"}}],\"inLanguage\":\"ca\"},{\"@type\":\"Organization\",\"@id\":\"https:\\\/\\\/www.cercledecultura.org\\\/ca\\\/#organization\",\"name\":\"Cercle de Cultura\",\"url\":\"https:\\\/\\\/www.cercledecultura.org\\\/ca\\\/\",\"logo\":{\"@type\":\"ImageObject\",\"inLanguage\":\"ca\",\"@id\":\"https:\\\/\\\/www.cercledecultura.org\\\/ca\\\/#\\\/schema\\\/logo\\\/image\\\/\",\"url\":\"https:\\\/\\\/www.cercledecultura.org\\\/wp-content\\\/uploads\\\/2020\\\/01\\\/logo-cercle-de-cultura.png\",\"contentUrl\":\"https:\\\/\\\/www.cercledecultura.org\\\/wp-content\\\/uploads\\\/2020\\\/01\\\/logo-cercle-de-cultura.png\",\"width\":350,\"height\":195,\"caption\":\"Cercle de Cultura\"},\"image\":{\"@id\":\"https:\\\/\\\/www.cercledecultura.org\\\/ca\\\/#\\\/schema\\\/logo\\\/image\\\/\"}},{\"@type\":\"Person\",\"@id\":\"https:\\\/\\\/www.cercledecultura.org\\\/ca\\\/#\\\/schema\\\/person\\\/931e40c1179ecf352012690d06c032f4\",\"name\":\"Comunicaci\u00f3 Cercle de Cultura\",\"image\":{\"@type\":\"ImageObject\",\"inLanguage\":\"ca\",\"@id\":\"https:\\\/\\\/secure.gravatar.com\\\/avatar\\\/46c76410f5e9186d043ead05387a12bf4af192b9a85fac81aaa84c02b822a715?s=96&d=mm&r=g\",\"url\":\"https:\\\/\\\/secure.gravatar.com\\\/avatar\\\/46c76410f5e9186d043ead05387a12bf4af192b9a85fac81aaa84c02b822a715?s=96&d=mm&r=g\",\"contentUrl\":\"https:\\\/\\\/secure.gravatar.com\\\/avatar\\\/46c76410f5e9186d043ead05387a12bf4af192b9a85fac81aaa84c02b822a715?s=96&d=mm&r=g\",\"caption\":\"Comunicaci\u00f3 Cercle de Cultura\"},\"sameAs\":[\"https:\\\/\\\/www.cercledecultura.org\"],\"url\":\"https:\\\/\\\/www.cercledecultura.org\\\/ca\\\/author\\\/secretaria\\\/\"}]}<\/script>\n<!-- \/ Yoast SEO plugin. -->","yoast_head_json":{"title":"El Cercle de Cultura celebra la seva Assemblea anual - Cercle de Cultura","description":"El Cercle de Cultura va celebrar el passat 22 de juny la seva assemblea ordin\u00e0ria, corresponent a l'any 2021.","robots":{"index":"index","follow":"follow","max-snippet":"max-snippet:-1","max-image-preview":"max-image-preview:large","max-video-preview":"max-video-preview:-1"},"canonical":"https:\/\/www.cercledecultura.org\/ca\/cercle-de-cultura-celebra-la-seva-assemblea-anual\/","og_locale":"ca_ES","og_type":"article","og_title":"El Cercle de Cultura celebra la seva Assemblea anual - Cercle de Cultura","og_description":"El Cercle de Cultura va celebrar el passat 22 de juny la seva assemblea ordin\u00e0ria, corresponent a l'any 2021.","og_url":"https:\/\/www.cercledecultura.org\/ca\/cercle-de-cultura-celebra-la-seva-assemblea-anual\/","og_site_name":"Cercle de Cultura","article_published_time":"2021-06-30T11:59:50+00:00","article_modified_time":"2021-07-06T14:34:42+00:00","og_image":[{"width":640,"height":480,"url":"https:\/\/www.cercledecultura.org\/wp-content\/uploads\/2021\/06\/IMG_1185.jpg","type":"image\/jpeg"}],"author":"Comunicaci\u00f3 Cercle de Cultura","twitter_card":"summary_large_image","twitter_misc":{"Escrit per":"Comunicaci\u00f3 Cercle de Cultura","Temps estimat de lectura":"1 minut"},"schema":{"@context":"https:\/\/schema.org","@graph":[{"@type":"Article","@id":"https:\/\/www.cercledecultura.org\/ca\/cercle-de-cultura-celebra-la-seva-assemblea-anual\/#article","isPartOf":{"@id":"https:\/\/www.cercledecultura.org\/ca\/cercle-de-cultura-celebra-la-seva-assemblea-anual\/"},"author":{"name":"Comunicaci\u00f3 Cercle de Cultura","@id":"https:\/\/www.cercledecultura.org\/ca\/#\/schema\/person\/931e40c1179ecf352012690d06c032f4"},"headline":"El Cercle de Cultura celebra la seva Assemblea anual","datePublished":"2021-06-30T11:59:50+00:00","dateModified":"2021-07-06T14:34:42+00:00","mainEntityOfPage":{"@id":"https:\/\/www.cercledecultura.org\/ca\/cercle-de-cultura-celebra-la-seva-assemblea-anual\/"},"wordCount":172,"publisher":{"@id":"https:\/\/www.cercledecultura.org\/ca\/#organization"},"image":{"@id":"https:\/\/www.cercledecultura.org\/ca\/cercle-de-cultura-celebra-la-seva-assemblea-anual\/#primaryimage"},"thumbnailUrl":"https:\/\/www.cercledecultura.org\/wp-content\/uploads\/2021\/06\/IMG_1185.jpg","articleSection":["Activitats","Not\u00edcies"],"inLanguage":"ca"},{"@type":"WebPage","@id":"https:\/\/www.cercledecultura.org\/ca\/cercle-de-cultura-celebra-la-seva-assemblea-anual\/","url":"https:\/\/www.cercledecultura.org\/ca\/cercle-de-cultura-celebra-la-seva-assemblea-anual\/","name":"El Cercle de Cultura celebra la seva Assemblea anual - Cercle de Cultura","isPartOf":{"@id":"https:\/\/www.cercledecultura.org\/ca\/#website"},"primaryImageOfPage":{"@id":"https:\/\/www.cercledecultura.org\/ca\/cercle-de-cultura-celebra-la-seva-assemblea-anual\/#primaryimage"},"image":{"@id":"https:\/\/www.cercledecultura.org\/ca\/cercle-de-cultura-celebra-la-seva-assemblea-anual\/#primaryimage"},"thumbnailUrl":"https:\/\/www.cercledecultura.org\/wp-content\/uploads\/2021\/06\/IMG_1185.jpg","datePublished":"2021-06-30T11:59:50+00:00","dateModified":"2021-07-06T14:34:42+00:00","description":"El Cercle de Cultura va celebrar el passat 22 de juny la seva assemblea ordin\u00e0ria, corresponent a l'any 2021.","breadcrumb":{"@id":"https:\/\/www.cercledecultura.org\/ca\/cercle-de-cultura-celebra-la-seva-assemblea-anual\/#breadcrumb"},"inLanguage":"ca","potentialAction":[{"@type":"ReadAction","target":["https:\/\/www.cercledecultura.org\/ca\/cercle-de-cultura-celebra-la-seva-assemblea-anual\/"]}]},{"@type":"ImageObject","inLanguage":"ca","@id":"https:\/\/www.cercledecultura.org\/ca\/cercle-de-cultura-celebra-la-seva-assemblea-anual\/#primaryimage","url":"https:\/\/www.cercledecultura.org\/wp-content\/uploads\/2021\/06\/IMG_1185.jpg","contentUrl":"https:\/\/www.cercledecultura.org\/wp-content\/uploads\/2021\/06\/IMG_1185.jpg","width":640,"height":480},{"@type":"BreadcrumbList","@id":"https:\/\/www.cercledecultura.org\/ca\/cercle-de-cultura-celebra-la-seva-assemblea-anual\/#breadcrumb","itemListElement":[{"@type":"ListItem","position":1,"name":"Portada","item":"https:\/\/www.cercledecultura.org\/ca\/"},{"@type":"ListItem","position":2,"name":"El Cercle de Cultura celebra la seva Assemblea anual"}]},{"@type":"WebSite","@id":"https:\/\/www.cercledecultura.org\/ca\/#website","url":"https:\/\/www.cercledecultura.org\/ca\/","name":"Cercle de Cultura","description":"Entitat de car\u00e0cter privat i associatiu, independent, amb voluntat de participar en la vida p\u00fablica des de la pluralitat ideol\u00f2gica dels seus membres fundadors i futurs associats","publisher":{"@id":"https:\/\/www.cercledecultura.org\/ca\/#organization"},"potentialAction":[{"@type":"SearchAction","target":{"@type":"EntryPoint","urlTemplate":"https:\/\/www.cercledecultura.org\/ca\/?s={search_term_string}"},"query-input":{"@type":"PropertyValueSpecification","valueRequired":true,"valueName":"search_term_string"}}],"inLanguage":"ca"},{"@type":"Organization","@id":"https:\/\/www.cercledecultura.org\/ca\/#organization","name":"Cercle de Cultura","url":"https:\/\/www.cercledecultura.org\/ca\/","logo":{"@type":"ImageObject","inLanguage":"ca","@id":"https:\/\/www.cercledecultura.org\/ca\/#\/schema\/logo\/image\/","url":"https:\/\/www.cercledecultura.org\/wp-content\/uploads\/2020\/01\/logo-cercle-de-cultura.png","contentUrl":"https:\/\/www.cercledecultura.org\/wp-content\/uploads\/2020\/01\/logo-cercle-de-cultura.png","width":350,"height":195,"caption":"Cercle de Cultura"},"image":{"@id":"https:\/\/www.cercledecultura.org\/ca\/#\/schema\/logo\/image\/"}},{"@type":"Person","@id":"https:\/\/www.cercledecultura.org\/ca\/#\/schema\/person\/931e40c1179ecf352012690d06c032f4","name":"Comunicaci\u00f3 Cercle de Cultura","image":{"@type":"ImageObject","inLanguage":"ca","@id":"https:\/\/secure.gravatar.com\/avatar\/46c76410f5e9186d043ead05387a12bf4af192b9a85fac81aaa84c02b822a715?s=96&d=mm&r=g","url":"https:\/\/secure.gravatar.com\/avatar\/46c76410f5e9186d043ead05387a12bf4af192b9a85fac81aaa84c02b822a715?s=96&d=mm&r=g","contentUrl":"https:\/\/secure.gravatar.com\/avatar\/46c76410f5e9186d043ead05387a12bf4af192b9a85fac81aaa84c02b822a715?s=96&d=mm&r=g","caption":"Comunicaci\u00f3 Cercle de Cultura"},"sameAs":["https:\/\/www.cercledecultura.org"],"url":"https:\/\/www.cercledecultura.org\/ca\/author\/secretaria\/"}]}},"_links":{"self":[{"href":"https:\/\/www.cercledecultura.org\/ca\/wp-json\/wp\/v2\/posts\/2338","targetHints":{"allow":["GET"]}}],"collection":[{"href":"https:\/\/www.cercledecultura.org\/ca\/wp-json\/wp\/v2\/posts"}],"about":[{"href":"https:\/\/www.cercledecultura.org\/ca\/wp-json\/wp\/v2\/types\/post"}],"author":[{"embeddable":true,"href":"https:\/\/www.cercledecultura.org\/ca\/wp-json\/wp\/v2\/users\/2"}],"replies":[{"embeddable":true,"href":"https:\/\/www.cercledecultura.org\/ca\/wp-json\/wp\/v2\/comments?post=2338"}],"version-history":[{"count":8,"href":"https:\/\/www.cercledecultura.org\/ca\/wp-json\/wp\/v2\/posts\/2338\/revisions"}],"predecessor-version":[{"id":2359,"href":"https:\/\/www.cercledecultura.org\/ca\/wp-json\/wp\/v2\/posts\/2338\/revisions\/2359"}],"wp:featuredmedia":[{"embeddable":true,"href":"https:\/\/www.cercledecultura.org\/ca\/wp-json\/wp\/v2\/media\/2343"}],"wp:attachment":[{"href":"https:\/\/www.cercledecultura.org\/ca\/wp-json\/wp\/v2\/media?parent=2338"}],"wp:term":[{"taxonomy":"category","embeddable":true,"href":"https:\/\/www.cercledecultura.org\/ca\/wp-json\/wp\/v2\/categories?post=2338"},{"taxonomy":"post_tag","embeddable":true,"href":"https:\/\/www.cercledecultura.org\/ca\/wp-json\/wp\/v2\/tags?post=2338"}],"curies":[{"name":"wp","href":"https:\/\/api.w.org\/{rel}","templated":true}]}}