{"id":104,"date":"2020-01-10T08:48:59","date_gmt":"2020-01-10T08:48:59","guid":{"rendered":"https:\/\/pre.cercledecultura.org\/?p=104"},"modified":"2026-03-05T18:50:56","modified_gmt":"2026-03-05T16:50:56","slug":"40-anys-de-federacio-catalana-de-cineclubs-cinema-i-cultura-popular","status":"publish","type":"post","link":"https:\/\/www.cercledecultura.org\/ca\/40-anys-de-federacio-catalana-de-cineclubs-cinema-i-cultura-popular\/","title":{"rendered":"40 anys de Federaci\u00f3 Catalana de Cineclubs: cinema i cultura popular"},"content":{"rendered":"\r\n<p><em>Tariq Porter, president de la Federaci\u00f3 Catalana de Cineclubs, amb motiu del 40\u00e8 aniversari de l&#8217;entitat i de la propera celebraci\u00f3 de la 14 trobada de Cineclubs dels Pa\u00efsos Catalans a Reus, ha escrit aquest article per al portal del Cercle de Cultura, on reflexiona sobre el paper d&#8217;aquestes entitats culturals arreu del territori:<\/em><\/p>\r\n\r\n\r\n\r\n<p>La cultura popular catalana es caracteritza, entre altres coses, pel seu esperit participatiu i inherentment democr\u00e0tic. Des de les danses tradicionals, sardana o ball de bastons, a celebracions com els castellers o els correfocs, es traspua sensibilitat per la col\u00b7lectivitat tant en el qu\u00e8 com en el com: tot plegat s\u00f3n cerim\u00f2nies on les jerarquies es desdibuixen en l\u2019acci\u00f3 i en l\u2019organitzaci\u00f3, associacions m\u00e9s formals o menys regides per grups de persones que es van renovant cada generaci\u00f3 que passa, vocacional o demogr\u00e0fica. Amb aquests precedents, qualsevol expressi\u00f3 susceptible d\u2019encaixar-hi fa que tot plegat sigui nom\u00e9s q\u00fcesti\u00f3 de temps. A prop\u00f2sit del seu pas, estem de celebraci\u00f3. El 2018 es complia l\u2019efem\u00e8ride dels 40 anys d\u2019exist\u00e8ncia de la Federaci\u00f3 Catalana de Cineclubs, instituci\u00f3 que actualment aglutina 54 cineclubs als pa\u00efsos catalans: de Val\u00e8ncia, de Balears, d\u2019Andorra i de Catalunya.\u00a0<\/p>\r\n\r\n\r\n\r\n<p>El cinema \u00e9s un art en ess\u00e8ncia col\u00b7lectiu, per qui el fa i per qui el consumeix. Per aix\u00f2, era inevitable que els cineclubs \u2013p\u00fablic que s\u2019organitza per projectar i debatre cinema\u2013 entressin a formar part del teixit associatiu, popular i cultural d\u2019aquest pa\u00eds. La Federaci\u00f3 fa quaranta anys per\u00f2 els cineclubs catalans fa molt m\u00e9s temps que s\u00f3n actius, sempre inevitablement connectats a les inquietuds i necessitats de cada moment. Quan el cinema \u00e9s censurat s\u00f3n agents anticensura; quan el cinema no arriba s\u00f3n ambaixadors extramurs; quan no hi ha sala de cinema s\u2019hi converteixen; quan veure un film \u00e9s massa introspectiu s\u00f3n altaveus de reflexi\u00f3. En definitiva, els cineclubs formen part d\u2019aquesta cultura conven\u00e7udament accessible \u2013o generadora d\u2019accessos\u2013 que enriqueix art\u00edsticament i intel\u00b7lectual tothom qui ho vol.<\/p>\r\n\r\n\r\n\r\n<p>Els cineclubs, durant 2018, van programar, nom\u00e9s a trav\u00e9s de la FCC, 850 pel\u00b7l\u00edcules \u2013r\u00e8cord hist\u00f2ric\u2013, amb un \u00edndex d\u2019assist\u00e8ncia mitj\u00e0 d\u2019unes 60 persones. Aquestes, sumades a la resta, fan un total d\u2019uns 80 mil espectadors a l\u2019any als cineclubs catalans, xifra que d\u00f3na una idea de la seva rellev\u00e0ncia en el sector de l\u2019exhibici\u00f3 cinematogr\u00e0fica. I \u00e9s que, m\u00e9s enll\u00e0 dels n\u00fameros, hi ha dues raons per les quals el cineclubisme no perd mai la vig\u00e8ncia, especialment en els temps que corren, en l&#8217;\u00e0mbit cultural, social i pol\u00edtic. La primera \u00e9s la seva mateixa concepci\u00f3: el p\u00fablic determina; el p\u00fablic fa seu, a trav\u00e9s d\u2019una pulsi\u00f3 i inquietud art\u00edstica, el dret a decidir qu\u00e8 vol veure, qu\u00e8 li interessa, i qu\u00e8 \u00e9s susceptible d\u2019interessar a la gent. La segona \u00e9s el di\u00e0leg que en sorgeix a trav\u00e9s del que es veu, sigui a trav\u00e9s de presentacions, col\u00b7loquis, tallers, cinef\u00f2rums o una simple cervesa en sortir: en definitiva, la llibertat d\u2019expressar-se canalitzada a trav\u00e9s del set\u00e8 art. I encara hi ha una tercera ra\u00f3: en temps de plataformes digitals i cat\u00e0legs de cinema infinits, en temps que, com indica l\u2019estudi recentment publicat per l\u2019Acad\u00e8mia del Cinema Catal\u00e0, l\u2019exhibici\u00f3 cinematogr\u00e0fica al pa\u00eds est\u00e0 canviant, definitivament i per sempre, cap a nous models, creix arreu la reivindicaci\u00f3 d\u2019aquesta com una expressi\u00f3 col\u00b7lectiva i immersiva, experi\u00e8ncia compartida i sensorial. Tamb\u00e9 per aix\u00f2, lluny del lucre minvant de la majoria de sales comercials, els cineclubs seguiran sent grans refugis de cinef\u00edlia.<\/p>\r\n\r\n\r\n\r\n<p>Els projectes i reptes que afronta la Federaci\u00f3 en els seus quaranta anys demanen refor\u00e7ar els lligams entre cineclubs i procurar ser un enlla\u00e7 entre aquests i les institucions del pa\u00eds. Amb la Filmoteca de Catalunya, per exemple, s\u2019ha impulsat la Filmoxarxa, un atractiu cat\u00e0leg de cinema recent in\u00e8dit \u2013sense distribuci\u00f3 al pa\u00eds\u2013 que des de 2018 es facilita als cineclubs perqu\u00e8 el programin gratu\u00eftament, i que es renova cada any amb nous t\u00edtols. Aquest cat\u00e0leg compta, tamb\u00e9, amb cl\u00e0ssics catalans de gran inter\u00e8s, com La pell cremada, Vida en sombras o Los Tarantos, i tot plegat enriqueix encara m\u00e9s l\u2019exhibici\u00f3 cinematogr\u00e0fica dels cineclubs, que \u2013val la pena esmentar-ho\u2013 a m\u00e9s de m\u00e9s p\u00fablic a les sessions, t\u00e9 un alt \u00edndex de cinema programat en versi\u00f3 original subtitulada (65% del total), de cinema catal\u00e0 (14%, pel 5% de les sales comercials) i en catal\u00e0 (26%, pel 2% de les sales comercials), i molta m\u00e9s heterog\u00e8nia de nacionalitats. Aquesta mateixa col\u00b7laboraci\u00f3 amb la Filmoteca ha possibilitat realitzar una exposici\u00f3 que, fins gener, es podr\u00e0 veure a les seves instal\u00b7lacions, i que repassa la hist\u00f2ria dels cineclubs a Catalunya i la mateixa FCC; de com en aquests quaranta anys, persones d\u2019arreu\u00a0interessades pel cinema, han anat construint una estructura organitzativa que ha perm\u00e8s arribar on som avui.\u00a0<\/p>\r\n","protected":false},"excerpt":{"rendered":"<p>Tariq Porter, president de la Federaci\u00f3 Catalana de Cineclubs, amb motiu del 40\u00e8 aniversari de l&#8217;entitat i de la propera celebraci\u00f3 de la 14 trobada de Cineclubs dels Pa\u00efsos Catalans a Reus, ha escrit aquest article per al portal del Cercle de Cultura, on reflexiona sobre el paper d&#8217;aquestes entitats culturals arreu del territori.<\/p>\n","protected":false},"author":1,"featured_media":0,"comment_status":"open","ping_status":"closed","sticky":false,"template":"","format":"standard","meta":{"footnotes":""},"categories":[24,32],"tags":[30,22,31,29],"class_list":["post-104","post","type-post","status-publish","format-standard","hentry","category-opinio","category-recent","tag-cineclub","tag-cinema","tag-cultura-popular","tag-tariq-porter"],"yoast_head":"<!-- This site is optimized with the Yoast SEO plugin v27.5 - https:\/\/yoast.com\/product\/yoast-seo-wordpress\/ -->\n<title>40 anys de Federaci\u00f3 Catalana de Cineclubs: cinema i cultura popular - Cercle de Cultura<\/title>\n<meta name=\"robots\" content=\"index, follow, max-snippet:-1, max-image-preview:large, max-video-preview:-1\" \/>\n<link rel=\"canonical\" href=\"https:\/\/www.cercledecultura.org\/ca\/40-anys-de-federacio-catalana-de-cineclubs-cinema-i-cultura-popular\/\" \/>\n<meta property=\"og:locale\" content=\"ca_ES\" \/>\n<meta property=\"og:type\" content=\"article\" \/>\n<meta property=\"og:title\" content=\"40 anys de Federaci\u00f3 Catalana de Cineclubs: cinema i cultura popular - Cercle de Cultura\" \/>\n<meta property=\"og:description\" content=\"Tariq Porter, president de la Federaci\u00f3 Catalana de Cineclubs, amb motiu del 40\u00e8 aniversari de l&#039;entitat i de la propera celebraci\u00f3 de la 14 trobada de Cineclubs dels Pa\u00efsos Catalans a Reus, ha escrit aquest article per al portal del Cercle de Cultura, on reflexiona sobre el paper d&#039;aquestes entitats culturals arreu del territori.\" \/>\n<meta property=\"og:url\" content=\"https:\/\/www.cercledecultura.org\/ca\/40-anys-de-federacio-catalana-de-cineclubs-cinema-i-cultura-popular\/\" \/>\n<meta property=\"og:site_name\" content=\"Cercle de Cultura\" \/>\n<meta property=\"article:published_time\" content=\"2020-01-10T08:48:59+00:00\" \/>\n<meta property=\"article:modified_time\" content=\"2026-03-05T16:50:56+00:00\" \/>\n<meta property=\"og:image\" content=\"https:\/\/www.cercledecultura.org\/wp-content\/uploads\/2020\/01\/HFmxoYNCm0mlHDQP1yc0g.jpg\" \/>\n\t<meta property=\"og:image:width\" content=\"800\" \/>\n\t<meta property=\"og:image:height\" content=\"400\" \/>\n\t<meta property=\"og:image:type\" content=\"image\/jpeg\" \/>\n<meta name=\"author\" content=\"admin\" \/>\n<meta name=\"twitter:card\" content=\"summary_large_image\" \/>\n<meta name=\"twitter:label1\" content=\"Escrit per\" \/>\n\t<meta name=\"twitter:data1\" content=\"admin\" \/>\n\t<meta name=\"twitter:label2\" content=\"Temps estimat de lectura\" \/>\n\t<meta name=\"twitter:data2\" content=\"4 minuts\" \/>\n<script type=\"application\/ld+json\" class=\"yoast-schema-graph\">{\"@context\":\"https:\\\/\\\/schema.org\",\"@graph\":[{\"@type\":\"Article\",\"@id\":\"https:\\\/\\\/www.cercledecultura.org\\\/ca\\\/40-anys-de-federacio-catalana-de-cineclubs-cinema-i-cultura-popular\\\/#article\",\"isPartOf\":{\"@id\":\"https:\\\/\\\/www.cercledecultura.org\\\/ca\\\/40-anys-de-federacio-catalana-de-cineclubs-cinema-i-cultura-popular\\\/\"},\"author\":{\"name\":\"admin\",\"@id\":\"https:\\\/\\\/www.cercledecultura.org\\\/ca\\\/#\\\/schema\\\/person\\\/269db25cfadcb4bd2e41781c819942f9\"},\"headline\":\"40 anys de Federaci\u00f3 Catalana de Cineclubs: cinema i cultura popular\",\"datePublished\":\"2020-01-10T08:48:59+00:00\",\"dateModified\":\"2026-03-05T16:50:56+00:00\",\"mainEntityOfPage\":{\"@id\":\"https:\\\/\\\/www.cercledecultura.org\\\/ca\\\/40-anys-de-federacio-catalana-de-cineclubs-cinema-i-cultura-popular\\\/\"},\"wordCount\":886,\"commentCount\":0,\"publisher\":{\"@id\":\"https:\\\/\\\/www.cercledecultura.org\\\/ca\\\/#organization\"},\"keywords\":[\"cineclub\",\"Cinema\",\"cultura popular\",\"Tariq Porter\"],\"articleSection\":[\"Opini\u00f3\",\"Recent\"],\"inLanguage\":\"ca\",\"potentialAction\":[{\"@type\":\"CommentAction\",\"name\":\"Comment\",\"target\":[\"https:\\\/\\\/www.cercledecultura.org\\\/ca\\\/40-anys-de-federacio-catalana-de-cineclubs-cinema-i-cultura-popular\\\/#respond\"]}]},{\"@type\":\"WebPage\",\"@id\":\"https:\\\/\\\/www.cercledecultura.org\\\/ca\\\/40-anys-de-federacio-catalana-de-cineclubs-cinema-i-cultura-popular\\\/\",\"url\":\"https:\\\/\\\/www.cercledecultura.org\\\/ca\\\/40-anys-de-federacio-catalana-de-cineclubs-cinema-i-cultura-popular\\\/\",\"name\":\"40 anys de Federaci\u00f3 Catalana de Cineclubs: cinema i cultura popular - Cercle de Cultura\",\"isPartOf\":{\"@id\":\"https:\\\/\\\/www.cercledecultura.org\\\/ca\\\/#website\"},\"datePublished\":\"2020-01-10T08:48:59+00:00\",\"dateModified\":\"2026-03-05T16:50:56+00:00\",\"breadcrumb\":{\"@id\":\"https:\\\/\\\/www.cercledecultura.org\\\/ca\\\/40-anys-de-federacio-catalana-de-cineclubs-cinema-i-cultura-popular\\\/#breadcrumb\"},\"inLanguage\":\"ca\",\"potentialAction\":[{\"@type\":\"ReadAction\",\"target\":[\"https:\\\/\\\/www.cercledecultura.org\\\/ca\\\/40-anys-de-federacio-catalana-de-cineclubs-cinema-i-cultura-popular\\\/\"]}]},{\"@type\":\"BreadcrumbList\",\"@id\":\"https:\\\/\\\/www.cercledecultura.org\\\/ca\\\/40-anys-de-federacio-catalana-de-cineclubs-cinema-i-cultura-popular\\\/#breadcrumb\",\"itemListElement\":[{\"@type\":\"ListItem\",\"position\":1,\"name\":\"Portada\",\"item\":\"https:\\\/\\\/www.cercledecultura.org\\\/ca\\\/\"},{\"@type\":\"ListItem\",\"position\":2,\"name\":\"40 anys de Federaci\u00f3 Catalana de Cineclubs: cinema i cultura popular\"}]},{\"@type\":\"WebSite\",\"@id\":\"https:\\\/\\\/www.cercledecultura.org\\\/ca\\\/#website\",\"url\":\"https:\\\/\\\/www.cercledecultura.org\\\/ca\\\/\",\"name\":\"Cercle de Cultura\",\"description\":\"Entitat de car\u00e0cter privat i associatiu, independent, amb voluntat de participar en la vida p\u00fablica des de la pluralitat ideol\u00f2gica dels seus membres fundadors i futurs associats\",\"publisher\":{\"@id\":\"https:\\\/\\\/www.cercledecultura.org\\\/ca\\\/#organization\"},\"potentialAction\":[{\"@type\":\"SearchAction\",\"target\":{\"@type\":\"EntryPoint\",\"urlTemplate\":\"https:\\\/\\\/www.cercledecultura.org\\\/ca\\\/?s={search_term_string}\"},\"query-input\":{\"@type\":\"PropertyValueSpecification\",\"valueRequired\":true,\"valueName\":\"search_term_string\"}}],\"inLanguage\":\"ca\"},{\"@type\":\"Organization\",\"@id\":\"https:\\\/\\\/www.cercledecultura.org\\\/ca\\\/#organization\",\"name\":\"Cercle de Cultura\",\"url\":\"https:\\\/\\\/www.cercledecultura.org\\\/ca\\\/\",\"logo\":{\"@type\":\"ImageObject\",\"inLanguage\":\"ca\",\"@id\":\"https:\\\/\\\/www.cercledecultura.org\\\/ca\\\/#\\\/schema\\\/logo\\\/image\\\/\",\"url\":\"https:\\\/\\\/www.cercledecultura.org\\\/wp-content\\\/uploads\\\/2020\\\/01\\\/logo-cercle-de-cultura.png\",\"contentUrl\":\"https:\\\/\\\/www.cercledecultura.org\\\/wp-content\\\/uploads\\\/2020\\\/01\\\/logo-cercle-de-cultura.png\",\"width\":350,\"height\":195,\"caption\":\"Cercle de Cultura\"},\"image\":{\"@id\":\"https:\\\/\\\/www.cercledecultura.org\\\/ca\\\/#\\\/schema\\\/logo\\\/image\\\/\"}},{\"@type\":\"Person\",\"@id\":\"https:\\\/\\\/www.cercledecultura.org\\\/ca\\\/#\\\/schema\\\/person\\\/269db25cfadcb4bd2e41781c819942f9\",\"name\":\"admin\",\"image\":{\"@type\":\"ImageObject\",\"inLanguage\":\"ca\",\"@id\":\"https:\\\/\\\/secure.gravatar.com\\\/avatar\\\/e88a8bb50a361c6d45c4709770a3d765016be4b5d85313447b91d0d707434ad9?s=96&d=mm&r=g\",\"url\":\"https:\\\/\\\/secure.gravatar.com\\\/avatar\\\/e88a8bb50a361c6d45c4709770a3d765016be4b5d85313447b91d0d707434ad9?s=96&d=mm&r=g\",\"contentUrl\":\"https:\\\/\\\/secure.gravatar.com\\\/avatar\\\/e88a8bb50a361c6d45c4709770a3d765016be4b5d85313447b91d0d707434ad9?s=96&d=mm&r=g\",\"caption\":\"admin\"},\"url\":\"https:\\\/\\\/www.cercledecultura.org\\\/ca\\\/author\\\/seic_trzh7tdr\\\/\"}]}<\/script>\n<!-- \/ Yoast SEO plugin. -->","yoast_head_json":{"title":"40 anys de Federaci\u00f3 Catalana de Cineclubs: cinema i cultura popular - Cercle de Cultura","robots":{"index":"index","follow":"follow","max-snippet":"max-snippet:-1","max-image-preview":"max-image-preview:large","max-video-preview":"max-video-preview:-1"},"canonical":"https:\/\/www.cercledecultura.org\/ca\/40-anys-de-federacio-catalana-de-cineclubs-cinema-i-cultura-popular\/","og_locale":"ca_ES","og_type":"article","og_title":"40 anys de Federaci\u00f3 Catalana de Cineclubs: cinema i cultura popular - Cercle de Cultura","og_description":"Tariq Porter, president de la Federaci\u00f3 Catalana de Cineclubs, amb motiu del 40\u00e8 aniversari de l'entitat i de la propera celebraci\u00f3 de la 14 trobada de Cineclubs dels Pa\u00efsos Catalans a Reus, ha escrit aquest article per al portal del Cercle de Cultura, on reflexiona sobre el paper d'aquestes entitats culturals arreu del territori.","og_url":"https:\/\/www.cercledecultura.org\/ca\/40-anys-de-federacio-catalana-de-cineclubs-cinema-i-cultura-popular\/","og_site_name":"Cercle de Cultura","article_published_time":"2020-01-10T08:48:59+00:00","article_modified_time":"2026-03-05T16:50:56+00:00","og_image":[{"width":800,"height":400,"url":"https:\/\/www.cercledecultura.org\/wp-content\/uploads\/2020\/01\/HFmxoYNCm0mlHDQP1yc0g.jpg","type":"image\/jpeg"}],"author":"admin","twitter_card":"summary_large_image","twitter_misc":{"Escrit per":"admin","Temps estimat de lectura":"4 minuts"},"schema":{"@context":"https:\/\/schema.org","@graph":[{"@type":"Article","@id":"https:\/\/www.cercledecultura.org\/ca\/40-anys-de-federacio-catalana-de-cineclubs-cinema-i-cultura-popular\/#article","isPartOf":{"@id":"https:\/\/www.cercledecultura.org\/ca\/40-anys-de-federacio-catalana-de-cineclubs-cinema-i-cultura-popular\/"},"author":{"name":"admin","@id":"https:\/\/www.cercledecultura.org\/ca\/#\/schema\/person\/269db25cfadcb4bd2e41781c819942f9"},"headline":"40 anys de Federaci\u00f3 Catalana de Cineclubs: cinema i cultura popular","datePublished":"2020-01-10T08:48:59+00:00","dateModified":"2026-03-05T16:50:56+00:00","mainEntityOfPage":{"@id":"https:\/\/www.cercledecultura.org\/ca\/40-anys-de-federacio-catalana-de-cineclubs-cinema-i-cultura-popular\/"},"wordCount":886,"commentCount":0,"publisher":{"@id":"https:\/\/www.cercledecultura.org\/ca\/#organization"},"keywords":["cineclub","Cinema","cultura popular","Tariq Porter"],"articleSection":["Opini\u00f3","Recent"],"inLanguage":"ca","potentialAction":[{"@type":"CommentAction","name":"Comment","target":["https:\/\/www.cercledecultura.org\/ca\/40-anys-de-federacio-catalana-de-cineclubs-cinema-i-cultura-popular\/#respond"]}]},{"@type":"WebPage","@id":"https:\/\/www.cercledecultura.org\/ca\/40-anys-de-federacio-catalana-de-cineclubs-cinema-i-cultura-popular\/","url":"https:\/\/www.cercledecultura.org\/ca\/40-anys-de-federacio-catalana-de-cineclubs-cinema-i-cultura-popular\/","name":"40 anys de Federaci\u00f3 Catalana de Cineclubs: cinema i cultura popular - Cercle de Cultura","isPartOf":{"@id":"https:\/\/www.cercledecultura.org\/ca\/#website"},"datePublished":"2020-01-10T08:48:59+00:00","dateModified":"2026-03-05T16:50:56+00:00","breadcrumb":{"@id":"https:\/\/www.cercledecultura.org\/ca\/40-anys-de-federacio-catalana-de-cineclubs-cinema-i-cultura-popular\/#breadcrumb"},"inLanguage":"ca","potentialAction":[{"@type":"ReadAction","target":["https:\/\/www.cercledecultura.org\/ca\/40-anys-de-federacio-catalana-de-cineclubs-cinema-i-cultura-popular\/"]}]},{"@type":"BreadcrumbList","@id":"https:\/\/www.cercledecultura.org\/ca\/40-anys-de-federacio-catalana-de-cineclubs-cinema-i-cultura-popular\/#breadcrumb","itemListElement":[{"@type":"ListItem","position":1,"name":"Portada","item":"https:\/\/www.cercledecultura.org\/ca\/"},{"@type":"ListItem","position":2,"name":"40 anys de Federaci\u00f3 Catalana de Cineclubs: cinema i cultura popular"}]},{"@type":"WebSite","@id":"https:\/\/www.cercledecultura.org\/ca\/#website","url":"https:\/\/www.cercledecultura.org\/ca\/","name":"Cercle de Cultura","description":"Entitat de car\u00e0cter privat i associatiu, independent, amb voluntat de participar en la vida p\u00fablica des de la pluralitat ideol\u00f2gica dels seus membres fundadors i futurs associats","publisher":{"@id":"https:\/\/www.cercledecultura.org\/ca\/#organization"},"potentialAction":[{"@type":"SearchAction","target":{"@type":"EntryPoint","urlTemplate":"https:\/\/www.cercledecultura.org\/ca\/?s={search_term_string}"},"query-input":{"@type":"PropertyValueSpecification","valueRequired":true,"valueName":"search_term_string"}}],"inLanguage":"ca"},{"@type":"Organization","@id":"https:\/\/www.cercledecultura.org\/ca\/#organization","name":"Cercle de Cultura","url":"https:\/\/www.cercledecultura.org\/ca\/","logo":{"@type":"ImageObject","inLanguage":"ca","@id":"https:\/\/www.cercledecultura.org\/ca\/#\/schema\/logo\/image\/","url":"https:\/\/www.cercledecultura.org\/wp-content\/uploads\/2020\/01\/logo-cercle-de-cultura.png","contentUrl":"https:\/\/www.cercledecultura.org\/wp-content\/uploads\/2020\/01\/logo-cercle-de-cultura.png","width":350,"height":195,"caption":"Cercle de Cultura"},"image":{"@id":"https:\/\/www.cercledecultura.org\/ca\/#\/schema\/logo\/image\/"}},{"@type":"Person","@id":"https:\/\/www.cercledecultura.org\/ca\/#\/schema\/person\/269db25cfadcb4bd2e41781c819942f9","name":"admin","image":{"@type":"ImageObject","inLanguage":"ca","@id":"https:\/\/secure.gravatar.com\/avatar\/e88a8bb50a361c6d45c4709770a3d765016be4b5d85313447b91d0d707434ad9?s=96&d=mm&r=g","url":"https:\/\/secure.gravatar.com\/avatar\/e88a8bb50a361c6d45c4709770a3d765016be4b5d85313447b91d0d707434ad9?s=96&d=mm&r=g","contentUrl":"https:\/\/secure.gravatar.com\/avatar\/e88a8bb50a361c6d45c4709770a3d765016be4b5d85313447b91d0d707434ad9?s=96&d=mm&r=g","caption":"admin"},"url":"https:\/\/www.cercledecultura.org\/ca\/author\/seic_trzh7tdr\/"}]}},"_links":{"self":[{"href":"https:\/\/www.cercledecultura.org\/ca\/wp-json\/wp\/v2\/posts\/104","targetHints":{"allow":["GET"]}}],"collection":[{"href":"https:\/\/www.cercledecultura.org\/ca\/wp-json\/wp\/v2\/posts"}],"about":[{"href":"https:\/\/www.cercledecultura.org\/ca\/wp-json\/wp\/v2\/types\/post"}],"author":[{"embeddable":true,"href":"https:\/\/www.cercledecultura.org\/ca\/wp-json\/wp\/v2\/users\/1"}],"replies":[{"embeddable":true,"href":"https:\/\/www.cercledecultura.org\/ca\/wp-json\/wp\/v2\/comments?post=104"}],"version-history":[{"count":2,"href":"https:\/\/www.cercledecultura.org\/ca\/wp-json\/wp\/v2\/posts\/104\/revisions"}],"predecessor-version":[{"id":3402,"href":"https:\/\/www.cercledecultura.org\/ca\/wp-json\/wp\/v2\/posts\/104\/revisions\/3402"}],"wp:attachment":[{"href":"https:\/\/www.cercledecultura.org\/ca\/wp-json\/wp\/v2\/media?parent=104"}],"wp:term":[{"taxonomy":"category","embeddable":true,"href":"https:\/\/www.cercledecultura.org\/ca\/wp-json\/wp\/v2\/categories?post=104"},{"taxonomy":"post_tag","embeddable":true,"href":"https:\/\/www.cercledecultura.org\/ca\/wp-json\/wp\/v2\/tags?post=104"}],"curies":[{"name":"wp","href":"https:\/\/api.w.org\/{rel}","templated":true}]}}